{"id":11564,"date":"2023-01-13T00:00:00","date_gmt":"2023-01-12T23:00:00","guid":{"rendered":"https:\/\/www.vsacomunicacion.com\/the-last-of-us-promete-ser-un-exito\/"},"modified":"2023-01-13T00:00:00","modified_gmt":"2023-01-12T23:00:00","slug":"the-last-of-us-promete-ser-un-exito","status":"publish","type":"post","link":"https:\/\/www.vsacomunicacion.com\/en\/the-last-of-us-promete-ser-un-exito\/","title":{"rendered":"&#8220;The Last of us&#8221; promete ser un \u00e9xito"},"content":{"rendered":"\n<p>El pr\u00f3ximo 15 de enero <a href=\"https:\/\/www.hbomax.com\/\" title=\"HBO MAX\" target=\"_blank\" rel=\"noopener\">HBO MAX<\/a> estrena en todo el mundo &#8220;The Last Of Us&#8221;, una de las series m\u00e1s esperadas de los \u00faltimos tiempos, adaptaci\u00f3n de uno de los mejores videojuegos existentes. <\/p>\n\n\n\n<figure class=\"wp-block-image size-large\"><img decoding=\"async\" src=\"https:\/\/www.vsacomunicacion.com\/wp-content\/uploads\/2023\/02\/HBO_1-1024x683-1.jpg\" alt=\"\" class=\"wp-image-6645\"\/><figcaption>Lona HBO &#8220;The last of Us&#8221; en Barcelona<\/figcaption><\/figure>\n\n\n\n<p><strong>The Last of Us<\/strong>, se estrena en una gran lona en la calle Balmes de Barcelona y ha sido instalada por <a href=\"https:\/\/www.vsacomunicacion.com\/es\/default.asp\" title=\"VSA\">VSA<\/a>. La primera temporada consta de 10 episodios y est\u00e1 escrita y dise\u00f1ada de una forma claramente cinematogr\u00e1fica, ambientada en un futuro no muy lejano donde un extra\u00f1o virus ha acabado con la civilizaci\u00f3n, transformando a la gente en extra\u00f1as criaturas conocidas como &#8220;infectados&#8221;.<\/p>\n\n\n\n<p>Los protagonistas de la historia hacen un papel incre\u00edble&nbsp;<strong>Joel y Ellie<\/strong>, dos supervivientes que en un principio no se conocen pero que acabar\u00e1n entablando una muy buena amistad. Joel, debido a una serie de acontecimientos inesperados, deber\u00e1 a proteger a la peque\u00f1a Ellie de aquellos que quieren capturarla. Ellie, por su parte, es la pieza m\u00e1s importante de la historia: es inmune al virus.<\/p>\n\n\n\n<p>Joel, atormentado por el trauma y el fracaso del pasado, deber\u00e1 atravesar una Am\u00e9rica irreconocible por la pandemia, mientras protege a Ellie que representa la \u00faltima esperanza de la humanidad. <a href=\"https:\/\/www.instagram.com\/pascalispunk\/?hl=en\" title=\"Pedro Pascal,\" target=\"_blank\" rel=\"noopener\"><strong>Pedro Pascal<\/strong>,<\/a> es el protagonista de la historia y adem\u00e1s de su espectacular atractivo f\u00edsico se ha convertido en toda una estrella gracias a su excelente trabajo en famosas series como&nbsp;<a href=\"https:\/\/www.espinof.com\/tag\/narcos\" title=\"Narcos\" target=\"_blank\" rel=\"noopener\">Narcos<\/a>&nbsp;o&nbsp;<a href=\"https:\/\/www.espinof.com\/tag\/juego-de-tronos\" title=\"juego de tronos\" target=\"_blank\" rel=\"noopener\">Juego de Tronos<\/a>, pero sobre todo por la m\u00e1s reciente&nbsp;interpretaci\u00f3n en <a href=\"https:\/\/www.espinof.com\/tag\/the-mandalorian\" title=\"mandalorian\" target=\"_blank\" rel=\"noopener\">The Mandalorian<\/a>&nbsp;de Disney+.<\/p>\n\n\n\n<figure class=\"wp-block-image size-large\"><img decoding=\"async\" src=\"https:\/\/www.vsacomunicacion.com\/wp-content\/uploads\/2023\/02\/joel-BLOG-1.jpg\" alt=\"\" class=\"wp-image-6647\"\/><figcaption>Joel es Pedro Abascal<\/figcaption><\/figure>\n\n\n\n<p>A&nbsp;<strong>Bella Ramsey<\/strong>&nbsp;la hemos visto tambi\u00e9n en&nbsp;<strong>Juego de Tronos<\/strong>, donde apareci\u00f3 en unos pocos cap\u00edtulos encarnando a Lyanna Mormont pero no nos dej\u00f3 indiferentes. Tambi\u00e9n ha actuado en la segunda temporada de&nbsp;<a href=\"https:\/\/www.espinof.com\/tag\/la-materia-oscura\" title=\"materia oscura\" target=\"_blank\" rel=\"noopener\">La Materia Oscura<\/a>. Ambas series son originales de HBO, con lo cual para ella ser\u00e1 como seguir en casa.&nbsp;<\/p>\n\n\n\n<p><strong><a href=\"https:\/\/www.instagram.com\/bellaramsey\/?hl=en\" title=\"Bella Ramsey\" target=\"_blank\" rel=\"noopener\">Bella Ramsey<\/a><\/strong>, en la serie encarna a una ni\u00f1a de 14 a\u00f1os, que vive en una zona en cuarentena, y es la clave para encontrar una cura definitiva al virus que ha acabado casi con la humanidad. Lo que comienza como un trabajo peque\u00f1o se convierte en un viaje brutal y desgarrador que no debes perderte&#8230;<\/p>\n\n\n\n<figure class=\"wp-block-image size-large\"><img decoding=\"async\" src=\"https:\/\/www.vsacomunicacion.com\/wp-content\/uploads\/2023\/02\/ellie-BLOG-1.jpg\" alt=\"\" class=\"wp-image-6648\"\/><figcaption>Bella Ramsey es Ellie en la s\u00e9rie<\/figcaption><\/figure>\n\n\n\n<p>Aqu\u00ed el trailer de la pel\u00edcula para ir calentando motores&#8230;<\/p>\n\n\n\n<figure class=\"wp-block-embed-dailymotion wp-block-embed is-type-video is-provider-dailymotion wp-embed-aspect-16-9 wp-has-aspect-ratio\"><div class=\"wp-block-embed__wrapper\">\n<iframe title=\"The Last of Us en HBO - Teaser tr\u00e1iler\" frameborder=\"0\" width=\"1100\" height=\"618\" src=\"https:\/\/geo.dailymotion.com\/player.html?video=x8dzlc6&#038;\" allowfullscreen allow=\"autoplay; fullscreen; picture-in-picture; web-share\"><\/iframe>\n<\/div><\/figure>\n\n\n\n<p>HBO deseamos empezar a verla el pr\u00f3ximo Lunes!!!<\/p>\n\n\n\n<p><\/p>\n","protected":false},"excerpt":{"rendered":"<p>El pr\u00f3ximo 15 de enero HBO MAX estrena en todo el mundo &#8220;The Last Of Us&#8221;, una de las series m\u00e1s esperadas de los \u00faltimos tiempos, adaptaci\u00f3n de uno de los mejores videojuegos existentes. The Last of Us, se estrena [&hellip;]<\/p>\n","protected":false},"author":3,"featured_media":10146,"comment_status":"open","ping_status":"open","sticky":false,"template":"","format":"standard","meta":{"inline_featured_image":false,"footnotes":""},"categories":[1506,1488,1490,1500,1491],"tags":[1507,1508,1509,1496,1510,1498,1511,1512],"class_list":["post-11564","post","type-post","status-publish","format-standard","has-post-thumbnail","hentry","category-barcelona-en","category-lonas-publicitarias-en","category-productos-en","category-sin-categoria-en","category-ubicacion-en","tag-gobig-en","tag-hbo-serie-publicidad-en","tag-lonadegranformato-lonapublicitaria-marketingespectacular-wecallitigualdad-ogilvymadrid-rigobertabandini-hinds-vsa-vsacomunicacion-en","tag-lonapublicitaria-en","tag-marketingespectacular-en","tag-vsacomunicacion-en","tag-marketing-en","tag-ooh-en"],"_links":{"self":[{"href":"https:\/\/www.vsacomunicacion.com\/en\/wp-json\/wp\/v2\/posts\/11564"}],"collection":[{"href":"https:\/\/www.vsacomunicacion.com\/en\/wp-json\/wp\/v2\/posts"}],"about":[{"href":"https:\/\/www.vsacomunicacion.com\/en\/wp-json\/wp\/v2\/types\/post"}],"author":[{"embeddable":true,"href":"https:\/\/www.vsacomunicacion.com\/en\/wp-json\/wp\/v2\/users\/3"}],"replies":[{"embeddable":true,"href":"https:\/\/www.vsacomunicacion.com\/en\/wp-json\/wp\/v2\/comments?post=11564"}],"version-history":[{"count":0,"href":"https:\/\/www.vsacomunicacion.com\/en\/wp-json\/wp\/v2\/posts\/11564\/revisions"}],"wp:featuredmedia":[{"embeddable":true,"href":"https:\/\/www.vsacomunicacion.com\/en\/wp-json\/wp\/v2\/media\/10146"}],"wp:attachment":[{"href":"https:\/\/www.vsacomunicacion.com\/en\/wp-json\/wp\/v2\/media?parent=11564"}],"wp:term":[{"taxonomy":"category","embeddable":true,"href":"https:\/\/www.vsacomunicacion.com\/en\/wp-json\/wp\/v2\/categories?post=11564"},{"taxonomy":"post_tag","embeddable":true,"href":"https:\/\/www.vsacomunicacion.com\/en\/wp-json\/wp\/v2\/tags?post=11564"}],"curies":[{"name":"wp","href":"https:\/\/api.w.org\/{rel}","templated":true}]}}