{"id":11574,"date":"2022-12-19T00:00:00","date_gmt":"2022-12-18T23:00:00","guid":{"rendered":"https:\/\/www.vsacomunicacion.com\/evernest-se-estrena-en-madrid\/"},"modified":"2022-12-19T00:00:00","modified_gmt":"2022-12-18T23:00:00","slug":"evernest-se-estrena-en-madrid","status":"publish","type":"post","link":"https:\/\/www.vsacomunicacion.com\/en\/evernest-se-estrena-en-madrid\/","title":{"rendered":"Evernest se estrena en Madrid"},"content":{"rendered":"\n<figure class=\"wp-block-image size-large\"><img decoding=\"async\" src=\"https:\/\/www.vsacomunicacion.com\/wp-content\/uploads\/2023\/02\/evernest-1.jpg\" alt=\"\" class=\"wp-image-6524\"\/><figcaption>Lona Evernest Madrid<\/figcaption><\/figure>\n\n\n\n<p><a href=\"https:\/\/www.evernest.com\/es\/\" title=\"Evernest\" target=\"_blank\" rel=\"noopener\">Evernest<\/a>, la PropTech alemana que revoluciona y digitaliza la gesti\u00f3n de la compra-venta de inmuebles, anuncia el comienzo de su expansi\u00f3n internacional con su llegada a la ciudad de Madrid, donde quiere transformar el tradicional sector inmobiliario de la capital y se estrena con una gran lona publicitaria de<a href=\"https:\/\/www.vsacomunicacion.com\/es\/default.asp\" title=\" VSA\"> VSA<\/a> en la Plaza Alonso Mart\u00ednez de Madrid.<\/p>\n\n\n\n<p>Evernest fue fundada en noviembre de 2019,&nbsp;y ha desarrollado una plataforma digital para sus agentes inmobiliarios que les permite simplificar el proceso de compra y venta de un inmueble gracias a la inteligencia artificial y el an\u00e1lisis de datos.<\/p>\n\n\n\n<p>Gracias al uso de su plataforma,&nbsp;Evernest ha logrado digitalizar el mercado inmobiliario en Alemania&nbsp;y se ha convertido en el agente que m\u00e1s crece del pa\u00eds, habiendo doblado su tama\u00f1o en tan solo un a\u00f1o. Actualmente la empresa cuenta con m\u00e1s de 200 empleados y agentes inmobiliarios en sus cinco sedes en Alemania: Hamburgo, la sede central, Berl\u00edn y sus cuatro \u00faltimas aperturas en Marzo del 2022 en D\u00fcsseldorf, Frankfurt, Colonia y Madrid.<\/p>\n\n\n\n<figure class=\"wp-block-image size-large\"><img decoding=\"async\" src=\"https:\/\/www.vsacomunicacion.com\/wp-content\/uploads\/2023\/02\/evernest-dia-1.jpg\" alt=\"\" class=\"wp-image-6525\"\/><figcaption>Evernest en Almagro, 1<\/figcaption><\/figure>\n","protected":false},"excerpt":{"rendered":"<p>Evernest, la PropTech alemana que revoluciona y digitaliza la gesti\u00f3n de la compra-venta de inmuebles, anuncia el comienzo de su expansi\u00f3n internacional con su llegada a la ciudad de Madrid, donde quiere transformar el tradicional sector inmobiliario de la capital [&hellip;]<\/p>\n","protected":false},"author":3,"featured_media":10243,"comment_status":"open","ping_status":"open","sticky":false,"template":"","format":"standard","meta":{"inline_featured_image":false,"footnotes":""},"categories":[1488,1489,1490,1500,1491],"tags":[1532,1496,1510,1505,1498,1499],"class_list":["post-11574","post","type-post","status-publish","format-standard","has-post-thumbnail","hentry","category-lonas-publicitarias-en","category-madrid-en","category-productos-en","category-sin-categoria-en","category-ubicacion-en","tag-evernest-almagro-madrid-en","tag-lonapublicitaria-en","tag-marketingespectacular-en","tag-vsa-en","tag-vsacomunicacion-en","tag-madrid-en"],"_links":{"self":[{"href":"https:\/\/www.vsacomunicacion.com\/en\/wp-json\/wp\/v2\/posts\/11574"}],"collection":[{"href":"https:\/\/www.vsacomunicacion.com\/en\/wp-json\/wp\/v2\/posts"}],"about":[{"href":"https:\/\/www.vsacomunicacion.com\/en\/wp-json\/wp\/v2\/types\/post"}],"author":[{"embeddable":true,"href":"https:\/\/www.vsacomunicacion.com\/en\/wp-json\/wp\/v2\/users\/3"}],"replies":[{"embeddable":true,"href":"https:\/\/www.vsacomunicacion.com\/en\/wp-json\/wp\/v2\/comments?post=11574"}],"version-history":[{"count":0,"href":"https:\/\/www.vsacomunicacion.com\/en\/wp-json\/wp\/v2\/posts\/11574\/revisions"}],"wp:featuredmedia":[{"embeddable":true,"href":"https:\/\/www.vsacomunicacion.com\/en\/wp-json\/wp\/v2\/media\/10243"}],"wp:attachment":[{"href":"https:\/\/www.vsacomunicacion.com\/en\/wp-json\/wp\/v2\/media?parent=11574"}],"wp:term":[{"taxonomy":"category","embeddable":true,"href":"https:\/\/www.vsacomunicacion.com\/en\/wp-json\/wp\/v2\/categories?post=11574"},{"taxonomy":"post_tag","embeddable":true,"href":"https:\/\/www.vsacomunicacion.com\/en\/wp-json\/wp\/v2\/tags?post=11574"}],"curies":[{"name":"wp","href":"https:\/\/api.w.org\/{rel}","templated":true}]}}