{"id":11576,"date":"2022-11-07T00:00:00","date_gmt":"2022-11-06T23:00:00","guid":{"rendered":"https:\/\/www.vsacomunicacion.com\/mugler-y-su-fragancia-angel\/"},"modified":"2022-11-07T00:00:00","modified_gmt":"2022-11-06T23:00:00","slug":"mugler-y-su-fragancia-angel","status":"publish","type":"post","link":"https:\/\/www.vsacomunicacion.com\/en\/mugler-y-su-fragancia-angel\/","title":{"rendered":"MUGLER y su fragancia ANGEL"},"content":{"rendered":"\n<p>Desde hace 30 a\u00f1os, los perfumes\u00a0<a href=\"https:\/\/www.mugler.es\/es\/perfume-y-fragancia\" target=\"_blank\" rel=\"noopener\">Mugler <\/a>transgreden los c\u00f3digos, desaf\u00edan el tiempo y nos inspiran para convertirnos en quien queremos ser.\u00a0<strong>Angel Eau de Parfum celebra 30 a\u00f1os de vanguardia<\/strong>\u00a0a trav\u00e9s de una nueva campa\u00f1a magn\u00e9tica, impulsada por siete mujeres inspiradoras en un emplazamiento premium de <strong><a href=\"http:\/\/www.vsacomunicacion.com\/\">VSA COMUNICACI\u00d3N<\/a><\/strong> en Madrid.<\/p>\n\n\n\n<figure class=\"wp-block-image size-large\"><img decoding=\"async\" src=\"https:\/\/www.vsacomunicacion.com\/wp-content\/uploads\/2023\/02\/mugler-colon-1.jpg\" alt=\"\" class=\"wp-image-6463\"\/><figcaption>Lona publicitaria Mugler en Plaza Margaret Tacher,en Madrid.<\/figcaption><\/figure>\n\n\n\n<p>&#8220;WE ARE ALL ANGEL&#8221; es el slogan de la nueva campa\u00f1a y celebra todas las facetas de la feminidad. <strong>Angel<\/strong> es una fragancia adictiva que tiene su origen en los recuerdos de la infancia del creador <strong><a href=\"https:\/\/en.wikipedia.org\/wiki\/Thierry_Mugler\" target=\"_blank\" rel=\"noopener\">Thierry Mugler<\/a><\/strong> que marc\u00f3 su tiempo con una huella art\u00edstica \u00fanica.<\/p>\n\n\n\n<figure class=\"wp-block-image size-large\"><img decoding=\"async\" src=\"https:\/\/www.vsacomunicacion.com\/wp-content\/uploads\/2023\/02\/perfumes-1.jpg\" alt=\"\" class=\"wp-image-6464\"\/><\/figure>\n\n\n\n<p>El dise\u00f1ador franc\u00e9s icono de moda de los 80, fue conocido\u00a0por sus\u00a0<strong>colecciones atrevidas y sus desfiles extravagantes<\/strong>. Falleci\u00f3 desgraciadamente este a\u00f1o por causas naturales.\u00a0<\/p>\n\n\n\n<p>Es incre\u00edble mirar atr\u00e1s y ver su trayectoria profesional, pues inici\u00f3 su carrera como bailar\u00edn, para luego convertirse en fot\u00f3grafo de moda y finalmente convertirse en dise\u00f1ador de moda. Lanz\u00f3 su primera colecci\u00f3n en 1973 y fund\u00f3 su propia firma.<\/p>\n\n\n\n<figure class=\"wp-block-image size-large\"><img decoding=\"async\" src=\"https:\/\/www.vsacomunicacion.com\/wp-content\/uploads\/2023\/02\/MR-1-1.jpg\" alt=\"\" class=\"wp-image-6469\"\/><figcaption>Thierry Mugler en uno de sus desfiles<\/figcaption><\/figure>\n\n\n\n<p>Le deseamos 30 a\u00f1os m\u00e1s como m\u00ednimo a este maravilloso perfume que enciende recuerdos divertidos y sensaciones dulces.<\/p>\n","protected":false},"excerpt":{"rendered":"<p>Desde hace 30 a\u00f1os, los perfumes\u00a0Mugler transgreden los c\u00f3digos, desaf\u00edan el tiempo y nos inspiran para convertirnos en quien queremos ser.\u00a0Angel Eau de Parfum celebra 30 a\u00f1os de vanguardia\u00a0a trav\u00e9s de una nueva campa\u00f1a magn\u00e9tica, impulsada por siete mujeres inspiradoras [&hellip;]<\/p>\n","protected":false},"author":3,"featured_media":10281,"comment_status":"open","ping_status":"open","sticky":false,"template":"","format":"standard","meta":{"inline_featured_image":false,"footnotes":""},"categories":[1488,1489,1490,1491],"tags":[1493,1494,1495,1496,1510,1502],"class_list":["post-11576","post","type-post","status-publish","format-standard","has-post-thumbnail","hentry","category-lonas-publicitarias-en","category-madrid-en","category-productos-en","category-ubicacion-en","tag-lonadegranformato-en","tag-lonaespectacular-en","tag-lonamadrid-en","tag-lonapublicitaria-en","tag-marketingespectacular-en","tag-ooh-gobig-madrid-en"],"_links":{"self":[{"href":"https:\/\/www.vsacomunicacion.com\/en\/wp-json\/wp\/v2\/posts\/11576"}],"collection":[{"href":"https:\/\/www.vsacomunicacion.com\/en\/wp-json\/wp\/v2\/posts"}],"about":[{"href":"https:\/\/www.vsacomunicacion.com\/en\/wp-json\/wp\/v2\/types\/post"}],"author":[{"embeddable":true,"href":"https:\/\/www.vsacomunicacion.com\/en\/wp-json\/wp\/v2\/users\/3"}],"replies":[{"embeddable":true,"href":"https:\/\/www.vsacomunicacion.com\/en\/wp-json\/wp\/v2\/comments?post=11576"}],"version-history":[{"count":0,"href":"https:\/\/www.vsacomunicacion.com\/en\/wp-json\/wp\/v2\/posts\/11576\/revisions"}],"wp:featuredmedia":[{"embeddable":true,"href":"https:\/\/www.vsacomunicacion.com\/en\/wp-json\/wp\/v2\/media\/10281"}],"wp:attachment":[{"href":"https:\/\/www.vsacomunicacion.com\/en\/wp-json\/wp\/v2\/media?parent=11576"}],"wp:term":[{"taxonomy":"category","embeddable":true,"href":"https:\/\/www.vsacomunicacion.com\/en\/wp-json\/wp\/v2\/categories?post=11576"},{"taxonomy":"post_tag","embeddable":true,"href":"https:\/\/www.vsacomunicacion.com\/en\/wp-json\/wp\/v2\/tags?post=11576"}],"curies":[{"name":"wp","href":"https:\/\/api.w.org\/{rel}","templated":true}]}}