{"id":11578,"date":"2022-10-19T00:00:00","date_gmt":"2022-10-18T22:00:00","guid":{"rendered":"https:\/\/www.vsacomunicacion.com\/nueva-lona-calvin-klein-en-madrid\/"},"modified":"2022-10-19T00:00:00","modified_gmt":"2022-10-18T22:00:00","slug":"nueva-lona-calvin-klein-en-madrid","status":"publish","type":"post","link":"https:\/\/www.vsacomunicacion.com\/en\/nueva-lona-calvin-klein-en-madrid\/","title":{"rendered":"Nueva lona Calvin Klein en Madrid"},"content":{"rendered":"\n<figure class=\"wp-block-image size-large\"><img decoding=\"async\" src=\"https:\/\/www.vsacomunicacion.com\/wp-content\/uploads\/2023\/02\/omar-1-1.jpg\" alt=\"\" class=\"wp-image-6454\"\/><figcaption>Lona Calvin Klein con Omar Ayuso<\/figcaption><\/figure>\n\n\n\n<p>El famoso actor <a href=\"https:\/\/www.instagram.com\/omarayuso\/\" title=\"Omar Ayuso\" target=\"_blank\" rel=\"noopener\">Omar Ayuso<\/a> de la serie de <strong><a href=\"https:\/\/www.netflix.com\/es\/\" title=\"Netflix\" target=\"_blank\" rel=\"noopener\">Netflix<\/a><\/strong> &#8220;\u00c9lite&#8221;, es uno de los protagonistas de la nueva colecci\u00f3n de la marca <strong><a href=\"https:\/\/www.calvinklein.es\/\" title=\"Calvi Klein\" target=\"_blank\" rel=\"noopener\">Calvin Klein<\/a><\/strong> y para su lanzamiento ha contado con la incre\u00edble lona publicitaria que <a href=\"http:\/\/www.vsacomunicacion.com\" target=\"_blank\" rel=\"noreferrer noopener nofollow sponsored ugc\" title=\"VSA COMUNICACION\">VSA COMUNICACION<\/a> tiene en la Plaza Callao, 1 de Madrid.<\/p>\n\n\n\n<figure class=\"wp-block-image size-large\"><img decoding=\"async\" src=\"https:\/\/www.vsacomunicacion.com\/wp-content\/uploads\/2023\/02\/omar-2-1.jpg\" alt=\"\" class=\"wp-image-6455\"\/><figcaption>Plaza Callao, 1 Madrid<\/figcaption><\/figure>\n\n\n\n<p>Omar inici\u00f3 su carrera de actuaci\u00f3n en 2018 en un episodio de la serie&nbsp;&#8220;<em>El Continental<\/em>&#8221; y despu\u00e9s debut\u00f3 como parte del elenco principal de la serie de &#8220;\u00c9lite&#8221;.\u200b Gracias a su participaci\u00f3n en dicha serie se convirti\u00f3 r\u00e1pidamente en un i\u00edcono e \u00eddolo para la&nbsp;comunidad LGBT.&nbsp;Sus \u00faltimos trabajos han sido en cortometrajes&nbsp;espa\u00f1oles como&nbsp;&#8220;<em>R\u00e1fagas de Vida Salvaje&#8221;<\/em>,&nbsp;&#8220;<em>Disseminare<\/em>&#8221; y&nbsp;&#8220;<em>La Tarotista<\/em>&#8220;. Y el a\u00f1o pasado debut\u00f3 como&nbsp;director&nbsp;y&nbsp;guionista&nbsp;del cortometraje&nbsp;&#8220;<em>Matar a la madre<\/em>&#8220;.\u200b<\/p>\n\n\n\n<figure class=\"wp-block-image size-large\"><img decoding=\"async\" src=\"https:\/\/www.vsacomunicacion.com\/wp-content\/uploads\/2023\/02\/omarrrrrr-1.jpg\" alt=\"\" class=\"wp-image-6435\"\/><figcaption>Omar para Calvin Klein<\/figcaption><\/figure>\n\n\n\n<p><strong><a href=\"https:\/\/es.wikipedia.org\/wiki\/Calvin_Klein_(dise%C3%B1ador)\" title=\"Calvin Richard Klein\" target=\"_blank\" rel=\"noopener\">Calvin Richard Klein<\/a><\/strong> naci\u00f3 en Nueva York en 1942 en una comunidad inmigrante de jud\u00edos h\u00fangaros, despu\u00e9s de graduarse en el New York&#8217;s Fashion Institute of Technology. Empez\u00f3 a vender abrigos en  la S\u00e9ptima Avenida y revolucion\u00f3 el mercado de la moda. La firma <strong>Calvin Klein<\/strong> la fund\u00f3 en&nbsp;1968&nbsp;gracias a que un gran amigo  le prestara $10,000 d\u00f3lares. Reci\u00e9n creada la empresa, tuvo la fortuna de aparecer en la portada de la revista estadounidense <strong><a href=\"https:\/\/www.vogue.com\/\" title=\"Vogue\" target=\"_blank\" rel=\"noopener\">Vogue<\/a><\/strong>.<\/p>\n\n\n\n<figure class=\"wp-block-image size-large\"><img decoding=\"async\" src=\"https:\/\/www.vsacomunicacion.com\/wp-content\/uploads\/2023\/02\/el-2.jpg\" alt=\"\" class=\"wp-image-6436\"\/><figcaption>El dise\u00f1ador con dos de sus musas<\/figcaption><\/figure>\n\n\n\n<p>Sus creaciones son minimalistas y exentas de adornos superfluos, lo cual representa al hombre y a la mujer moderna. La compa\u00f1\u00eda tambi\u00e9n ha sido muy conocida por sus llamativos anuncios publicitarios. Su primera campa\u00f1a  fue con&nbsp;<a href=\"https:\/\/twitter.com\/BrookeShields?ref_src=twsrc%5Egoogle%7Ctwcamp%5Eserp%7Ctwgr%5Eauthor\" title=\"Brooke Shields\" target=\"_blank\" rel=\"noopener\">Brooke Shields<\/a> quien luc\u00eda unos vaqueros con la frase &#8220;Nada se interpone entre yo y mis <strong>Calvin Jeans<\/strong>&#8220;.<\/p>\n\n\n\n<p>Y no hay que dejar de mencionar la sofisticaci\u00f3n de su colecci\u00f3n de fragancias &#8220;Obsession&#8221;, &#8220;Eternity&#8221;, &#8220;Escape&#8221; y &#8220;Contradiction&#8221;, al moderno &#8220;CK One&#8221; y &#8220;CK Be&#8221;, de Klein que personalizan y representan al hombre y a la mujer actual.<\/p>\n","protected":false},"excerpt":{"rendered":"<p>El famoso actor Omar Ayuso de la serie de Netflix &#8220;\u00c9lite&#8221;, es uno de los protagonistas de la nueva colecci\u00f3n de la marca Calvin Klein y para su lanzamiento ha contado con la incre\u00edble lona publicitaria que VSA COMUNICACION tiene [&hellip;]<\/p>\n","protected":false},"author":3,"featured_media":10303,"comment_status":"open","ping_status":"open","sticky":false,"template":"","format":"standard","meta":{"inline_featured_image":false,"footnotes":""},"categories":[1488,1489,1490,1491],"tags":[1535,1536,1495,1496,1537,1538,1505,1498],"class_list":["post-11578","post","type-post","status-publish","format-standard","has-post-thumbnail","hentry","category-lonas-publicitarias-en","category-madrid-en","category-productos-en","category-ubicacion-en","tag-calvinklein-en","tag-calvinklein-perfume-en","tag-lonamadrid-en","tag-lonapublicitaria-en","tag-moda-en","tag-vogue-en","tag-vsa-en","tag-vsacomunicacion-en"],"_links":{"self":[{"href":"https:\/\/www.vsacomunicacion.com\/en\/wp-json\/wp\/v2\/posts\/11578"}],"collection":[{"href":"https:\/\/www.vsacomunicacion.com\/en\/wp-json\/wp\/v2\/posts"}],"about":[{"href":"https:\/\/www.vsacomunicacion.com\/en\/wp-json\/wp\/v2\/types\/post"}],"author":[{"embeddable":true,"href":"https:\/\/www.vsacomunicacion.com\/en\/wp-json\/wp\/v2\/users\/3"}],"replies":[{"embeddable":true,"href":"https:\/\/www.vsacomunicacion.com\/en\/wp-json\/wp\/v2\/comments?post=11578"}],"version-history":[{"count":0,"href":"https:\/\/www.vsacomunicacion.com\/en\/wp-json\/wp\/v2\/posts\/11578\/revisions"}],"wp:featuredmedia":[{"embeddable":true,"href":"https:\/\/www.vsacomunicacion.com\/en\/wp-json\/wp\/v2\/media\/10303"}],"wp:attachment":[{"href":"https:\/\/www.vsacomunicacion.com\/en\/wp-json\/wp\/v2\/media?parent=11578"}],"wp:term":[{"taxonomy":"category","embeddable":true,"href":"https:\/\/www.vsacomunicacion.com\/en\/wp-json\/wp\/v2\/categories?post=11578"},{"taxonomy":"post_tag","embeddable":true,"href":"https:\/\/www.vsacomunicacion.com\/en\/wp-json\/wp\/v2\/tags?post=11578"}],"curies":[{"name":"wp","href":"https:\/\/api.w.org\/{rel}","templated":true}]}}