{"id":11579,"date":"2022-10-14T00:00:00","date_gmt":"2022-10-13T22:00:00","guid":{"rendered":"https:\/\/www.vsacomunicacion.com\/deslumbrante-lona-de-tous\/"},"modified":"2022-10-14T00:00:00","modified_gmt":"2022-10-13T22:00:00","slug":"deslumbrante-lona-de-tous","status":"publish","type":"post","link":"https:\/\/www.vsacomunicacion.com\/en\/deslumbrante-lona-de-tous\/","title":{"rendered":"Deslumbrante Lona de Tous"},"content":{"rendered":"\n<p><strong><a href=\"https:\/\/www.tous.com\/es-es\/\" title=\"TOUS\" target=\"_blank\" rel=\"noopener\">TOUS<\/a><\/strong> para presentar su nueva colecci\u00f3n ha confiado de nuevo en&nbsp;&nbsp;<strong><a href=\"https:\/\/www.vsacomunicacion.com\/es\/default.asp\" title=\"VSA COMUNICACI\u00d3N\">VSA COMUNICACI\u00d3N<\/a><\/strong> y su incre\u00edble emplazamiento en el centro de Barcelona, Avda. Diagonal con la plaza Francesc Maci\u00e1.<\/p>\n\n\n\n<figure class=\"wp-block-image size-large\"><img decoding=\"async\" src=\"https:\/\/www.vsacomunicacion.com\/wp-content\/uploads\/2023\/02\/LONA-TOUS-BLOG-1.jpg\" alt=\"\" class=\"wp-image-6268\"\/><figcaption>Deslumbrante lona Tous en la Avenida Diagonal de Barcelona.<\/figcaption><\/figure>\n\n\n\n<p><strong>TOUS<\/strong> presenta su evoluci\u00f3n de marca y su prop\u00f3sito corporativo, apostando por ser la firma joyera que hace brillar la creatividad y la autoexpresi\u00f3n. <\/p>\n\n\n\n<figure class=\"wp-block-image size-large\"><img decoding=\"async\" src=\"https:\/\/www.vsacomunicacion.com\/wp-content\/uploads\/2023\/02\/tousokkkkkk-e1664462545191-1.jpg\" alt=\"\" class=\"wp-image-6298\"\/><figcaption>Nueva colecci\u00f3n de Tous<\/figcaption><\/figure>\n\n\n\n<p>En esta nueva etapa, la marca abraza tres atributos: <strong>audacia, creatividad y sentido del humor<\/strong>, a partir de los cuales se reinterpretan sus tres grandes emblemas: <strong>el rosa, el oso y la ternura<\/strong>. En este contexto, tambi\u00e9n ha definido su prop\u00f3sito corporativo: <strong>We craft a world of joy.<\/strong><\/p>\n\n\n\n<figure class=\"wp-block-image size-large\"><img decoding=\"async\" src=\"https:\/\/www.vsacomunicacion.com\/wp-content\/uploads\/2023\/02\/campaing-e1664462405633-1.jpg\" alt=\"\" class=\"wp-image-6300\"\/><figcaption>Nueva campa\u00f1a Tous<\/figcaption><\/figure>\n\n\n\n<p>La firma reformula, el logo que lanz\u00f3 en los a\u00f1os 90. La nueva propuesta es un dise\u00f1o tipogr\u00e1fico contundente, robusto y a su vez amable por sus formas redondeadas, que permite un mayor nivel de customizaci\u00f3n y una mejor lectura en el entorno digital.<\/p>\n\n\n\n<figure class=\"wp-block-image size-large\"><img decoding=\"async\" src=\"https:\/\/www.vsacomunicacion.com\/wp-content\/uploads\/2023\/02\/nuevo-logo-e1664462501414-1.jpg\" alt=\"\" class=\"wp-image-6299\"\/><\/figure>\n\n\n\n<p>Dentro de estos nuevos c\u00f3digos est\u00e9ticos que representan la evoluci\u00f3n de marca, destaca que el ic\u00f3nico oso, que se transforma en una fuente de creatividad, a partir de la interpretaci\u00f3n en tres dimensiones.<\/p>\n\n\n\n<p>La historia de esta marca empez\u00f3 en 1920 con un peque\u00f1o negocio familiar en un taller de reparaci\u00f3n de relojes en Manresa. Salvador Tous, hijo del fundador, se cas\u00f3 con Rosa Oriol y en 1970 decidieron emprender en el mundo de la joyer\u00eda creando una marca diferente, dirigida a  todo tipo de mujeres y a precios muy asequibles. En 1989 abri\u00f3 su primera tienda en Barcelona y empezaron a personalizar las piezas de los clientes y crearon m\u00edtico OSO, emblema de la marca. M\u00e1s tarde en 1992 se incorporaron sus hijas y han sido muy importantes para el crecimiento de la firma.<\/p>\n\n\n\n<figure class=\"wp-block-image size-large\"><img decoding=\"async\" src=\"https:\/\/www.vsacomunicacion.com\/wp-content\/uploads\/2023\/02\/FAMILIA-TOUS-FOTO-BLOG-1.jpg\" alt=\"\" class=\"wp-image-6269\"\/><\/figure>\n\n\n\n<p>La historia del &#8220;OSO&#8221; es fascinante y surgi\u00f3 en un viaje a Mil\u00e1n de su fundadora. All\u00ed observ\u00f3 unos osos de peluche en un aparador de una tienda y le pareci\u00f3 que era el s\u00edmbolo perfecto de definici\u00f3n de ternura. En ese momento, empezaron a  transformar un oso tridimensional en una pieza de joyer\u00eda. Gracias a este icono, la marca es reconocida en todos los rincones del mundo. En 2020 se present\u00f3 un documental en el Festival de cine de San Sebasti\u00e1n y ha sido tambi\u00e9n un \u00e9xito en Amazon Prime.<\/p>\n\n\n\n<figure class=\"wp-block-image size-large\"><img decoding=\"async\" src=\"https:\/\/www.vsacomunicacion.com\/wp-content\/uploads\/2023\/02\/DOCUMENTAL-OSO-BLOG-e1664463023404-1.jpg\" alt=\"\" class=\"wp-image-6270\"\/><\/figure>\n\n\n\n<p>En la actualidad, Tous apuesta por la diversificaci\u00f3n y extiende su negocio a crear adem\u00e1s de joyer\u00eda accesorios de moda como&nbsp;<a href=\"https:\/\/blog.perfumeriasunidas.com\/los-mejores-modelos-de-lentes-tous-con-proteccion-uv\" target=\"_blank\" rel=\"noreferrer noopener\">lentes<\/a>,&nbsp;<a href=\"https:\/\/blog.perfumeriasunidas.com\/los-mejores-relojes-tous-para-mujer\" target=\"_blank\" rel=\"noreferrer noopener\">relojes<\/a>,&nbsp;<a href=\"https:\/\/blog.perfumeriasunidas.com\/joyas-oro-vermeil-tous-en-tu-tocador\" target=\"_blank\" rel=\"noreferrer noopener\">joyas de oro&nbsp;<\/a>y fragancias. <\/p>\n\n\n\n<p>TOUS, tiene presencia en 46 pa\u00edses, con m\u00e1s de 700 tiendas y en 2021 factur\u00f3 384 millones de euros. Actualmente, la compa\u00f1\u00eda es impulsada por m\u00e1s de 4.000 profesionales, que trabajan en base al prop\u00f3sito de la organizaci\u00f3n: crear, dise\u00f1ar y forjar un mundo hecho con las manos y con el coraz\u00f3n. Un mundo que inspira alegr\u00eda, ilusi\u00f3n y pasi\u00f3n para ayudar a las personas a sentirse mejor. Resumido por la firma con seis palabras: \u201cWe craft a world of joy\u201d. <\/p>\n","protected":false},"excerpt":{"rendered":"<p>TOUS para presentar su nueva colecci\u00f3n ha confiado de nuevo en&nbsp;&nbsp;VSA COMUNICACI\u00d3N y su incre\u00edble emplazamiento en el centro de Barcelona, Avda. Diagonal con la plaza Francesc Maci\u00e1. TOUS presenta su evoluci\u00f3n de marca y su prop\u00f3sito corporativo, apostando por [&hellip;]<\/p>\n","protected":false},"author":3,"featured_media":10325,"comment_status":"open","ping_status":"open","sticky":false,"template":"","format":"standard","meta":{"inline_featured_image":false,"footnotes":""},"categories":[1506,1488,1490,1500,1491],"tags":[1539,1496,1497,1515],"class_list":["post-11579","post","type-post","status-publish","format-standard","has-post-thumbnail","hentry","category-barcelona-en","category-lonas-publicitarias-en","category-productos-en","category-sin-categoria-en","category-ubicacion-en","tag-lonabarcelona-en","tag-lonapublicitaria-en","tag-vsa-vsacomunicacion-en","tag-tous-en"],"_links":{"self":[{"href":"https:\/\/www.vsacomunicacion.com\/en\/wp-json\/wp\/v2\/posts\/11579"}],"collection":[{"href":"https:\/\/www.vsacomunicacion.com\/en\/wp-json\/wp\/v2\/posts"}],"about":[{"href":"https:\/\/www.vsacomunicacion.com\/en\/wp-json\/wp\/v2\/types\/post"}],"author":[{"embeddable":true,"href":"https:\/\/www.vsacomunicacion.com\/en\/wp-json\/wp\/v2\/users\/3"}],"replies":[{"embeddable":true,"href":"https:\/\/www.vsacomunicacion.com\/en\/wp-json\/wp\/v2\/comments?post=11579"}],"version-history":[{"count":0,"href":"https:\/\/www.vsacomunicacion.com\/en\/wp-json\/wp\/v2\/posts\/11579\/revisions"}],"wp:featuredmedia":[{"embeddable":true,"href":"https:\/\/www.vsacomunicacion.com\/en\/wp-json\/wp\/v2\/media\/10325"}],"wp:attachment":[{"href":"https:\/\/www.vsacomunicacion.com\/en\/wp-json\/wp\/v2\/media?parent=11579"}],"wp:term":[{"taxonomy":"category","embeddable":true,"href":"https:\/\/www.vsacomunicacion.com\/en\/wp-json\/wp\/v2\/categories?post=11579"},{"taxonomy":"post_tag","embeddable":true,"href":"https:\/\/www.vsacomunicacion.com\/en\/wp-json\/wp\/v2\/tags?post=11579"}],"curies":[{"name":"wp","href":"https:\/\/api.w.org\/{rel}","templated":true}]}}