{"id":11581,"date":"2022-10-05T00:00:00","date_gmt":"2022-10-04T22:00:00","guid":{"rendered":"https:\/\/www.vsacomunicacion.com\/lo-ultimo-en-mascaras-de-loreal\/"},"modified":"2022-10-05T00:00:00","modified_gmt":"2022-10-04T22:00:00","slug":"lo-ultimo-en-mascaras-de-loreal","status":"publish","type":"post","link":"https:\/\/www.vsacomunicacion.com\/en\/lo-ultimo-en-mascaras-de-loreal\/","title":{"rendered":"Lo \u00faltimo en m\u00e1scaras de L&#8217;Oreal"},"content":{"rendered":"\n<p>Si pasas por la Plaza Callao, 1 en Madrid tendr\u00e1s la suerte de ver esta incre\u00edble lona de <a href=\"https:\/\/www.loreal-paris.es\/\" title=\"L&#039;OREAL\" target=\"_blank\" rel=\"noopener\">L&#8217;OREAL<\/a>, anunciando lo \u00faltimo en m\u00e1scaras de ojos producida e instalada  por <a href=\"https:\/\/www.vsacomunicacion.com\/es\/default.asp\" title=\"VSA\">VSA<\/a>.<\/p>\n\n\n\n<figure class=\"wp-block-image size-large\"><img decoding=\"async\" src=\"https:\/\/www.vsacomunicacion.com\/wp-content\/uploads\/2023\/02\/lona-loreal-ok-1.jpg\" alt=\"\" class=\"wp-image-6391\"\/><figcaption>Lona de la firma en Plaza Callao, 1 de Madrid<\/figcaption><\/figure>\n\n\n\n<p>Es la primera m\u00e1scara de ojos inspirada en tratamientos de sal\u00f3n para un resultado profesional en casa, cubriendo una de las necesidades principales, la extensi\u00f3n de pesta\u00f1as. Formulada con los ingredientes clave para conseguir los mejores resultados y con doble cepillo para obtener un efecto espectacular. Sin grumos, sin emborronar y sin pesadez.<\/p>\n\n\n\n<figure class=\"wp-block-image size-large\"><img decoding=\"async\" src=\"https:\/\/www.vsacomunicacion.com\/wp-content\/uploads\/2023\/02\/rimelG-1.jpg\" alt=\"\" class=\"wp-image-6389\"\/><figcaption>M\u00e1scara PRO XXL LIFT<\/figcaption><\/figure>\n\n\n\n<p>En <strong>L&#8217;OREAL <\/strong>, el arte del maquillaje de ojos les apasiona. Ofrecen m\u00e1scaras de pesta\u00f1as, eyeliners, l\u00e1pices de cejas y de ojos y sombras de ojos para obtener una mirada penetrante. Dar un toque de m\u00e1scara en las pesta\u00f1as intensifica y adorna la mirada con elegancia. Este gesto, lo quieren gran cantidad de mujeres y viene acompa\u00f1ado de un maquillaje para cejas de alta calidad con l\u00e1pices y polvos para crear una l\u00ednea perfecta y conseguir unos ojos m\u00e1s grandes. <\/p>\n\n\n\n<figure class=\"wp-block-image size-large\"><img decoding=\"async\" src=\"https:\/\/www.vsacomunicacion.com\/wp-content\/uploads\/2023\/02\/tintes-1.jpg\" alt=\"\" class=\"wp-image-6390\"\/><figcaption>Inicios de la firma<\/figcaption><\/figure>\n\n\n\n<p>Esta firma inici\u00f3 su andadura en 1909 coincidiendo con la primera idea brillante del qu\u00edmico <strong><a href=\"https:\/\/es.wikipedia.org\/wiki\/Eug%C3%A8ne_Schueller\" title=\"Eug\u00e8ne Schueller\" target=\"_blank\" rel=\"noopener\">Eug\u00e8ne Schueller<\/a><\/strong>. Las mujeres deseaban lucir el cabello corto y rubio, para conseguir un estilo juvenil. \u00c9l patent\u00f3 una f\u00f3rmula de color para el cabello que, a diferencia de todos los dem\u00e1s productos del mercado, pudiera usarse con total seguridad. Los tintes para el cabello fueron el coraz\u00f3n de la empresa durante varias d\u00e9cadas. <\/p>\n\n\n\n<p>En la d\u00e9cada de los 80 las mujeres continuaban cuidando su imagen p\u00fablica y  <strong>L&#8217;OREAL <\/strong> les ofreci\u00f3 maquillajes y productos para el cuidado de la piel y conseguir mantenerse j\u00f3venes y ayudarlas a enfrentar el mundo sinti\u00e9ndose bien consigo mismas. <\/p>\n\n\n\n<p><strong>L\u2019OREAL <\/strong>representa la belleza en todas sus diversas formas y cuenta con un equipo de embajadoras de todos los or\u00edgenes y entornos,  \u00edconos del cine, de la moda y de la m\u00fasica. <\/p>\n\n\n\n<p>Realza tu mirada con las m\u00e1scaras de pesta\u00f1as de <strong>L&#8217;OREAL<\/strong>.<\/p>\n","protected":false},"excerpt":{"rendered":"<p>Si pasas por la Plaza Callao, 1 en Madrid tendr\u00e1s la suerte de ver esta incre\u00edble lona de L&#8217;OREAL, anunciando lo \u00faltimo en m\u00e1scaras de ojos producida e instalada por VSA. Es la primera m\u00e1scara de ojos inspirada en tratamientos [&hellip;]<\/p>\n","protected":false},"author":3,"featured_media":10364,"comment_status":"open","ping_status":"open","sticky":false,"template":"","format":"standard","meta":{"inline_featured_image":false,"footnotes":""},"categories":[1488,1489,1490,1491],"tags":[1493,1494,1495,1496,1498],"class_list":["post-11581","post","type-post","status-publish","format-standard","has-post-thumbnail","hentry","category-lonas-publicitarias-en","category-madrid-en","category-productos-en","category-ubicacion-en","tag-lonadegranformato-en","tag-lonaespectacular-en","tag-lonamadrid-en","tag-lonapublicitaria-en","tag-vsacomunicacion-en"],"_links":{"self":[{"href":"https:\/\/www.vsacomunicacion.com\/en\/wp-json\/wp\/v2\/posts\/11581"}],"collection":[{"href":"https:\/\/www.vsacomunicacion.com\/en\/wp-json\/wp\/v2\/posts"}],"about":[{"href":"https:\/\/www.vsacomunicacion.com\/en\/wp-json\/wp\/v2\/types\/post"}],"author":[{"embeddable":true,"href":"https:\/\/www.vsacomunicacion.com\/en\/wp-json\/wp\/v2\/users\/3"}],"replies":[{"embeddable":true,"href":"https:\/\/www.vsacomunicacion.com\/en\/wp-json\/wp\/v2\/comments?post=11581"}],"version-history":[{"count":0,"href":"https:\/\/www.vsacomunicacion.com\/en\/wp-json\/wp\/v2\/posts\/11581\/revisions"}],"wp:featuredmedia":[{"embeddable":true,"href":"https:\/\/www.vsacomunicacion.com\/en\/wp-json\/wp\/v2\/media\/10364"}],"wp:attachment":[{"href":"https:\/\/www.vsacomunicacion.com\/en\/wp-json\/wp\/v2\/media?parent=11581"}],"wp:term":[{"taxonomy":"category","embeddable":true,"href":"https:\/\/www.vsacomunicacion.com\/en\/wp-json\/wp\/v2\/categories?post=11581"},{"taxonomy":"post_tag","embeddable":true,"href":"https:\/\/www.vsacomunicacion.com\/en\/wp-json\/wp\/v2\/tags?post=11581"}],"curies":[{"name":"wp","href":"https:\/\/api.w.org\/{rel}","templated":true}]}}