{"id":11585,"date":"2022-10-04T00:00:00","date_gmt":"2022-10-03T22:00:00","guid":{"rendered":"https:\/\/www.vsacomunicacion.com\/lo-nuevo-de-michael-kors\/"},"modified":"2022-10-04T00:00:00","modified_gmt":"2022-10-03T22:00:00","slug":"lo-nuevo-de-michael-kors","status":"publish","type":"post","link":"https:\/\/www.vsacomunicacion.com\/en\/lo-nuevo-de-michael-kors\/","title":{"rendered":"Lo nuevo de MICHAEL KORS"},"content":{"rendered":"\n<figure class=\"wp-block-image size-large\"><a href=\"https:\/\/www.vsacomunicacion.com\/es\/default.asp\"><img decoding=\"async\" src=\"https:\/\/www.vsacomunicacion.com\/wp-content\/uploads\/2023\/02\/lona-yes-1.jpg\" alt=\"\" class=\"wp-image-6377\"\/><\/a><figcaption>Lona Michael Kors en el la calle Alcal\u00e1, 25 de Madrid instalada por VSA<\/figcaption><\/figure>\n\n\n\n<p>El maravilloso bolso Satchel de <a href=\"https:\/\/www.michaelkors.es\/\" title=\" Michael Kors\" target=\"_blank\" rel=\"noopener\">Michael Kors<\/a> aporta un aire moderno a esta temporada,  es ideal para trabajar y disfrutar. Adem\u00e1s es sofisticado, atemporal y sus posibilidades son infinitas para lucir un look impecable y exquisito. Este modelo ha sido presentado a trav\u00e9s de una lona en un espacio PREMIUM de Madrid de VSA en la calle Alcal\u00e1, 25.<\/p>\n\n\n\n<figure class=\"wp-block-image size-large\"><img decoding=\"async\" src=\"https:\/\/www.vsacomunicacion.com\/wp-content\/uploads\/2023\/02\/bolso-rojo-1.jpg\" alt=\"\" class=\"wp-image-6378\"\/><figcaption>Bolso Satchel de piel rojo.<\/figcaption><\/figure>\n\n\n\n<p>Los bolsos satchel de piel de <strong>Michael&nbsp;Kors<\/strong> est\u00e1 disponibles en varios tama\u00f1os, desde mini a grande, as\u00ed como en una amplia paleta de colores para elegir la opci\u00f3n que mejor se adapte a cada ocasi\u00f3n. Sus l\u00edneas son depuradas y de un estilo minimalista que derrocha mucha personalidad. Lo encontrar\u00e1s en piel acolchada, piel de serpiente o estampados de logotipos. \u00bfY sabes lo mejor? La mayor\u00eda de estos bolsos se pueden llevar como bandoleras si necesitas tener las manos libres.<\/p>\n\n\n\n<figure class=\"wp-block-image size-large\"><img decoding=\"async\" src=\"https:\/\/www.vsacomunicacion.com\/wp-content\/uploads\/2023\/02\/michael-ok-1.jpg\" alt=\"\" class=\"wp-image-6379\"\/><figcaption>Foto de Michael Kors.<\/figcaption><\/figure>\n\n\n\n<p><strong><a href=\"https:\/\/www.marie-claire.es\/moda\/wikimoda\/diccionario\/wiki\/termino\/michael-kors\" title=\"Michael David Kors\" target=\"_blank\" rel=\"noopener\">Michael David Kors<\/a><\/strong>&nbsp;naci\u00f3 el 9 de agoto de 1959 en Nueva York y desde muy peque\u00f1o fue un apasionado de la moda. Con tan solo cinco a\u00f1os, dise\u00f1\u00f3 el vestido de novia de su madre para su segundo matrimonio y al cumplir la adolescencia comenz\u00f3 a dise\u00f1ar y vender ropa y complementos en casa de sus padres, bajo la marca the Iron Butterfly. La firma Michael Kors, naci\u00f3 en 1981 y consigui\u00f3 vender en los almacenes&nbsp;<a href=\"https:\/\/www.bergdorfgoodman.com\/\" target=\"_blank\" rel=\"noopener\">Bergdorf Goodman<\/a>&nbsp;en Nueva York. Luego en 1997 &nbsp;comenz\u00f3 a trabajar para la firma francesa&nbsp;<a href=\"https:\/\/www.celine.com\/es-es\/home?gclid=CjwKCAjws--ZBhAXEiwAv-RNL68cGaktkPedzgFKysVJAybEZxK2ceniWo8ATr9nt-An4iiVDMo0uhoCBeQQAvD_Bw\" target=\"_blank\" rel=\"noopener\">Celine<\/a>. <\/p>\n\n\n\n<p>Su trabajo ha sido recompensado en varias ocasiones y muy galardonado. Entre sus clientas figuran conocidas personalidades y rostros del mundo del espect\u00e1culo como&nbsp;<a href=\"https:\/\/www.instagram.com\/aerin\/?hl=en\" target=\"_blank\" rel=\"noopener\">Aerin Luder<\/a>,&nbsp;<a href=\"https:\/\/www.instagram.com\/official_sigourneyweaver\/?hl=en\" target=\"_blank\" rel=\"noopener\">Sigouney Weaver<\/a>,&nbsp;<a href=\"https:\/\/www.instagram.com\/juliannemoore\/?hl=en\" target=\"_blank\" rel=\"noopener\">Julianne Moore<\/a>&nbsp;o&nbsp;<a href=\"https:\/\/www.instagram.com\/gwynethpaltrow\/?hl=en\" target=\"_blank\" rel=\"noopener\">Gwyneth Paltrow<\/a>,&nbsp;&#8230;entre otras.<\/p>\n","protected":false},"excerpt":{"rendered":"<p>El maravilloso bolso Satchel de Michael Kors aporta un aire moderno a esta temporada, es ideal para trabajar y disfrutar. Adem\u00e1s es sofisticado, atemporal y sus posibilidades son infinitas para lucir un look impecable y exquisito. Este modelo ha sido [&hellip;]<\/p>\n","protected":false},"author":3,"featured_media":10409,"comment_status":"open","ping_status":"open","sticky":false,"template":"","format":"standard","meta":{"inline_featured_image":false,"footnotes":""},"categories":[1488,1489,1490,1491],"tags":[1547,1493,1494,1495,1496,1531,1505,1498,1499,1512],"class_list":["post-11585","post","type-post","status-publish","format-standard","has-post-thumbnail","hentry","category-lonas-publicitarias-en","category-madrid-en","category-productos-en","category-ubicacion-en","tag-bolso-en","tag-lonadegranformato-en","tag-lonaespectacular-en","tag-lonamadrid-en","tag-lonapublicitaria-en","tag-michaelkors-en","tag-vsa-en","tag-vsacomunicacion-en","tag-madrid-en","tag-ooh-en"],"_links":{"self":[{"href":"https:\/\/www.vsacomunicacion.com\/en\/wp-json\/wp\/v2\/posts\/11585"}],"collection":[{"href":"https:\/\/www.vsacomunicacion.com\/en\/wp-json\/wp\/v2\/posts"}],"about":[{"href":"https:\/\/www.vsacomunicacion.com\/en\/wp-json\/wp\/v2\/types\/post"}],"author":[{"embeddable":true,"href":"https:\/\/www.vsacomunicacion.com\/en\/wp-json\/wp\/v2\/users\/3"}],"replies":[{"embeddable":true,"href":"https:\/\/www.vsacomunicacion.com\/en\/wp-json\/wp\/v2\/comments?post=11585"}],"version-history":[{"count":0,"href":"https:\/\/www.vsacomunicacion.com\/en\/wp-json\/wp\/v2\/posts\/11585\/revisions"}],"wp:featuredmedia":[{"embeddable":true,"href":"https:\/\/www.vsacomunicacion.com\/en\/wp-json\/wp\/v2\/media\/10409"}],"wp:attachment":[{"href":"https:\/\/www.vsacomunicacion.com\/en\/wp-json\/wp\/v2\/media?parent=11585"}],"wp:term":[{"taxonomy":"category","embeddable":true,"href":"https:\/\/www.vsacomunicacion.com\/en\/wp-json\/wp\/v2\/categories?post=11585"},{"taxonomy":"post_tag","embeddable":true,"href":"https:\/\/www.vsacomunicacion.com\/en\/wp-json\/wp\/v2\/tags?post=11585"}],"curies":[{"name":"wp","href":"https:\/\/api.w.org\/{rel}","templated":true}]}}