{"id":11588,"date":"2022-10-03T00:00:00","date_gmt":"2022-10-02T22:00:00","guid":{"rendered":"https:\/\/www.vsacomunicacion.com\/la-medida-si-que-importa\/"},"modified":"2022-10-03T00:00:00","modified_gmt":"2022-10-02T22:00:00","slug":"la-medida-si-que-importa","status":"publish","type":"post","link":"https:\/\/www.vsacomunicacion.com\/en\/la-medida-si-que-importa\/","title":{"rendered":"\u00a1La medida s\u00ed que importa!"},"content":{"rendered":"\n<p><strong><a href=\"https:\/\/ambar.com\/\" title=\"AMBAR\" target=\"_blank\" rel=\"noopener\">AMBAR<\/a><\/strong>, la peque\u00f1a cervecera del Ebro, presenta su nueva campa\u00f1a con el lema \u00ab<strong>ser peque\u00f1o sabe mejor<\/strong>\u00ab. Su objetivo es demostrar que, independientemente del tama\u00f1o, con un producto excelente es posible ilusionarse, superar retos complicados y ganar a los grandes.<\/p>\n\n\n\n<figure class=\"wp-block-image size-large\"><img decoding=\"async\" src=\"https:\/\/www.vsacomunicacion.com\/wp-content\/uploads\/2023\/02\/amabra-dia-lona-1.jpg\" alt=\"\" class=\"wp-image-6328\"\/><figcaption>Lona Ambar Barcelona.<\/figcaption><\/figure>\n\n\n\n<p>Pero esta  cervecera, bien merece lanzar su campa\u00f1a a lo grande. Y para ello, nada  mejor que nuestra espectacular lona en Comte d\u2019Urgell, 153 de Barcelona instalada por <a href=\"https:\/\/www.vsacomunicacion.com\/es\/default.asp\" title=\"VSA\">VSA<\/a>.<\/p>\n\n\n\n<figure class=\"wp-block-image size-large\"><img decoding=\"async\" src=\"https:\/\/www.vsacomunicacion.com\/wp-content\/uploads\/2023\/02\/bodegon-ok-1.jpg\" alt=\"\" class=\"wp-image-6329\"\/><\/figure>\n\n\n\n<p>Su imagen mantiene sus colores blanco y rojo y se\u00f1ala su origen de Zaragoza  desde 1900. Adem\u00e1s, se ha lanzado una&nbsp;nueva botella, m\u00e1s sostenible, fabricada en un 85,5 % con vidrio reciclado y aligerada en su peso, que adem\u00e1s reduce el consumo de papel por el menor tama\u00f1o de la etiqueta y con la desaparici\u00f3n del collar\u00edn.<\/p>\n\n\n\n<figure class=\"wp-block-image size-large\"><img decoding=\"async\" src=\"https:\/\/www.vsacomunicacion.com\/wp-content\/uploads\/2023\/02\/logo-ambar-okkkkk-1.jpg\" alt=\"\" class=\"wp-image-6326\"\/><figcaption>Logo Ambar<br><\/figcaption><\/figure>\n\n\n\n<p>En palabras de <strong>Sergi Martinez, Director de marketing del Grupo Agora<\/strong>, al que pertenece Ambar; \u201cQueremos mostrar la pasi\u00f3n con la que elaboramos nuestra cerveza. Es al rev\u00e9s, ser peque\u00f1o es una singularidad que permite ser aut\u00e9ntico, inconformista y muy exigente, y as\u00ed vencer las dificultades y ser m\u00e1s feliz. De hecho, \u00a1es la historia de nuestra vida!\u201d<\/p>\n\n\n\n<p>Felicidades AMBAR \u00a1 Seguro que esta campa\u00f1a publicitaria os traer\u00e1 grandes \u00e9xitos \u00a1<\/p>\n","protected":false},"excerpt":{"rendered":"<p>AMBAR, la peque\u00f1a cervecera del Ebro, presenta su nueva campa\u00f1a con el lema \u00abser peque\u00f1o sabe mejor\u00ab. Su objetivo es demostrar que, independientemente del tama\u00f1o, con un producto excelente es posible ilusionarse, superar retos complicados y ganar a los grandes. [&hellip;]<\/p>\n","protected":false},"author":3,"featured_media":10445,"comment_status":"open","ping_status":"open","sticky":false,"template":"","format":"standard","meta":{"inline_featured_image":false,"footnotes":""},"categories":[1506,1488,1490,1500,1491],"tags":[1549,1539,1493,1494,1496,1505,1498],"class_list":["post-11588","post","type-post","status-publish","format-standard","has-post-thumbnail","hentry","category-barcelona-en","category-lonas-publicitarias-en","category-productos-en","category-sin-categoria-en","category-ubicacion-en","tag-ambar-cerveza-en","tag-lonabarcelona-en","tag-lonadegranformato-en","tag-lonaespectacular-en","tag-lonapublicitaria-en","tag-vsa-en","tag-vsacomunicacion-en"],"_links":{"self":[{"href":"https:\/\/www.vsacomunicacion.com\/en\/wp-json\/wp\/v2\/posts\/11588"}],"collection":[{"href":"https:\/\/www.vsacomunicacion.com\/en\/wp-json\/wp\/v2\/posts"}],"about":[{"href":"https:\/\/www.vsacomunicacion.com\/en\/wp-json\/wp\/v2\/types\/post"}],"author":[{"embeddable":true,"href":"https:\/\/www.vsacomunicacion.com\/en\/wp-json\/wp\/v2\/users\/3"}],"replies":[{"embeddable":true,"href":"https:\/\/www.vsacomunicacion.com\/en\/wp-json\/wp\/v2\/comments?post=11588"}],"version-history":[{"count":0,"href":"https:\/\/www.vsacomunicacion.com\/en\/wp-json\/wp\/v2\/posts\/11588\/revisions"}],"wp:featuredmedia":[{"embeddable":true,"href":"https:\/\/www.vsacomunicacion.com\/en\/wp-json\/wp\/v2\/media\/10445"}],"wp:attachment":[{"href":"https:\/\/www.vsacomunicacion.com\/en\/wp-json\/wp\/v2\/media?parent=11588"}],"wp:term":[{"taxonomy":"category","embeddable":true,"href":"https:\/\/www.vsacomunicacion.com\/en\/wp-json\/wp\/v2\/categories?post=11588"},{"taxonomy":"post_tag","embeddable":true,"href":"https:\/\/www.vsacomunicacion.com\/en\/wp-json\/wp\/v2\/tags?post=11588"}],"curies":[{"name":"wp","href":"https:\/\/api.w.org\/{rel}","templated":true}]}}