{"id":11593,"date":"2022-09-16T00:00:00","date_gmt":"2022-09-15T22:00:00","guid":{"rendered":"https:\/\/www.vsacomunicacion.com\/deslumbrante-lona-fame-de-paco-rabanne\/"},"modified":"2022-09-16T00:00:00","modified_gmt":"2022-09-15T22:00:00","slug":"deslumbrante-lona-fame-de-paco-rabanne","status":"publish","type":"post","link":"https:\/\/www.vsacomunicacion.com\/en\/deslumbrante-lona-fame-de-paco-rabanne\/","title":{"rendered":"Deslumbrante lona FAME de Paco Rabanne"},"content":{"rendered":"\n<figure class=\"wp-block-image size-large\"><img decoding=\"async\" src=\"https:\/\/www.vsacomunicacion.com\/wp-content\/uploads\/2023\/02\/puigi-1024x696-1.jpg\" alt=\"\" class=\"wp-image-6256\"\/><figcaption>Lona Paco Rabanne en Madrid<\/figcaption><\/figure>\n\n\n\n<p><a href=\"https:\/\/www.pacorabanne.com\/es\/es?utm_source=adwords&amp;utm_medium=paid_search_brand&amp;utm_content=conversion&amp;utm_bu=fragrance&amp;utm_mkbr=brd_esp&amp;utm_campaign=PR_ESP_Brand_SPA_ALL_Global_CONS&amp;utm_term=pacorabanne&amp;utm_clicktype=main_ad&amp;gclsrc=aw.ds&amp;gclid=Cj0KCQjwv\" target=\"_blank\" rel=\"noopener\">FAME<\/a> es un nuevo perfume de Paco Rabanne que ha sido presentado en Madrid a trav\u00e9s de una lona publicitaria de <a href=\"https:\/\/www.vsacomunicacion.com\/es\/default.asp\" title=\"VSA COMUNICACI\u00d3N \"><strong>VSA COMUNICACI\u00d3N<\/strong> <\/a> y que rinde homenaje al ic\u00f3nico vestido metalizado del modisto.<\/p>\n\n\n\n<figure class=\"wp-block-embed-youtube wp-block-embed is-type-video is-provider-youtube wp-embed-aspect-16-9 wp-has-aspect-ratio\"><div class=\"wp-block-embed__wrapper\">\n<iframe title=\"D\u00e9couvrez Fame | PACO RABANNE\" width=\"1100\" height=\"619\" src=\"https:\/\/www.youtube.com\/embed\/tRxd0lWJeMU?feature=oembed\" frameborder=\"0\" allow=\"accelerometer; autoplay; clipboard-write; encrypted-media; gyroscope; picture-in-picture; web-share\" referrerpolicy=\"strict-origin-when-cross-origin\" allowfullscreen><\/iframe>\n<\/div><\/figure>\n\n\n\n<p>En el a\u00f1o 1966,&nbsp;<strong><a href=\"https:\/\/www.instagram.com\/pacorabanne\/?hl=en\" title=\"Paco Rabanne\" target=\"_blank\" rel=\"noopener\">Paco Rabanne<\/a><\/strong>&nbsp;present\u00f3 una colecci\u00f3n con 12 vestidos imposibles de llevar, elaborados con&nbsp;<strong>cota de malla<\/strong>&nbsp;y&nbsp;<strong>metal<\/strong>, toda una declaraci\u00f3n de intenciones de lo que el dise\u00f1ador entend\u00eda acerca de la moda y la feminidad.<\/p>\n\n\n\n<p>Con <strong>FAME<\/strong>, la marca ha querido refrescar los c\u00f3digos emblem\u00e1ticos creados por su fundador a trav\u00e9s de un&nbsp;<strong>frasco audaz y atrevido<\/strong>&nbsp;que mantiene el car\u00e1cter sofisticado de un&nbsp;<strong>perfume joya<\/strong>. Metal, brillo y el detalle de unas gafas de sol negras nos anticipan que estamos ante una fragancia que no quiere pasar desapercibida.<\/p>\n\n\n\n<figure class=\"wp-block-image size-large\"><img decoding=\"async\" src=\"https:\/\/www.vsacomunicacion.com\/blog\/wp-content\/uploads\/2022\/09\/perfume-blog.jpg\" alt=\"\" class=\"wp-image-6258\"\/><\/figure>\n\n\n\n<p>La actriz <a href=\"https:\/\/www.instagram.com\/ellefanning\/?hl=en\" title=\"Elle Fanning\" target=\"_blank\" rel=\"noopener\">Elle Fanning<\/a> encarna a la musa de <strong>FAME<\/strong> y la podemos ver en infinidad de mensajes publicitarios del perfume.<\/p>\n\n\n\n<figure class=\"wp-block-image size-large\"><img decoding=\"async\" src=\"https:\/\/www.vsacomunicacion.com\/wp-content\/uploads\/2023\/02\/modelo-y-perfume-1-1.jpg\" alt=\"\" class=\"wp-image-6257\"\/><figcaption>Elle Fanning con la nueva fragancia de paco Rabanne<\/figcaption><\/figure>\n\n\n\n<p><strong>Elle Fanning<\/strong> tal y como intu\u00edamos desde su ni\u00f1ez, se ha convertido en una mujer profesional con un gusto en moda exquisito. Adem\u00e1s, vive un momento dulce. Dos de sus \u00faltimas pel\u00edculas se han estrenado en el Festival de Cannes (\u2018How To Talk To Girls At Parties\u2019, de John Cameron Mitchell y \u2018The Beguiled\u2019, de Sofia Coppola). Otras marcas como <strong>Miu Miu <\/strong>y <strong>Gucci<\/strong> han apostado por ella por ser una actriz en boga.<\/p>\n\n\n\n<p>Fame es una fragancia respetuosa con el medio ambiente. Est\u00e1 elaborada con un&nbsp;<strong>90% de ingredientes de origen natural<\/strong>, obtenidos de manera responsable con tecnolog\u00eda punta.<\/p>\n\n\n\n<p>Entre sus&nbsp;<strong>ingredientes<\/strong>, destacan el&nbsp;<strong>mango<\/strong>, el&nbsp;<strong>jazm\u00edn<\/strong>&nbsp;y el&nbsp;<strong>incienso<\/strong>, que pone el sello Paco Rabanne al perfume.<\/p>\n\n\n\n<p>D\u00e9jate seducir por la nueva fragancia <strong>FAME<\/strong> y salta a la Fama!!!<\/p>\n","protected":false},"excerpt":{"rendered":"<p>FAME es un nuevo perfume de Paco Rabanne que ha sido presentado en Madrid a trav\u00e9s de una lona publicitaria de VSA COMUNICACI\u00d3N y que rinde homenaje al ic\u00f3nico vestido metalizado del modisto. En el a\u00f1o 1966,&nbsp;Paco Rabanne&nbsp;present\u00f3 una colecci\u00f3n [&hellip;]<\/p>\n","protected":false},"author":3,"featured_media":10514,"comment_status":"open","ping_status":"open","sticky":false,"template":"","format":"standard","meta":{"inline_featured_image":false,"footnotes":""},"categories":[1488,1489,1490,1500,1491],"tags":[1493,1496,1551,1534,1505,1498,1552,1499],"class_list":["post-11593","post","type-post","status-publish","format-standard","has-post-thumbnail","hentry","category-lonas-publicitarias-en","category-madrid-en","category-productos-en","category-sin-categoria-en","category-ubicacion-en","tag-lonadegranformato-en","tag-lonapublicitaria-en","tag-pacorabanne-ellefanning-gobig-en","tag-sorprender-en","tag-vsa-en","tag-vsacomunicacion-en","tag-alcala-en","tag-madrid-en"],"_links":{"self":[{"href":"https:\/\/www.vsacomunicacion.com\/en\/wp-json\/wp\/v2\/posts\/11593"}],"collection":[{"href":"https:\/\/www.vsacomunicacion.com\/en\/wp-json\/wp\/v2\/posts"}],"about":[{"href":"https:\/\/www.vsacomunicacion.com\/en\/wp-json\/wp\/v2\/types\/post"}],"author":[{"embeddable":true,"href":"https:\/\/www.vsacomunicacion.com\/en\/wp-json\/wp\/v2\/users\/3"}],"replies":[{"embeddable":true,"href":"https:\/\/www.vsacomunicacion.com\/en\/wp-json\/wp\/v2\/comments?post=11593"}],"version-history":[{"count":0,"href":"https:\/\/www.vsacomunicacion.com\/en\/wp-json\/wp\/v2\/posts\/11593\/revisions"}],"wp:featuredmedia":[{"embeddable":true,"href":"https:\/\/www.vsacomunicacion.com\/en\/wp-json\/wp\/v2\/media\/10514"}],"wp:attachment":[{"href":"https:\/\/www.vsacomunicacion.com\/en\/wp-json\/wp\/v2\/media?parent=11593"}],"wp:term":[{"taxonomy":"category","embeddable":true,"href":"https:\/\/www.vsacomunicacion.com\/en\/wp-json\/wp\/v2\/categories?post=11593"},{"taxonomy":"post_tag","embeddable":true,"href":"https:\/\/www.vsacomunicacion.com\/en\/wp-json\/wp\/v2\/tags?post=11593"}],"curies":[{"name":"wp","href":"https:\/\/api.w.org\/{rel}","templated":true}]}}