{"id":11595,"date":"2022-09-15T00:00:00","date_gmt":"2022-09-14T22:00:00","guid":{"rendered":"https:\/\/www.vsacomunicacion.com\/gran-lona-nike-para-alcaraz\/"},"modified":"2022-09-15T00:00:00","modified_gmt":"2022-09-14T22:00:00","slug":"gran-lona-nike-para-alcaraz","status":"publish","type":"post","link":"https:\/\/www.vsacomunicacion.com\/en\/gran-lona-nike-para-alcaraz\/","title":{"rendered":"Gran lona Nike para Alcaraz"},"content":{"rendered":"\n<figure class=\"wp-block-image size-large\"><img decoding=\"async\" src=\"https:\/\/www.vsacomunicacion.com\/wp-content\/uploads\/2023\/02\/NIKE-BLOG-NOCHE-1.jpg\" alt=\"\" class=\"wp-image-6243\"\/><\/figure>\n\n\n\n<p><a href=\"https:\/\/www.nike.com\/es\/?cp=40840846946_search_%7cnike%7c10575086106%7c109984426528%7ce%7cc%7cEN%7cpure%7c452199484522&amp;ds_rl=1252249&amp;gclid=Cj0KCQjwmouZBhDSARIsALYcour4Zf5SZo2k0xU63YNIOalm3oaaISv_0WtWNzkFS5NtNjCkeC88UWcaAvfDEALw_wcB&amp;gclsrc=aw.ds\" title=\"Nike\" target=\"_blank\" rel=\"noopener\">Nike<\/a> ha querido felicitar a Carlos Alcaraz de una forma muy especial \u2192 se ha instalado una <strong>GRAN LONA PUBLICITARIA<\/strong> en un tiempo R\u00c9CORD. Esto ha sido posible gracias a la coordinaci\u00f3n entre todos los equipos liderados por <a href=\"http:\/\/www.vsacomunicacion.com\" title=\"VSA COMUNICACION\">VSA COMUNICACION<\/a>. La lona se ha instalado en uno de nuestros mejores emplazamientos en Barcelona.<\/p>\n\n\n\n<p>Carlos ha conseguido ser el N\u00daMERO 1 de la ATP con tan solo 19 a\u00f1os y 4 meses, tras su victoria en el <a href=\"https:\/\/www.usopen.org\/index.html\" title=\"US Open.\" target=\"_blank\" rel=\"noopener\">US Open.<\/a> El tenista de El Palmar (Murcia) logra as\u00ed otro hito que a\u00f1ade a los numerosos \u00e9xitos que ya ha conseguido a lo largo de la temporada 2022 y que mencionamos a continuaci\u00f3n:<\/p>\n\n\n\n<ul class=\"wp-block-list\"><li>Ha sido el campe\u00f3n m\u00e1s joven en el Masters 1.000 de Miami y en el Mutua Madrid Open (ganando a Rafa Nadal y a Novack Djokovic).<\/li><\/ul>\n\n\n\n<ul class=\"wp-block-list\"><li>El Campe\u00f3n m\u00e1s joven del ATP 500 en R\u00edo de Janeiro.<\/li><\/ul>\n\n\n\n<ul class=\"wp-block-list\"><li>El Campe\u00f3n m\u00e1s joven de un Grand Slam desde Rafa Nadal en Roland Garros 2005.<\/li><\/ul>\n\n\n\n<ul class=\"wp-block-list\"><li>El N\u00famero 1 m\u00e1s joven de la historia del tenis con 19 a\u00f1os y 4 meses, superando el r\u00e9cord de Lleyton Hewitt con 20 a\u00f1os y 8 meses.<\/li><\/ul>\n\n\n\n<p>Detr\u00e1s del \u00e9xito del tenista  hay una facilidad natural para el deporte, pero principalmente sacrificio y voluntad de trabajo.<\/p>\n\n\n\n<figure class=\"wp-block-image size-large\"><img decoding=\"async\" src=\"https:\/\/www.vsacomunicacion.com\/wp-content\/uploads\/2023\/02\/VAMOS3-1.jpg\" alt=\"\" class=\"wp-image-6245\"\/><figcaption>N\u00famero 1 en la ATP de tenis<\/figcaption><\/figure>\n\n\n\n<p><em>&#8220;Soy un chico muy competitivo, no me gusta perder dos veces&#8221; comenta el tenista.<\/em><\/p>\n\n\n\n<p>Para entender el Carlos Alcaraz del presente hay que viajar al pasado. El tenista naci\u00f3 en el seno de una familia completamente ligada al tenis: su abuelo fue el primer socio del club de tenis y su padre, director de una escuela y lleg\u00f3 a ser subcampe\u00f3n de Espa\u00f1a en este deporte.<\/p>\n\n\n\n<figure class=\"wp-block-image size-large\"><img decoding=\"async\" src=\"https:\/\/www.vsacomunicacion.com\/wp-content\/uploads\/2023\/02\/CARLITS-1.jpg\" alt=\"\" class=\"wp-image-6246\"\/><figcaption>Carlos Alcaraz de peque\u00f1o<\/figcaption><\/figure>\n\n\n\n<p>As\u00ed, Carlos Alcaraz (y sus tres hermanos) ten\u00edan pocas opciones de que quisieran ser otra cosa, y m\u00e1s creciendo con un referente tan grande en Espa\u00f1a como Rafa Nadal, quien gan\u00f3 su primer Grand Slam (Roland-Garros) en 2005, a la vez que Alcaraz con solo tres a\u00f1os recib\u00eda su primera raqueta. \u00a1Y as\u00ed empez\u00f3 todo!<\/p>\n\n\n\n<p>Desde ese momento, el ahora estrella ten\u00eda muy claro qu\u00e9 quer\u00eda ser.&#8221;Si est\u00e1 ocurriendo lo que est\u00e1 ocurriendo no es por casualidad, sino porque desde que era un ni\u00f1o&nbsp;<strong>ten\u00eda muy claro qu\u00e9 quer\u00eda ser<\/strong>.<\/p>\n\n\n\n<p>&#8220;Ten\u00eda una visi\u00f3n muy definida de hasta d\u00f3nde quer\u00eda llegar y eso no es f\u00e1cil, porque a esas edades los deseos suelen ser mucho m\u00e1s fluctuantes&#8221;,&nbsp;&nbsp;explic\u00f3 <a href=\"https:\/\/pildorasdelafelicidad.com\/\" title=\"Josefina Cutillas\" target=\"_blank\" rel=\"noopener\">Josefina Cutillas<\/a>, la psic\u00f3loga deportiva que acompa\u00f1\u00f3 a Alcaraz desde los ocho hasta los 16 a\u00f1os.<\/p>\n\n\n\n<p>Y esta idea est\u00e1 cerca de materializarla, porque Alcaraz no quer\u00eda ser bueno; quer\u00eda ser el mejor. Y lo ha conseguido. Felicidades Carlos!!!<\/p>\n\n\n\n<figure class=\"wp-block-image size-large\"><img decoding=\"async\" src=\"https:\/\/www.vsacomunicacion.com\/wp-content\/uploads\/2023\/02\/winner-1.jpg\" alt=\"\" class=\"wp-image-6247\"\/><figcaption>Alcaraz tras ganar la copa del US Open<\/figcaption><\/figure>\n","protected":false},"excerpt":{"rendered":"<p>Nike ha querido felicitar a Carlos Alcaraz de una forma muy especial \u2192 se ha instalado una GRAN LONA PUBLICITARIA en un tiempo R\u00c9CORD. Esto ha sido posible gracias a la coordinaci\u00f3n entre todos los equipos liderados por VSA COMUNICACION. [&hellip;]<\/p>\n","protected":false},"author":3,"featured_media":10528,"comment_status":"open","ping_status":"open","sticky":false,"template":"","format":"standard","meta":{"inline_featured_image":false,"footnotes":""},"categories":[1506,1488,1490,1500,1491],"tags":[1523,1496,1505,1498,1516,1553,1512,1554],"class_list":["post-11595","post","type-post","status-publish","format-standard","has-post-thumbnail","hentry","category-barcelona-en","category-lonas-publicitarias-en","category-productos-en","category-sin-categoria-en","category-ubicacion-en","tag-campanapublicitaria-en","tag-lonapublicitaria-en","tag-vsa-en","tag-vsacomunicacion-en","tag-barcelona-en","tag-nike-en","tag-ooh-en","tag-tenis-en"],"_links":{"self":[{"href":"https:\/\/www.vsacomunicacion.com\/en\/wp-json\/wp\/v2\/posts\/11595"}],"collection":[{"href":"https:\/\/www.vsacomunicacion.com\/en\/wp-json\/wp\/v2\/posts"}],"about":[{"href":"https:\/\/www.vsacomunicacion.com\/en\/wp-json\/wp\/v2\/types\/post"}],"author":[{"embeddable":true,"href":"https:\/\/www.vsacomunicacion.com\/en\/wp-json\/wp\/v2\/users\/3"}],"replies":[{"embeddable":true,"href":"https:\/\/www.vsacomunicacion.com\/en\/wp-json\/wp\/v2\/comments?post=11595"}],"version-history":[{"count":0,"href":"https:\/\/www.vsacomunicacion.com\/en\/wp-json\/wp\/v2\/posts\/11595\/revisions"}],"wp:featuredmedia":[{"embeddable":true,"href":"https:\/\/www.vsacomunicacion.com\/en\/wp-json\/wp\/v2\/media\/10528"}],"wp:attachment":[{"href":"https:\/\/www.vsacomunicacion.com\/en\/wp-json\/wp\/v2\/media?parent=11595"}],"wp:term":[{"taxonomy":"category","embeddable":true,"href":"https:\/\/www.vsacomunicacion.com\/en\/wp-json\/wp\/v2\/categories?post=11595"},{"taxonomy":"post_tag","embeddable":true,"href":"https:\/\/www.vsacomunicacion.com\/en\/wp-json\/wp\/v2\/tags?post=11595"}],"curies":[{"name":"wp","href":"https:\/\/api.w.org\/{rel}","templated":true}]}}