{"id":11596,"date":"2022-09-02T00:00:00","date_gmt":"2022-09-01T22:00:00","guid":{"rendered":"https:\/\/www.vsacomunicacion.com\/vueling-lanza-we-love-egipte\/"},"modified":"2022-09-02T00:00:00","modified_gmt":"2022-09-01T22:00:00","slug":"vueling-lanza-we-love-egipte","status":"publish","type":"post","link":"https:\/\/www.vsacomunicacion.com\/en\/vueling-lanza-we-love-egipte\/","title":{"rendered":"Vueling lanza WE LOVE EGIPTE"},"content":{"rendered":"\n<p><strong><a href=\"https:\/\/www.vueling.com\/en?ef_id=CjwKCAjwhNWZBhB_EiwAPzlhNhktXlQWaQkmWH73seErspbZhy9Aqo4IKx9pYtNjXgQWiVUbIwQ4rxoCK_MQAvD_BwE:G:s&amp;&amp;cadw=ES&amp;mkwid=s_dc|pcrid|563874265321|pkw|vueling|pmt|e|slid||pgrid|132141562071|ptaid|kwd-582525849&amp;SBR=SBR4748&amp;utm_medium=&amp;gclid=CjwKCAjwhNWZBhB_EiwAPzlhNhktXlQWaQkmWH73seErspbZhy9Aqo4IKx9pYtNjXgQWiVUbIwQ4rxoCK_MQAvD_BwE&amp;gclsrc=aw.ds\" title=\"Vueling\" target=\"_blank\" rel=\"noopener\">Vueling<\/a><\/strong> ha anunciado el lanzamiento de una nueva ruta directa, nunca antes operada por la aerol\u00ednea. Y lo ha querido dar a conocer con <strong><a href=\"https:\/\/www.vsacomunicacion.com\/es\/default.asp\" title=\"VSA COMUNICACI\u00d3N\">VSA COMUNICACI\u00d3N<\/a><\/strong> a trav\u00e9s de una lona publicitaria en la calle Arag\u00f3n, 435 de Barcelona. <\/p>\n\n\n\n<figure class=\"wp-block-image size-large\"><img decoding=\"async\" src=\"https:\/\/www.vsacomunicacion.com\/wp-content\/uploads\/2023\/02\/foto4-v-1.jpg\" alt=\"\" class=\"wp-image-6280\"\/><figcaption>Lona Vueling WE LOVE EGIPTE, Barcelona<\/figcaption><\/figure>\n\n\n\n<p>El Cairo es la capital de Egipto&nbsp;y la&nbsp;ciudad m\u00e1s importante del pa\u00eds. Con una poblaci\u00f3n de casi&nbsp;20 millones de habitantes, El Cairo es tambi\u00e9n&nbsp;la&nbsp;ciudad m\u00e1s poblada de \u00c1frica y es por eso por lo que <strong>Vueling<\/strong> se ha enamorado de ella y le rinde homenaje con esta nueva ruta. Es una de las maravillas del mundo. Es indispensable visitarla.<\/p>\n\n\n\n<figure class=\"wp-block-image size-large\"><img decoding=\"async\" src=\"https:\/\/www.vsacomunicacion.com\/wp-content\/uploads\/2023\/02\/foto-3v-e1664438786908-1.jpg\" alt=\"\" class=\"wp-image-6279\"\/><figcaption>Egipto, una de las maravillas del mundo.<\/figcaption><\/figure>\n\n\n\n<figure class=\"wp-block-image size-large\"><img decoding=\"async\" src=\"https:\/\/www.vsacomunicacion.com\/wp-content\/uploads\/2023\/02\/crea-e1664439854402-1.jpg\" alt=\"\" class=\"wp-image-6284\"\/><\/figure>\n\n\n\n<p><strong>Vueling<\/strong> se puso en marcha el 1 de julio de 2004, d\u00eda en que<strong> <\/strong>Phil Collins actu\u00f3 en el Palau Sant Jordi, en el cine se estren\u00f3 Shrek 2; y triunfaban pel\u00edculas como Troya o Harry Potter, mientras que la compa\u00f1\u00eda un\u00eda diariamente Barcelona con Palma, Par\u00eds, Bruselas e Ibiza.<\/p>\n\n\n\n<figure class=\"wp-block-image size-large\"><img decoding=\"async\" src=\"https:\/\/www.vsacomunicacion.com\/wp-content\/uploads\/2023\/02\/foto-1-v-1-e1664438812715-1.jpg\" alt=\"\" class=\"wp-image-6278\"\/><figcaption>Foto del primer vuelo de la compa\u00f1\u00eda <\/figcaption><\/figure>\n\n\n\n<p>Vueling empez\u00f3 a volar con una flota m\u00ednima: dos aviones y un personal ajustado a las necesidades de sus primeros pasos. Una plantilla de 120 personas&nbsp;<strong>entre tripulantes, personal de tierra y de oficinas<\/strong>&nbsp;conformaron el staff inicial de compa\u00f1\u00eda.<\/p>\n\n\n\n<p>La f\u00f3rmula de arranque fue sencilla:&nbsp;<strong>ofrecer un buen servicio, fresco y cercano a un precio muy ajustado<\/strong>, inspirado en empresas como la estadounidense, <a href=\"https:\/\/www.jetblue.com\/\" title=\"JetBlue\" target=\"_blank\" rel=\"noopener\">JetBlue<\/a>, con la que hubo una estrecha vinculaci\u00f3n en los primeros tiempos. <strong>Vueling<\/strong> arranc\u00f3 autodenomin\u00e1ndose como &#8216;Compa\u00f1\u00eda de Nueva Generaci\u00f3n&#8217;. Una nueva l\u00ednea, a muchos sorprendi\u00f3 por el uso del \u2018t\u00fa\u2019 en lugar del \u2018usted\u2019 en las comunicaciones o el uso de varias lenguas&nbsp;en las campa\u00f1as publicitarias. Tambi\u00e9n sorprendi\u00f3 ver a pilotos de una compa\u00f1\u00eda espa\u00f1ola con una primera uniformidad muy diferente a la cl\u00e1sica: corbata amarilla y pantalones en tono caqui. Detalles que marcaron la diferencia durante los primeros compases de la vida de esta aerol\u00ednea.<\/p>\n\n\n\n<figure class=\"wp-block-image size-large\"><img decoding=\"async\" src=\"https:\/\/www.vsacomunicacion.com\/wp-content\/uploads\/2023\/02\/uniforme-okkkk-1-1.jpg\" alt=\"\" class=\"wp-image-6286\"\/><figcaption>Uniforme de la aerol\u00ednea.<\/figcaption><\/figure>\n\n\n\n<p>As\u00ed fueron los primeros pasos de una compa\u00f1\u00eda que empez\u00f3 hace 15 a\u00f1os con &nbsp;ganas de comerse el mundo.<strong> Feliz 15\u00ba aniversario y a por muchos, muchos m\u00e1s<\/strong>!!!!<\/p>\n\n\n\n<figure class=\"wp-block-embed-youtube wp-block-embed is-type-video is-provider-youtube wp-embed-aspect-16-9 wp-has-aspect-ratio\"><div class=\"wp-block-embed__wrapper\">\n<iframe title=\"15 ANIVERSARIO VUELING\" width=\"1100\" height=\"619\" src=\"https:\/\/www.youtube.com\/embed\/hWaMhnYNNXU?feature=oembed\" frameborder=\"0\" allow=\"accelerometer; autoplay; clipboard-write; encrypted-media; gyroscope; picture-in-picture; web-share\" referrerpolicy=\"strict-origin-when-cross-origin\" allowfullscreen><\/iframe>\n<\/div><\/figure>\n","protected":false},"excerpt":{"rendered":"<p>Vueling ha anunciado el lanzamiento de una nueva ruta directa, nunca antes operada por la aerol\u00ednea. Y lo ha querido dar a conocer con VSA COMUNICACI\u00d3N a trav\u00e9s de una lona publicitaria en la calle Arag\u00f3n, 435 de Barcelona. El [&hellip;]<\/p>\n","protected":false},"author":3,"featured_media":10546,"comment_status":"open","ping_status":"open","sticky":false,"template":"","format":"standard","meta":{"inline_featured_image":false,"footnotes":""},"categories":[1488,1489,1490,1500,1491],"tags":[1513,1524,1496,1498,1516],"class_list":["post-11596","post","type-post","status-publish","format-standard","has-post-thumbnail","hentry","category-lonas-publicitarias-en","category-madrid-en","category-productos-en","category-sin-categoria-en","category-ubicacion-en","tag-barcelona-vsa-en","tag-lona-en","tag-lonapublicitaria-en","tag-vsacomunicacion-en","tag-barcelona-en"],"_links":{"self":[{"href":"https:\/\/www.vsacomunicacion.com\/en\/wp-json\/wp\/v2\/posts\/11596"}],"collection":[{"href":"https:\/\/www.vsacomunicacion.com\/en\/wp-json\/wp\/v2\/posts"}],"about":[{"href":"https:\/\/www.vsacomunicacion.com\/en\/wp-json\/wp\/v2\/types\/post"}],"author":[{"embeddable":true,"href":"https:\/\/www.vsacomunicacion.com\/en\/wp-json\/wp\/v2\/users\/3"}],"replies":[{"embeddable":true,"href":"https:\/\/www.vsacomunicacion.com\/en\/wp-json\/wp\/v2\/comments?post=11596"}],"version-history":[{"count":0,"href":"https:\/\/www.vsacomunicacion.com\/en\/wp-json\/wp\/v2\/posts\/11596\/revisions"}],"wp:featuredmedia":[{"embeddable":true,"href":"https:\/\/www.vsacomunicacion.com\/en\/wp-json\/wp\/v2\/media\/10546"}],"wp:attachment":[{"href":"https:\/\/www.vsacomunicacion.com\/en\/wp-json\/wp\/v2\/media?parent=11596"}],"wp:term":[{"taxonomy":"category","embeddable":true,"href":"https:\/\/www.vsacomunicacion.com\/en\/wp-json\/wp\/v2\/categories?post=11596"},{"taxonomy":"post_tag","embeddable":true,"href":"https:\/\/www.vsacomunicacion.com\/en\/wp-json\/wp\/v2\/tags?post=11596"}],"curies":[{"name":"wp","href":"https:\/\/api.w.org\/{rel}","templated":true}]}}