{"id":11599,"date":"2022-08-04T00:00:00","date_gmt":"2022-08-03T22:00:00","guid":{"rendered":"https:\/\/www.vsacomunicacion.com\/el-mejor-opel-astra-del-momento\/"},"modified":"2022-08-04T00:00:00","modified_gmt":"2022-08-03T22:00:00","slug":"el-mejor-opel-astra-del-momento","status":"publish","type":"post","link":"https:\/\/www.vsacomunicacion.com\/en\/el-mejor-opel-astra-del-momento\/","title":{"rendered":"EL MEJOR OPEL ASTRA DEL MOMENTO"},"content":{"rendered":"\n<p>A trav\u00e9s de esta fabulosa lona publicitaria&nbsp;<a href=\"https:\/\/www.vsacomunicacion.com\/\">VSA COMUNICACI\u00d3N<\/a>&nbsp;ha dado a conocer el mejor <a href=\"https:\/\/www.opel.es\/coches\/gama-astra\/astra\/5-puertas\/resumen.html?ppc=GOOGLE_700000001691169_71700000093010502_58700007778432456_p70614793122&amp;gclid=CjwKCAjw3K2XBhAzEiwAmmgrAotI53NfZ5SF84FMRwJjG0CIlYic3QA6HOkChVj6oIIg8NzirNbP-RoC7cEQAvD_BwE&amp;gclsrc=aw.ds\" title=\"Opel Astra\" target=\"_blank\" rel=\"noopener\">Opel Astra<\/a>&nbsp;del momento y \u00a1es un verdadero \u00e9xito comercial !: su inmejorable ubicaci\u00f3n, chafl\u00e1n de las calles Arag\u00f3n y Marina de Barcelona, es su garant\u00eda de \u00e9xito.<\/p>\n\n\n\n<figure class=\"wp-block-image size-large\"><img decoding=\"async\" src=\"https:\/\/www.vsacomunicacion.com\/wp-content\/uploads\/2023\/02\/opel-astra-1.jpg\" alt=\"\" class=\"wp-image-6229\"\/><\/figure>\n\n\n\n<p>Tan bueno que se pelear\u00e1n por conducirlo; h\u00edbrido y enchufable, sobran las palabras para describirlo\u2026<\/p>\n\n\n\n<p>Seg\u00fan la directora general de Marketing de Opel, <strong>Tina M\u00fcller<\/strong>: \u201cnuestro nuevo Astra es una estrella en todos los sentidos. Hemos recibido m\u00e1s de 40.000 pedidos y ahora hemos ganado este premio tan especial, estamos encantados. \u00a1Opel es importante de nuevo, y el modelo Astra es nuestra estrella!\u201d<\/p>\n\n\n\n<figure class=\"wp-block-image size-large\"><img decoding=\"async\" src=\"https:\/\/www.vsacomunicacion.com\/wp-content\/uploads\/2023\/02\/opel-1-cara-1.jpg\" alt=\"\" class=\"wp-image-6228\"\/><\/figure>\n\n\n\n<p>Con una est\u00e9tica innovadora, Astra 2022, reposiciona el nombre del modelo en la puerta del maletero, en el \u00e1rea entre el emblema de la marca y la matr\u00edcula, sin obviar con ello el lenguaje de dise\u00f1o de los \u00faltimos lanzamientos de la marca.<\/p>\n\n\n\n<figure class=\"wp-block-image size-large\"><img decoding=\"async\" src=\"https:\/\/www.vsacomunicacion.com\/wp-content\/uploads\/2023\/02\/opel-culo-1.jpg\" alt=\"\" class=\"wp-image-6230\"\/><\/figure>\n\n\n\n<p>El Pure Panel, es una verdadera revoluci\u00f3n en su interior, un panel con una pantalla t\u00e1ctil para el infoentretenimiento (compatible con Apple CarPlay y Android Auto sin necesidad de cables) en palabras de Opel: un verdadero puesto de conducci\u00f3n digital.<\/p>\n\n\n\n<p>Con control de crucero adaptativo con frenada autom\u00e1tica, incluso hasta parado. En la versi\u00f3n autom\u00e1tica, esta tecnolog\u00eda permite que el veh\u00edculo arranque por s\u00ed s\u00f3lo y reanude la marcha.<\/p>\n\n\n\n<p>El Astra puede ajustar su velocidad en las curvas y hacer cambios semiautom\u00e1ticos de carril. El piloto debe mantener las manos en el volante en todo momento para intervenir si es preciso. Y, por si fuera poco, tiene alerta de tr\u00e1fico cruzado y sensor de punto ciego.<\/p>\n\n\n\n<p>A principios de 2023 estar\u00e1 disponible la versi\u00f3n completamente el\u00e9ctrica.<\/p>\n\n\n\n<p>\u00a1Se atrevido y brilla con el nuevo Opel Astra!<\/p>\n","protected":false},"excerpt":{"rendered":"<p>A trav\u00e9s de esta fabulosa lona publicitaria&nbsp;VSA COMUNICACI\u00d3N&nbsp;ha dado a conocer el mejor Opel Astra&nbsp;del momento y \u00a1es un verdadero \u00e9xito comercial !: su inmejorable ubicaci\u00f3n, chafl\u00e1n de las calles Arag\u00f3n y Marina de Barcelona, es su garant\u00eda de \u00e9xito. [&hellip;]<\/p>\n","protected":false},"author":3,"featured_media":10575,"comment_status":"open","ping_status":"open","sticky":false,"template":"","format":"standard","meta":{"inline_featured_image":false,"footnotes":""},"categories":[1506,1488,1490,1491],"tags":[1493,1496,1510,1505,1498,1516],"class_list":["post-11599","post","type-post","status-publish","format-standard","has-post-thumbnail","hentry","category-barcelona-en","category-lonas-publicitarias-en","category-productos-en","category-ubicacion-en","tag-lonadegranformato-en","tag-lonapublicitaria-en","tag-marketingespectacular-en","tag-vsa-en","tag-vsacomunicacion-en","tag-barcelona-en"],"_links":{"self":[{"href":"https:\/\/www.vsacomunicacion.com\/en\/wp-json\/wp\/v2\/posts\/11599"}],"collection":[{"href":"https:\/\/www.vsacomunicacion.com\/en\/wp-json\/wp\/v2\/posts"}],"about":[{"href":"https:\/\/www.vsacomunicacion.com\/en\/wp-json\/wp\/v2\/types\/post"}],"author":[{"embeddable":true,"href":"https:\/\/www.vsacomunicacion.com\/en\/wp-json\/wp\/v2\/users\/3"}],"replies":[{"embeddable":true,"href":"https:\/\/www.vsacomunicacion.com\/en\/wp-json\/wp\/v2\/comments?post=11599"}],"version-history":[{"count":0,"href":"https:\/\/www.vsacomunicacion.com\/en\/wp-json\/wp\/v2\/posts\/11599\/revisions"}],"wp:featuredmedia":[{"embeddable":true,"href":"https:\/\/www.vsacomunicacion.com\/en\/wp-json\/wp\/v2\/media\/10575"}],"wp:attachment":[{"href":"https:\/\/www.vsacomunicacion.com\/en\/wp-json\/wp\/v2\/media?parent=11599"}],"wp:term":[{"taxonomy":"category","embeddable":true,"href":"https:\/\/www.vsacomunicacion.com\/en\/wp-json\/wp\/v2\/categories?post=11599"},{"taxonomy":"post_tag","embeddable":true,"href":"https:\/\/www.vsacomunicacion.com\/en\/wp-json\/wp\/v2\/tags?post=11599"}],"curies":[{"name":"wp","href":"https:\/\/api.w.org\/{rel}","templated":true}]}}