{"id":11601,"date":"2022-07-01T00:00:00","date_gmt":"2022-06-30T22:00:00","guid":{"rendered":"https:\/\/www.vsacomunicacion.com\/sorprendente-embajadora-de-pantene\/"},"modified":"2022-07-01T00:00:00","modified_gmt":"2022-06-30T22:00:00","slug":"sorprendente-embajadora-de-pantene","status":"publish","type":"post","link":"https:\/\/www.vsacomunicacion.com\/en\/sorprendente-embajadora-de-pantene\/","title":{"rendered":"SORPRENDENTE  EMBAJADORA DE PANTENE"},"content":{"rendered":"\n<figure class=\"wp-block-image size-large\"><img decoding=\"async\" src=\"https:\/\/www.vsacomunicacion.com\/wp-content\/uploads\/2023\/02\/foto-pantene-aitana.jpg\" alt=\"\" class=\"wp-image-6160\"\/><figcaption>Lona publicitaria de Pantene con Aitana, instalada en Barcelona por VSA COMUNICACI\u00d3N<\/figcaption><\/figure>\n\n\n\n<p>Han cambiado muchas cosas desde que <strong><a href=\"https:\/\/www.instagram.com\/aitanax\/\" title=\" Aitana Oca\u00f1a\" target=\"_blank\" rel=\"noopener\">Aitana Oca\u00f1a<\/a><\/strong> se diera a conocer <em>en  un famoso reality show de televisi\u00f3n<\/em>&#8230; Su m\u00fasica, sus canciones y su estilo  han ido evolucionando durante todo este tiempo, pero hay algo que s\u00ed ha&nbsp;conseguido mantener: su espectacular melena que da brillo a su popular imagen. <\/p>\n\n\n\n<figure class=\"wp-block-image size-large\"><img decoding=\"async\" src=\"https:\/\/www.vsacomunicacion.com\/wp-content\/uploads\/2023\/02\/aitana-ot-foto-blog.jpg\" alt=\"\" class=\"wp-image-6158\"\/><figcaption>Aitana Oca\u00f1a en televisi\u00f3n<\/figcaption><\/figure>\n\n\n\n<p>Aitana&nbsp;ha hecho un  cambio de look radical para su nuevo proyecto con <strong>PANTENE<\/strong> \u00bfOs gusta? \u00a1A nosotros nos fascina!<\/p>\n\n\n\n<figure class=\"wp-block-image size-large\"><img decoding=\"async\" src=\"https:\/\/www.vsacomunicacion.com\/wp-content\/uploads\/2023\/02\/aitana-y-pantene-1024x576-1.jpg\" alt=\"\" class=\"wp-image-6159\"\/><\/figure>\n\n\n\n<p>Su estilo, su forma de vestir, de peinarse y de maquillarse son seguidas e imitadas por millones de j\u00f3venes, que buscan parecerse a ella. Las marcas de belleza m\u00e1s top, lo saben, y no pueden resistirse a su encanto natural .<\/p>\n\n\n\n<p>La firma <strong>PANTENE <\/strong>nos recomienda el uso de sus mascarillas capilares de gran calidad, una vez a la semana, para mantener un pelo bonito y sano.  Usadas con regularidad,  restauran el aspecto saludable del pelo haci\u00e9ndolo m\u00e1s manejable, brillante y suave. <\/p>\n\n\n\n<figure class=\"wp-block-image size-large\"><img decoding=\"async\" src=\"https:\/\/www.vsacomunicacion.com\/wp-content\/uploads\/2023\/02\/pantene-foto-1-blog-Recuperado.jpg\" alt=\"\" class=\"wp-image-6165\"\/><\/figure>\n\n\n\n<p>Entra en su web <strong>www.pantene.es<\/strong> y descubre qu\u00e9 mascarilla <strong>PANTENE <\/strong>es mejor para ti. <\/p>\n\n\n\n<p><strong>VSA COMUNICACI\u00d3N<\/strong> siempre busca la excelencia y ofrece a sus clientes premium, las mejores ubicaciones en toda Espa\u00f1a y Andorra.<\/p>\n\n\n\n<p>#pantene #pelopantene #aitana #publicidad #ooh #vsa #vsacomunicacion #outdoor #gobig<\/p>\n","protected":false},"excerpt":{"rendered":"<p>Han cambiado muchas cosas desde que Aitana Oca\u00f1a se diera a conocer en un famoso reality show de televisi\u00f3n&#8230; Su m\u00fasica, sus canciones y su estilo han ido evolucionando durante todo este tiempo, pero hay algo que s\u00ed ha&nbsp;conseguido mantener: [&hellip;]<\/p>\n","protected":false},"author":3,"featured_media":10596,"comment_status":"open","ping_status":"open","sticky":false,"template":"","format":"standard","meta":{"inline_featured_image":false,"footnotes":""},"categories":[1506,1488,1490,1491],"tags":[1519,1510,1559,1540,1505,1498,1516],"class_list":["post-11601","post","type-post","status-publish","format-standard","has-post-thumbnail","hentry","category-barcelona-en","category-lonas-publicitarias-en","category-productos-en","category-ubicacion-en","tag-lona-barcelona-streetmarketing-ooh-gobig-en","tag-marketingespectacular-en","tag-pantene-en","tag-publicidadexterior-en","tag-vsa-en","tag-vsacomunicacion-en","tag-barcelona-en"],"_links":{"self":[{"href":"https:\/\/www.vsacomunicacion.com\/en\/wp-json\/wp\/v2\/posts\/11601"}],"collection":[{"href":"https:\/\/www.vsacomunicacion.com\/en\/wp-json\/wp\/v2\/posts"}],"about":[{"href":"https:\/\/www.vsacomunicacion.com\/en\/wp-json\/wp\/v2\/types\/post"}],"author":[{"embeddable":true,"href":"https:\/\/www.vsacomunicacion.com\/en\/wp-json\/wp\/v2\/users\/3"}],"replies":[{"embeddable":true,"href":"https:\/\/www.vsacomunicacion.com\/en\/wp-json\/wp\/v2\/comments?post=11601"}],"version-history":[{"count":0,"href":"https:\/\/www.vsacomunicacion.com\/en\/wp-json\/wp\/v2\/posts\/11601\/revisions"}],"wp:featuredmedia":[{"embeddable":true,"href":"https:\/\/www.vsacomunicacion.com\/en\/wp-json\/wp\/v2\/media\/10596"}],"wp:attachment":[{"href":"https:\/\/www.vsacomunicacion.com\/en\/wp-json\/wp\/v2\/media?parent=11601"}],"wp:term":[{"taxonomy":"category","embeddable":true,"href":"https:\/\/www.vsacomunicacion.com\/en\/wp-json\/wp\/v2\/categories?post=11601"},{"taxonomy":"post_tag","embeddable":true,"href":"https:\/\/www.vsacomunicacion.com\/en\/wp-json\/wp\/v2\/tags?post=11601"}],"curies":[{"name":"wp","href":"https:\/\/api.w.org\/{rel}","templated":true}]}}