{"id":11603,"date":"2022-06-29T00:00:00","date_gmt":"2022-06-28T22:00:00","guid":{"rendered":"https:\/\/www.vsacomunicacion.com\/calida-lona-by-mango-en-madrid\/"},"modified":"2022-06-29T00:00:00","modified_gmt":"2022-06-28T22:00:00","slug":"calida-lona-by-mango-en-madrid","status":"publish","type":"post","link":"https:\/\/www.vsacomunicacion.com\/en\/calida-lona-by-mango-en-madrid\/","title":{"rendered":"C\u00e1lida lona by Mango en Madrid"},"content":{"rendered":"\n<p><strong><a href=\"https:\/\/shop.mango.com\/es\/mujer?gclid=Cj0KCQjw8O-VBhCpARIsACMvVLNP2Jsmk9XhMHcc8_7x7o6hxyvFRyNOhR402iVqUuReTUjCzBS5hrwaAq1CEALw_wcB&amp;gclsrc=aw.ds\" title=\"Mango\" target=\"_blank\" rel=\"noopener\">Mango<\/a><\/strong>, una de las marcas de moda m\u00e1s globales de Europa, lanza&nbsp;<em>Together Sounds Better<\/em>, una campa\u00f1a que celebra la vida y habla de la importancia de estar cerca de nuestros seres queridos.<\/p>\n\n\n\n<p>Para su nueva campa\u00f1a ha confiado nuevamente en <strong><a href=\"https:\/\/www.vsacomunicacion.com\/es\/default.asp\" title=\"VSA COMUNICACI\u00d3N\">VSA COMUNICACI\u00d3N<\/a><\/strong> y su incre\u00edble emplazamiento en el centro de la capital.<\/p>\n\n\n\n<figure class=\"wp-block-image size-large\"><img decoding=\"async\" src=\"https:\/\/www.vsacomunicacion.com\/wp-content\/uploads\/2023\/02\/Mango-foto-1-blog.jpg\" alt=\"\" class=\"wp-image-6161\"\/><figcaption>Sorprendente lona primaveral de Mango en Madrid por VSA<\/figcaption><\/figure>\n\n\n\n<figure class=\"wp-block-image size-large\"><img decoding=\"async\" src=\"https:\/\/www.vsacomunicacion.com\/wp-content\/uploads\/2023\/02\/Mango-foto-2-blog.jpg\" alt=\"\" class=\"wp-image-6162\"\/><figcaption>Lona de Mango de noche<\/figcaption><\/figure>\n\n\n\n<p>Mango celebra la estaci\u00f3n veraniega con una colecci\u00f3n sorprendente  colorida e irresistible. <\/p>\n\n\n\n<p>Las prendas de esta temporada est\u00e1n inspiradas en la elegancia de la moda italiana y se caracterizan por sus estampados vibrantes y siluetas que evocan al mar mediterr\u00e1neo. <\/p>\n\n\n\n<p>lonadegranformato #lonapublicitaria #marketingespectacular #mango #ooh #vsa #vsacomunicacion #bettertogether #mango #verano #gobig<\/p>\n","protected":false},"excerpt":{"rendered":"<p>Mango, una de las marcas de moda m\u00e1s globales de Europa, lanza&nbsp;Together Sounds Better, una campa\u00f1a que celebra la vida y habla de la importancia de estar cerca de nuestros seres queridos. Para su nueva campa\u00f1a ha confiado nuevamente en [&hellip;]<\/p>\n","protected":false},"author":3,"featured_media":10598,"comment_status":"open","ping_status":"open","sticky":false,"template":"","format":"standard","meta":{"inline_featured_image":false,"footnotes":""},"categories":[1488,1489,1490,1500,1491],"tags":[1493,1494,1496,1560,1540,1505,1497,1499],"class_list":["post-11603","post","type-post","status-publish","format-standard","has-post-thumbnail","hentry","category-lonas-publicitarias-en","category-madrid-en","category-productos-en","category-sin-categoria-en","category-ubicacion-en","tag-lonadegranformato-en","tag-lonaespectacular-en","tag-lonapublicitaria-en","tag-mangonewvoices-en","tag-publicidadexterior-en","tag-vsa-en","tag-vsa-vsacomunicacion-en","tag-madrid-en"],"_links":{"self":[{"href":"https:\/\/www.vsacomunicacion.com\/en\/wp-json\/wp\/v2\/posts\/11603"}],"collection":[{"href":"https:\/\/www.vsacomunicacion.com\/en\/wp-json\/wp\/v2\/posts"}],"about":[{"href":"https:\/\/www.vsacomunicacion.com\/en\/wp-json\/wp\/v2\/types\/post"}],"author":[{"embeddable":true,"href":"https:\/\/www.vsacomunicacion.com\/en\/wp-json\/wp\/v2\/users\/3"}],"replies":[{"embeddable":true,"href":"https:\/\/www.vsacomunicacion.com\/en\/wp-json\/wp\/v2\/comments?post=11603"}],"version-history":[{"count":0,"href":"https:\/\/www.vsacomunicacion.com\/en\/wp-json\/wp\/v2\/posts\/11603\/revisions"}],"wp:featuredmedia":[{"embeddable":true,"href":"https:\/\/www.vsacomunicacion.com\/en\/wp-json\/wp\/v2\/media\/10598"}],"wp:attachment":[{"href":"https:\/\/www.vsacomunicacion.com\/en\/wp-json\/wp\/v2\/media?parent=11603"}],"wp:term":[{"taxonomy":"category","embeddable":true,"href":"https:\/\/www.vsacomunicacion.com\/en\/wp-json\/wp\/v2\/categories?post=11603"},{"taxonomy":"post_tag","embeddable":true,"href":"https:\/\/www.vsacomunicacion.com\/en\/wp-json\/wp\/v2\/tags?post=11603"}],"curies":[{"name":"wp","href":"https:\/\/api.w.org\/{rel}","templated":true}]}}