{"id":11611,"date":"2022-04-19T14:19:00","date_gmt":"2022-04-19T12:19:00","guid":{"rendered":"https:\/\/www.vsacomunicacion.com\/gran-lona-de-dkv-en-la-capital\/"},"modified":"2022-04-19T14:19:00","modified_gmt":"2022-04-19T12:19:00","slug":"gran-lona-de-dkv-en-la-capital","status":"publish","type":"post","link":"https:\/\/www.vsacomunicacion.com\/en\/gran-lona-de-dkv-en-la-capital\/","title":{"rendered":"Gran Lona de DKV en la capital\u00a0"},"content":{"rendered":"\n<p>Con esta lona de gran formato instalada por&nbsp;<a href=\"http:\/\/Con%20esta%20lona%20de%20gran%20formato%20instalada%20por%20VSA%20COMUNICACI%C3%93N,%20DKV%20Seguros%20quiere%20animar%20a%20todos%20los%20ni%C3%B1os%20a%20caminar%20m%C3%A1s%20y%20mirar%20menos%20sus%20pantallas.%20Y%20es%20que%20la%20mayor%C3%ADa%20de%20ni%C3%B1os%20madrile%C3%B1os%20camina%20menos%20metros%20al%20d%C3%ADa%20de%20los%20que%20tiene%20esta%20lona:%20los%20espa%C3%B1oles%20m%C3%A1s%20j%C3%B3venes%20pasan%20casi%203%20horas%20diarias%20sentados%20delante%20de%20una%20pantalla.%20%20%20Contaminaci%C3%B3n,%20atascos,%20estr%C3%A9s,%20alimentaci%C3%B3n%20inadecuada,%20exclusi%C3%B3n%20social%E2%80%A6%20Lo%20cierto%20es%20que%20el%20escenario%20actual%20no%20nos%20lo%20pone%20f%C3%A1cil.%20Pero%20solo%20tenemos%20una%20vida%20y%20no%20podemos%20quedarnos%20de%20brazos%20cruzados.%20Por%20este%20motivo,%20la%20compa%C3%B1%C3%ADa%20de%20seguros%20reclama%20m%C3%A1s%20compromiso%20con%20la%20salud%20propia,%20los%20buenos%20h%C3%A1bitos%20de%20vida,%20el%20cuidado%20emocional%20y%20el%20medioambiente.%20Y%20as%C3%AD%20lo%20refleja%20su%20lema%20y%20el%20%C3%BAltimo%20spot%20de%20la%20compa%C3%B1%C3%ADa:%20%E2%80%9CSer%20activistas%20es%20nuestra%20mejor%20forma%20de%20ser%E2%80%9D.%20%20%20https\/\/www.facebook.com\/watch\/?v=994914641459579%20%20%20El%20%C3%BAltimo%20spot%20de%20la%20compa%C3%B1%C3%ADa.%20%20%20La%20%C3%BAltima%20campa%C3%B1a%20de%20DKV%20Seguros%20concentra%20el%20foco%20en%20el%20medioambiente,%20la%20inclusi%C3%B3n%20social,%20la%20obesidad%20infantil%20y%20la%20salud%20de%20la%20mujer.%20Para%20ello,%20ha%20contado%20con%20uno%20de%20nuestros%20soportes%20estrella,%20la%20lona%20publicitaria,%20en%20uno%20de%20nuestros%20emplazamientos%20premium%20de%20Madrid,%20con%20el%20prop%C3%B3sito%20de%20generar%20notoriedad%20en%20todo%20el%20estado%20y%20en%20la%20capital%20espa%C3%B1ola%20en%20particular.%20%20%20La%20compa%C3%B1%C3%ADa%20sostiene%20que%20los%20negocios%20pueden%20llegar%20a%20lo%20m%C3%A1s%20alto%20sin%20dar%20la%20espalda%20a%20la%20responsabilidad%20social%20y%20medioambiental.%20Y,%20desde%20VSA%20Comunicaci%C3%B3n,%20no%20podemos%20estar%20m%C3%A1s%20de%20acuerdo.%20%20%20Una%20voz%20dentro%20de%20ti%20te%20dice%20que%20una%20vida%20m%C3%A1s%20sana%20es%20posible.%20%C2%A1%C3%9Anete%20al%20cambio%20y%20ll%C3%A9vate%20un%2036%%20de%20descuento%20en%20tu%20seguro%20de%20salud!%20https:\/\/dkv.es\/particulares\/seguros-de-cuadro-medico\/dkv-integral\">VSA COMUNICACI\u00d3N<\/a>,&nbsp;<a href=\"https:\/\/seguros.dkv.es\/perf\/dkv-integral\/general?utm_adv=DKVUND&amp;utm_subori=ad-dkves-marca&amp;utm_medium=sem-marca&amp;utm_source=google&amp;utm_campaign=marca_dkv_controlFase1&amp;utm_content=ao2022-TXT&amp;gclid=CjwKCAjw9e6SBhB2EiwA5myr9mspGZJyQkg4coZT8tuEQz0DTHJRBqI6WwKpLrC3dUWWWDWE7XP4pRoCKfoQAvD_BwE&amp;gclsrc=aw.ds\" target=\"_blank\" rel=\"noopener\">DKV&nbsp;<\/a>Seguros quiere animar a todos los ni\u00f1os a caminar m\u00e1s y mirar menos sus pantallas.<\/p>\n\n\n\n<p>Y es que la mayor\u00eda de ni\u00f1os madrile\u00f1os caminan menos metros al d\u00eda de los que tiene esta lona: los espa\u00f1oles m\u00e1s j\u00f3venes pasan casi 3 horas diarias sentados delante de una pantalla.<\/p>\n\n\n\n<figure class=\"wp-block-image\"><img decoding=\"async\" src=\"https:\/\/www.vsacomunicacion.com\/wp-content\/uploads\/2022\/06\/DKV_Madrid_1.jpg\" alt=\"\" class=\"wp-image-6105\"\/><figcaption>DKV CAMPA\u00d1A ACTIVISTAS DE LA SALUD<\/figcaption><\/figure>\n\n\n\n<p>Contaminaci\u00f3n, atascos, estr\u00e9s, alimentaci\u00f3n inadecuada, exclusi\u00f3n social\u2026 Lo cierto es que el escenario actual no nos lo pone f\u00e1cil. Pero solo tenemos una vida y no podemos quedarnos de brazos cruzados.<\/p>\n\n\n\n<p>Por este motivo, la compa\u00f1\u00eda de seguros reclama mas compromiso con la salud propia, los buenos h\u00e1bitos de vida, el cuidado emocional y el medioambiente. Y as\u00ed lo refleja su lema y el \u00faltimo spot de la compa\u00f1\u00eda: \u201cSer activistas es nuestra mejor forma de ser\u201d.<\/p>\n\n\n\n<p><a href=\"https:\/\/www.facebook.com\/watch\/?v=994914641459579\" target=\"_blank\" rel=\"noopener\">https:\/\/www.facebook.com\/watch\/?v=994914641459579<\/a><\/p>\n\n\n\n<p>La \u00faltima campa\u00f1a de DKV Seguros concentra el foco en el medioambiente, la inclusi\u00f3n social, la obesidad infantil y la salud de la mujer. Para ello, ha contado con uno de nuestros soportes estrella, la lona publicitaria, en uno de nuestros emplazamientos premium de Madrid, con el prop\u00f3sito de generar notoriedad en todo el estado y en la capital espa\u00f1ola en particular.<\/p>\n\n\n\n<p>La compa\u00f1\u00eda sostiene que los negocios pueden llegar a lo m\u00e1s alto sin dar la espalda a la responsabilidad social y medioambiental. Y, desde VSA Comunicaci\u00f3n, no podemos estar m\u00e1s de acuerdo.<\/p>\n\n\n\n<p>Una voz dentro de ti te dice que una vida m\u00e1s sana es posible. \u00a1\u00danete al cambio y ll\u00e9vate un 36% de descuento en tu seguro de salud!&nbsp;<a href=\"https:\/\/dkv.es\/particulares\/seguros-de-cuadro-medico\/dkv-integral\" target=\"_blank\" rel=\"noreferrer noopener\">https:\/\/dkv.es\/particulares\/seguros-de-cuadro-medico\/dkv-integral<\/a>&nbsp;<\/p>\n\n\n\n<figure class=\"wp-block-image\"><img decoding=\"async\" src=\"https:\/\/www.vsacomunicacion.com\/wp-content\/uploads\/2022\/06\/DKV_Madrid_2.jpg\" alt=\"\" class=\"wp-image-6106\"\/><figcaption>slogan actual de la compa\u00f1\u00eda DKV<\/figcaption><\/figure>\n","protected":false},"excerpt":{"rendered":"<p>Con esta lona de gran formato instalada por&nbsp;VSA COMUNICACI\u00d3N,&nbsp;DKV&nbsp;Seguros quiere animar a todos los ni\u00f1os a caminar m\u00e1s y mirar menos sus pantallas. Y es que la mayor\u00eda de ni\u00f1os madrile\u00f1os caminan menos metros al d\u00eda de los que tiene [&hellip;]<\/p>\n","protected":false},"author":3,"featured_media":9686,"comment_status":"closed","ping_status":"closed","sticky":false,"template":"","format":"standard","meta":{"inline_featured_image":false,"footnotes":""},"categories":[1488,1489],"tags":[1571,1572,1493,1495,1496,1563,1510,1564,1505,1498],"class_list":["post-11611","post","type-post","status-publish","format-standard","has-post-thumbnail","hentry","category-lonas-publicitarias-en","category-madrid-en","tag-vsa-3-en","tag-vsacomunicacion-2-en","tag-lonadegranformato-en","tag-lonamadrid-en","tag-lonapublicitaria-en","tag-madrid-2-en","tag-marketingespectacular-en","tag-ooh-2-en","tag-vsa-en","tag-vsacomunicacion-en"],"_links":{"self":[{"href":"https:\/\/www.vsacomunicacion.com\/en\/wp-json\/wp\/v2\/posts\/11611"}],"collection":[{"href":"https:\/\/www.vsacomunicacion.com\/en\/wp-json\/wp\/v2\/posts"}],"about":[{"href":"https:\/\/www.vsacomunicacion.com\/en\/wp-json\/wp\/v2\/types\/post"}],"author":[{"embeddable":true,"href":"https:\/\/www.vsacomunicacion.com\/en\/wp-json\/wp\/v2\/users\/3"}],"replies":[{"embeddable":true,"href":"https:\/\/www.vsacomunicacion.com\/en\/wp-json\/wp\/v2\/comments?post=11611"}],"version-history":[{"count":0,"href":"https:\/\/www.vsacomunicacion.com\/en\/wp-json\/wp\/v2\/posts\/11611\/revisions"}],"wp:featuredmedia":[{"embeddable":true,"href":"https:\/\/www.vsacomunicacion.com\/en\/wp-json\/wp\/v2\/media\/9686"}],"wp:attachment":[{"href":"https:\/\/www.vsacomunicacion.com\/en\/wp-json\/wp\/v2\/media?parent=11611"}],"wp:term":[{"taxonomy":"category","embeddable":true,"href":"https:\/\/www.vsacomunicacion.com\/en\/wp-json\/wp\/v2\/categories?post=11611"},{"taxonomy":"post_tag","embeddable":true,"href":"https:\/\/www.vsacomunicacion.com\/en\/wp-json\/wp\/v2\/tags?post=11611"}],"curies":[{"name":"wp","href":"https:\/\/api.w.org\/{rel}","templated":true}]}}