{"id":11623,"date":"2022-03-30T14:09:00","date_gmt":"2022-03-30T12:09:00","guid":{"rendered":"https:\/\/www.vsacomunicacion.com\/superilla-una-via-laietana-mejor\/"},"modified":"2022-03-30T14:09:00","modified_gmt":"2022-03-30T12:09:00","slug":"superilla-una-via-laietana-mejor","status":"publish","type":"post","link":"https:\/\/www.vsacomunicacion.com\/en\/superilla-una-via-laietana-mejor\/","title":{"rendered":"SUPERILLA: una Via Laietana mejor!"},"content":{"rendered":"\n<p><strong><br><\/strong><br>El <a href=\"https:\/\/www.barcelona.cat\/ca\/\" title=\"Ayuntamiento de Barcelona\" target=\"_blank\" rel=\"noopener\">Ajuntament de Barcelona<\/a> ha contado con una espectacular lona publicitaria de <a href=\"https:\/\/www.vsacomunicacion.com\/es\/default.asp\" title=\"VSA COMUNICACI\u00d3N\">VSA COMUNICACI\u00d3N<\/a> para&nbsp;comunicar el inicio de la transformaci\u00f3n. El centro neur\u00e1lgico de la ciudad ser\u00e1 un eje verde y c\u00edvico, de acuerdo con el modelo <a href=\"https:\/\/ajuntament.barcelona.cat\/superilles\/es\/\" title=\"Superilla\" target=\"_blank\" rel=\"noopener\">Superilla<\/a> de Barcelona. <\/p>\n\n\n\n<figure class=\"wp-block-image size-large\"><img decoding=\"async\" src=\"https:\/\/www.vsacomunicacion.com\/wp-content\/uploads\/2022\/06\/Via-Layetana-transformacion_3.jpg\" alt=\"\" class=\"wp-image-6047\"\/><figcaption>Lona Publicitaria &#8211; VSA COMUNICACION &#8211; Plaza Ramon Berenguer, 2<\/figcaption><\/figure>\n\n\n\n<p>Convertir la emblem\u00e1tica Via Laietana en un lugar m\u00e1s seguro y saludable, donde los peatones sean sus protagonistas. Este es el objetivo del eslogan \u201cEl futuro ya es presente: damos vida a la Via Laietana\u201d. La lona, ubicada en un espacio \u00fanico en la &nbsp;<a href=\"https:\/\/www.google.com\/maps\/search\/plaza+Ram%C3%B3n+Berenguer+2?entry=gmail&amp;source=g\" target=\"_blank\" rel=\"noreferrer noopener\">plaza Ram\u00f3n Berenguer 2<\/a>, refleja el proyecto definitivo del Ayuntamiento que&nbsp;comenz\u00f3&nbsp;a materializarse el&nbsp;pasado&nbsp;1 de marzo. <\/p>\n\n\n\n<p>La filosof\u00eda del proyecto deja atr\u00e1s el modelo de movilidad privada aplicado hasta la fecha y sit\u00faa en el centro la movilidad sostenible: m\u00e1s espacio para el viandante, la bicicleta y el transporte p\u00fablico, para reducir la contaminaci\u00f3n y el ruido.<\/p>\n\n\n\n<p>Tal como se detalla en un comunicado, se ampliar\u00e1n las aceras, que actualmente van de los 2,6 a los 3,5 metros para que todas superen los 4 metros y se mantendr\u00e1n los dos carriles bus-taxi de bajada y subida. Asimismo, la calle se convertir\u00e1 en una v\u00eda pedaleable con un carril bici segregado en el lado de la acera y se realizar\u00e1n&nbsp;dos nuevos pasos de peatones.<\/p>\n\n\n\n<figure class=\"wp-block-image size-large\"><img decoding=\"async\" src=\"https:\/\/www.vsacomunicacion.com\/wp-content\/uploads\/2022\/06\/Via-Layetana-transformacion.jpg\" alt=\"\" class=\"wp-image-6045\"\/><figcaption>Mockup de la Via Laietana de Barcelona.<\/figcaption><\/figure>\n\n\n\n<p>Las obras pretenden transformar la Via Laietana en una avenida m\u00e1s verde, con m\u00e1s comercio y m\u00e1s extensi\u00f3n para pasear. Se mejorar\u00e1n cuatro grandes espacios: el espacio que se crear\u00e1 en la uni\u00f3n entre la Via Laietana y la calle de Jonqueres, una gran plaza Antoni Maura (con el objetivo de conectar la Catedral con el Mercado de Santa Caterina), la plaza del \u00c0ngel y la nueva plaza de Idrissa Diallo. Tambi\u00e9n se reforzar\u00e1 el arbolado y se mejorar\u00e1 la iluminaci\u00f3n.&nbsp;<\/p>\n\n\n\n<figure class=\"wp-block-image size-large\"><img decoding=\"async\" src=\"https:\/\/www.vsacomunicacion.com\/wp-content\/uploads\/2022\/06\/Via-Layetana-transformacion_2.jpg\" alt=\"\" class=\"wp-image-6046\"\/><figcaption>Nueva Via Laietana de Barcelona, m\u00e1s verde y peatonal.<\/figcaption><\/figure>\n\n\n\n<p>!Qu\u00e9 ganas de pasear por la Via Laietana!<\/p>\n\n\n\n<p>Para m\u00e1s informaci\u00f3n: puedes clicar en el siguiente enlace <a href=\"http:\/\/vsacomunicacion.com\/\" target=\"_blank\" rel=\"noreferrer noopener\">vsacomunicacion.com<\/a><\/p>\n","protected":false},"excerpt":{"rendered":"<p>El Ajuntament de Barcelona ha contado con una espectacular lona publicitaria de VSA COMUNICACI\u00d3N para&nbsp;comunicar el inicio de la transformaci\u00f3n. El centro neur\u00e1lgico de la ciudad ser\u00e1 un eje verde y c\u00edvico, de acuerdo con el modelo Superilla de Barcelona. [&hellip;]<\/p>\n","protected":false},"author":3,"featured_media":9652,"comment_status":"closed","ping_status":"closed","sticky":false,"template":"","format":"standard","meta":{"inline_featured_image":false,"footnotes":""},"categories":[1506,1488,1423],"tags":[1577,1516,1578,1579,1580,1581,1582,1583,1584,1585,1586,1587],"class_list":["post-11623","post","type-post","status-publish","format-standard","has-post-thumbnail","hentry","category-barcelona-en","category-lonas-publicitarias-en","category-uncategorized","tag-ajuntamentdebarcelona-en","tag-barcelona-en","tag-catedral-de-barcelona-en","tag-lona-gran-formato-en","tag-lona-publicitaria-en","tag-lonas-publicitarias-barcelona-en","tag-marketing-espectacular-en","tag-open-area-en","tag-outdoor-advertising-en","tag-publicidad-exterior-en","tag-publicidad-urbana-en","tag-via-layetana-en"],"_links":{"self":[{"href":"https:\/\/www.vsacomunicacion.com\/en\/wp-json\/wp\/v2\/posts\/11623"}],"collection":[{"href":"https:\/\/www.vsacomunicacion.com\/en\/wp-json\/wp\/v2\/posts"}],"about":[{"href":"https:\/\/www.vsacomunicacion.com\/en\/wp-json\/wp\/v2\/types\/post"}],"author":[{"embeddable":true,"href":"https:\/\/www.vsacomunicacion.com\/en\/wp-json\/wp\/v2\/users\/3"}],"replies":[{"embeddable":true,"href":"https:\/\/www.vsacomunicacion.com\/en\/wp-json\/wp\/v2\/comments?post=11623"}],"version-history":[{"count":0,"href":"https:\/\/www.vsacomunicacion.com\/en\/wp-json\/wp\/v2\/posts\/11623\/revisions"}],"wp:featuredmedia":[{"embeddable":true,"href":"https:\/\/www.vsacomunicacion.com\/en\/wp-json\/wp\/v2\/media\/9652"}],"wp:attachment":[{"href":"https:\/\/www.vsacomunicacion.com\/en\/wp-json\/wp\/v2\/media?parent=11623"}],"wp:term":[{"taxonomy":"category","embeddable":true,"href":"https:\/\/www.vsacomunicacion.com\/en\/wp-json\/wp\/v2\/categories?post=11623"},{"taxonomy":"post_tag","embeddable":true,"href":"https:\/\/www.vsacomunicacion.com\/en\/wp-json\/wp\/v2\/tags?post=11623"}],"curies":[{"name":"wp","href":"https:\/\/api.w.org\/{rel}","templated":true}]}}