{"id":11624,"date":"2022-03-15T18:10:00","date_gmt":"2022-03-15T17:10:00","guid":{"rendered":"https:\/\/www.vsacomunicacion.com\/lona-morada-en-el-paseo-del-prado\/"},"modified":"2022-03-15T18:10:00","modified_gmt":"2022-03-15T17:10:00","slug":"lona-morada-en-el-paseo-del-prado","status":"publish","type":"post","link":"https:\/\/www.vsacomunicacion.com\/en\/lona-morada-en-el-paseo-del-prado\/","title":{"rendered":"Lona morada en el paseo del Prado"},"content":{"rendered":"\n<p>Con motivo del D\u00eda Internacional de la Mujer (8M), el Ministerio de Igualdad ha contratado uno de los espacios publicitarios de <strong><a href=\"https:\/\/www.vsacomunicacion.com\/\">VSA COMUNICACI\u00d3N<\/a><\/strong> para instalar una gran<strong> lona<\/strong>\u00a0<strong>publicitaria<\/strong>. De este modo quieren\u00a0dar visibilidad a su campa\u00f1a.<\/p>\n\n\n\n<figure class=\"wp-block-image size-large\"><img fetchpriority=\"high\" decoding=\"async\" width=\"884\" height=\"626\" src=\"https:\/\/www.vsacomunicacion.com\/wp-content\/uploads\/2022\/03\/8M-blog.jpeg\" alt=\"\" class=\"wp-image-5945\" srcset=\"https:\/\/www.vsacomunicacion.com\/wp-content\/uploads\/2022\/03\/8M-blog.jpeg 884w, https:\/\/www.vsacomunicacion.com\/wp-content\/uploads\/2022\/03\/8M-blog-300x212.jpeg 300w, https:\/\/www.vsacomunicacion.com\/wp-content\/uploads\/2022\/03\/8M-blog-768x544.jpeg 768w\" sizes=\"(max-width: 884px) 100vw, 884px\" \/><figcaption>Lona Espectacular en Madrid por el Ministerio de Igualdad instalada por VSA COMUNICACI\u00d3N en el Paseo del Pardo.<\/figcaption><\/figure>\n\n\n\n<p>La lona la podr\u00e9is encontrar en El Paseo del Prado, 34, una de las zonas de m\u00e1s prestigio de Madrid.&nbsp;Adem\u00e1s, la ubicaci\u00f3n est\u00e1 al lado del Caixaforum.<\/p>\n\n\n\n<p>El eslogan &#8220;In Spain we call it igualdad&#8221; se inspira en una canci\u00f3n de   <strong><a href=\"https:\/\/www.instagram.com\/rigobertabandini\/?hl=es\" title=\"Rigoberta Bandini, \" target=\"_blank\" rel=\"noopener\">Rigoberta Bandini,<\/a> <\/strong><em>\u201cIn Spain we call it soledad\u201d<\/em>. <\/p>\n\n\n\n<figure class=\"wp-block-image size-large\"><img decoding=\"async\" width=\"1024\" height=\"768\" src=\"https:\/\/www.vsacomunicacion.com\/wp-content\/uploads\/2022\/03\/f.elconfidencial.com_original_42f_3b3_e38_42f3b3e387af08cc7dd02c9dd7a2fb37-1024x768.jpg\" alt=\"\" class=\"wp-image-5948\" srcset=\"https:\/\/www.vsacomunicacion.com\/wp-content\/uploads\/2022\/03\/f.elconfidencial.com_original_42f_3b3_e38_42f3b3e387af08cc7dd02c9dd7a2fb37-1024x768.jpg 1024w, https:\/\/www.vsacomunicacion.com\/wp-content\/uploads\/2022\/03\/f.elconfidencial.com_original_42f_3b3_e38_42f3b3e387af08cc7dd02c9dd7a2fb37-300x225.jpg 300w, https:\/\/www.vsacomunicacion.com\/wp-content\/uploads\/2022\/03\/f.elconfidencial.com_original_42f_3b3_e38_42f3b3e387af08cc7dd02c9dd7a2fb37-768x576.jpg 768w, https:\/\/www.vsacomunicacion.com\/wp-content\/uploads\/2022\/03\/f.elconfidencial.com_original_42f_3b3_e38_42f3b3e387af08cc7dd02c9dd7a2fb37.jpg 1200w\" sizes=\"(max-width: 1024px) 100vw, 1024px\" \/><figcaption>La cantante Rigoberta Bandini &#8220;in Spain we call it soledad&#8221;<\/figcaption><\/figure>\n\n\n\n<p>La campa\u00f1a ha sido realizada por la agencia <strong><a href=\"https:\/\/www.ogilvy.com\/\" title=\"Ogilvy Madrid\" target=\"_blank\" rel=\"noopener\">Ogilvy Madrid<\/a><\/strong> . <\/p>\n\n\n\n<p>El spot est\u00e1 dirigido por la cineasta Irene Moray e interpretada por Carlotta Cosials (una de las integrantes del grupo <strong><a href=\"https:\/\/sonidomuchacho.com\/grupo\/hinds\/\" title=\"Hinds\" target=\"_blank\" rel=\"noopener\">Hinds<\/a><\/strong>). La producci\u00f3n corre por cuenta de Vicente Carrasco (propietario de la empresa de servicios audiovisuales Zip Zap).<\/p>\n\n\n\n<p>El v\u00eddeo muestra situaciones cotidianas que forman parte de nuestras vidas: un padre bailando con su hijo, mujeres futbolistas abrazadas celebrando una victoria, conversaciones del pa\u00eds en una peluquer\u00eda, un hombre disfrutando del cuidado de su hija peque\u00f1a, y otras escenas&#8230; que buscan normalizar la igualdad de g\u00e9nero.&nbsp;<\/p>\n\n\n\n<p>En este link podr\u00e9is encontrar el anuncio: &nbsp;<a href=\"https:\/\/www.youtube.com\/watch?v=-J1TG4_4hHU\" target=\"_blank\" rel=\"noopener\">https:\/\/www.youtube.com\/watch?v=-J1TG4_4hHU<\/a>&nbsp;<\/p>\n\n\n\n<p>\u201cIn Spain we say bailar&#8221;, &#8220;In Spain we say, \u00a1Mari, qu\u00e9 guapa!&#8221;,&nbsp;&#8220;In Spain we say , \u00a1Ay, qu\u00e9 golazo!\u2019\u201d, son frases que repiten en el jingle del v\u00eddeo. <\/p>\n\n\n\n<blockquote class=\"wp-block-quote is-layout-flow wp-block-quote-is-layout-flow\"><p>\u201cCelebrar estos gestos y estas situaciones tan humanas, es celebrar el feminismo y celebrar la Igualdad\u201d, apunta Marta Guti\u00e9rrez, Vicepresidenta Senior de la Agencia Ogilvy Espa\u00f1a y CEO de Ogilvy Madrid.<\/p><\/blockquote>\n\n\n\n<p><strong>VSA Comunicaci\u00f3n,<\/strong> especialistas en Marketing Espectacular\u00a0desde 1932. Conseguimos la mejor integraci\u00f3n del soporte publicitario en su entorno y mejoramos el paisaje urbano.\u00a0<\/p>\n","protected":false},"excerpt":{"rendered":"<p>Con motivo del D\u00eda Internacional de la Mujer (8M), el Ministerio de Igualdad ha contratado uno de los espacios publicitarios de VSA COMUNICACI\u00d3N para instalar una gran lona\u00a0publicitaria. De este modo quieren\u00a0dar visibilidad a su campa\u00f1a. La lona la podr\u00e9is [&hellip;]<\/p>\n","protected":false},"author":3,"featured_media":8125,"comment_status":"open","ping_status":"open","sticky":false,"template":"","format":"standard","meta":{"inline_featured_image":false,"footnotes":""},"categories":[1488],"tags":[1588,1572,1493,1496,1563,1510,1564,1533,1540,1505,1498],"class_list":["post-11624","post","type-post","status-publish","format-standard","has-post-thumbnail","hentry","category-lonas-publicitarias-en","tag-rigobertabandini-2-en","tag-vsacomunicacion-2-en","tag-lonadegranformato-en","tag-lonapublicitaria-en","tag-madrid-2-en","tag-marketingespectacular-en","tag-ooh-2-en","tag-outdooradvertising-en","tag-publicidadexterior-en","tag-vsa-en","tag-vsacomunicacion-en"],"_links":{"self":[{"href":"https:\/\/www.vsacomunicacion.com\/en\/wp-json\/wp\/v2\/posts\/11624"}],"collection":[{"href":"https:\/\/www.vsacomunicacion.com\/en\/wp-json\/wp\/v2\/posts"}],"about":[{"href":"https:\/\/www.vsacomunicacion.com\/en\/wp-json\/wp\/v2\/types\/post"}],"author":[{"embeddable":true,"href":"https:\/\/www.vsacomunicacion.com\/en\/wp-json\/wp\/v2\/users\/3"}],"replies":[{"embeddable":true,"href":"https:\/\/www.vsacomunicacion.com\/en\/wp-json\/wp\/v2\/comments?post=11624"}],"version-history":[{"count":0,"href":"https:\/\/www.vsacomunicacion.com\/en\/wp-json\/wp\/v2\/posts\/11624\/revisions"}],"wp:featuredmedia":[{"embeddable":true,"href":"https:\/\/www.vsacomunicacion.com\/en\/wp-json\/wp\/v2\/media\/8125"}],"wp:attachment":[{"href":"https:\/\/www.vsacomunicacion.com\/en\/wp-json\/wp\/v2\/media?parent=11624"}],"wp:term":[{"taxonomy":"category","embeddable":true,"href":"https:\/\/www.vsacomunicacion.com\/en\/wp-json\/wp\/v2\/categories?post=11624"},{"taxonomy":"post_tag","embeddable":true,"href":"https:\/\/www.vsacomunicacion.com\/en\/wp-json\/wp\/v2\/tags?post=11624"}],"curies":[{"name":"wp","href":"https:\/\/api.w.org\/{rel}","templated":true}]}}