{"id":11625,"date":"2022-03-15T15:49:00","date_gmt":"2022-03-15T14:49:00","guid":{"rendered":"https:\/\/www.vsacomunicacion.com\/nueva-lona-del-barca-en-barcelona\/"},"modified":"2022-03-15T15:49:00","modified_gmt":"2022-03-15T14:49:00","slug":"nueva-lona-del-barca-en-barcelona","status":"publish","type":"post","link":"https:\/\/www.vsacomunicacion.com\/en\/nueva-lona-del-barca-en-barcelona\/","title":{"rendered":"Nueva Lona del Bar\u00e7a en Barcelona"},"content":{"rendered":"\n<p>El <a href=\"https:\/\/www.fcbarcelona.com\/en\/\" target=\"_blank\" rel=\"noopener\">FC Barcelona<\/a> contrata una lona de gran formato para celebrar a lo grande el D\u00eda de la Mujer.<\/p>\n\n\n\n<figure class=\"wp-block-image size-large\"><img fetchpriority=\"high\" decoding=\"async\" width=\"284\" height=\"177\" src=\"https:\/\/www.vsacomunicacion.com\/wp-content\/uploads\/2022\/03\/descarga.png\" alt=\"\" class=\"wp-image-5982\"\/><figcaption>Escudo Futbol Club Barcelona.<\/figcaption><\/figure>\n\n\n\n<p>El martes 8 de marzo 2022, a primera hora de la ma\u00f1ana, el equipo de <a href=\"http:\/\/www.vsacomunicacion.com\/\">VSA COMUNICACION<\/a> empez\u00f3 la instalaci\u00f3n cubriendo las fachadas del edificio. El FCB eligi\u00f3 para esta acci\u00f3n el emplazamiento situado al lado de la Catedral de Barcelona, Plaza Ram\u00f3n Berenguer, 2, una zona emblem\u00e1tica de la ciudad Condal.<\/p>\n\n\n\n<p>\u2018La l\u00ednea que no divide, nos une\u2019, con este mensaje el Bar\u00e7a quiere reivindicar el papel de la mujer en el mundo del deporte convirtiendo el centro de su campo de juego en el s\u00edmbolo de la mujer.\u00a0<\/p>\n\n\n\n<figure class=\"wp-block-image size-full\"><img decoding=\"async\" width=\"884\" height=\"626\" src=\"https:\/\/www.vsacomunicacion.com\/wp-content\/uploads\/2022\/06\/FC-Barcelona-LONA-blog.jpg\" alt=\"\" class=\"wp-image-9645\" srcset=\"https:\/\/www.vsacomunicacion.com\/wp-content\/uploads\/2022\/06\/FC-Barcelona-LONA-blog.jpg 884w, https:\/\/www.vsacomunicacion.com\/wp-content\/uploads\/2022\/06\/FC-Barcelona-LONA-blog-300x212.jpg 300w, https:\/\/www.vsacomunicacion.com\/wp-content\/uploads\/2022\/06\/FC-Barcelona-LONA-blog-768x544.jpg 768w\" sizes=\"(max-width: 884px) 100vw, 884px\" \/><figcaption>Lona Publicitaria &#8211; VSA COMUNICACI\u00d3N- Plaza Ram\u00f3n Berenguer, 2 (Barcelona)<\/figcaption><\/figure>\n\n\n\n<p>En el acto conmemorativo, se transform\u00f3 la l\u00ednea del &#8220;Camp Nou y el Estadio<a href=\"https:\/\/www.worldofjohancruyff.com\/es\/\" title=\" Johan Cruyff \" target=\"_blank\" rel=\"noopener\"> Johan Cruyff<\/a>, <a href=\"https:\/\/www.fcbarcelona.es\/es\/club\/instalaciones\/palau-blaugrana\" title=\"Palau Blaugarana\" target=\"_blank\" rel=\"noopener\">Palau Blaugarana<\/a> y campos de la <a href=\"https:\/\/www.fcbarcelona.es\/es\/club\/instalaciones\/ciutat-esportiva\" title=\"Ciudad deportiva\" target=\"_blank\" rel=\"noopener\">Ciudad deportiva<\/a>&#8221; en un gran s\u00edmbolo de Venus. Para ello  participaron la capitana del equipo de f\u00fatbol femenino y ganadora del Bal\u00f3n de Oro, <a href=\"https:\/\/www.instagram.com\/alexiaputellas\/?hl=en\" title=\"Alexia Putellas\" target=\"_blank\" rel=\"noopener\">Alexia Putellas<\/a>, el mediocampista de f\u00fatbol <a href=\"https:\/\/www.instagram.com\/pedri_canarias\/?hl=en\" title=\"Pedro Gonz\u00e1lez \" target=\"_blank\" rel=\"noopener\">Pedro Gonz\u00e1lez<\/a> &#8216;Pedri&#8217; y el jugador de baloncesto <a href=\"https:\/\/www.instagram.com\/alexabrines\/?hl=en\" title=\"\u00c1lex Abrines. \" target=\"_blank\" rel=\"noopener\">\u00c1lex Abrines<\/a>. <\/p>\n\n\n\n<p>Los tres azulgranas ayudaron a dibujar las l\u00edneas de los terrenos de juego, compuestas por un c\u00edrculo y una cruz conectados. Aprovechando el c\u00edrculo central de sus campos de juego a\u00f1adieron una l\u00ednea perpendicular a la que separa los terrenos, creando de esta forma el s\u00edmbolo de la mujer.&nbsp;<\/p>\n\n\n\n<p>El FC Barcelona, que lleva apostando por el f\u00fatbol femenino desde 1970, busca la igualdad de g\u00e9nero en el deporte a trav\u00e9s de esta campa\u00f1a\u201d y recuerda la poca atenci\u00f3n medi\u00e1tica que recibe el deporte femenino.<\/p>\n\n\n\n<p>Las competiciones masculinas obtienen hasta un 90% de la visibilidad frente al 10% registrado por las de las mujeres. <\/p>\n\n\n\n<p><a href=\"https:\/\/www.marca.com\/futbol\/futbol-femenino\/2022\/03\/07\/6226259eca47419d2c8b45ec.html\" target=\"_blank\" rel=\"noreferrer noopener\"><span class=\"has-inline-color has-vivid-cyan-blue-color\">https:\/\/www.marca.com\/futbol\/futbol-femenino\/2022\/03\/07\/6226259eca47419d2c8b45ec.htm<\/span><\/a><\/p>\n","protected":false},"excerpt":{"rendered":"<p>El FC Barcelona contrata una lona de gran formato para celebrar a lo grande el D\u00eda de la Mujer. El martes 8 de marzo 2022, a primera hora de la ma\u00f1ana, el equipo de VSA COMUNICACION empez\u00f3 la instalaci\u00f3n cubriendo [&hellip;]<\/p>\n","protected":false},"author":3,"featured_media":9646,"comment_status":"open","ping_status":"open","sticky":false,"template":"","format":"standard","meta":{"inline_featured_image":false,"footnotes":""},"categories":[1506,1488],"tags":[1589,1590,1591,1496,1564,1540,1592],"class_list":["post-11625","post","type-post","status-publish","format-standard","has-post-thumbnail","hentry","category-barcelona-en","category-lonas-publicitarias-en","tag-8demarzo-8m-johancruyff-en","tag-catedraldebarcelona-en","tag-lona-lonabarcelona-huawei-publicidadexterior-marketinespectacular-vsacomunicacion-gt3-ooh-en","tag-lonapublicitaria-en","tag-ooh-2-en","tag-publicidadexterior-en","tag-vialayetana-futbol-mujeres-en"],"_links":{"self":[{"href":"https:\/\/www.vsacomunicacion.com\/en\/wp-json\/wp\/v2\/posts\/11625"}],"collection":[{"href":"https:\/\/www.vsacomunicacion.com\/en\/wp-json\/wp\/v2\/posts"}],"about":[{"href":"https:\/\/www.vsacomunicacion.com\/en\/wp-json\/wp\/v2\/types\/post"}],"author":[{"embeddable":true,"href":"https:\/\/www.vsacomunicacion.com\/en\/wp-json\/wp\/v2\/users\/3"}],"replies":[{"embeddable":true,"href":"https:\/\/www.vsacomunicacion.com\/en\/wp-json\/wp\/v2\/comments?post=11625"}],"version-history":[{"count":0,"href":"https:\/\/www.vsacomunicacion.com\/en\/wp-json\/wp\/v2\/posts\/11625\/revisions"}],"wp:featuredmedia":[{"embeddable":true,"href":"https:\/\/www.vsacomunicacion.com\/en\/wp-json\/wp\/v2\/media\/9646"}],"wp:attachment":[{"href":"https:\/\/www.vsacomunicacion.com\/en\/wp-json\/wp\/v2\/media?parent=11625"}],"wp:term":[{"taxonomy":"category","embeddable":true,"href":"https:\/\/www.vsacomunicacion.com\/en\/wp-json\/wp\/v2\/categories?post=11625"},{"taxonomy":"post_tag","embeddable":true,"href":"https:\/\/www.vsacomunicacion.com\/en\/wp-json\/wp\/v2\/tags?post=11625"}],"curies":[{"name":"wp","href":"https:\/\/api.w.org\/{rel}","templated":true}]}}