{"id":11626,"date":"2022-03-15T15:12:00","date_gmt":"2022-03-15T14:12:00","guid":{"rendered":"https:\/\/www.vsacomunicacion.com\/circuito-de-pyms-en-andorra\/"},"modified":"2022-03-15T15:12:00","modified_gmt":"2022-03-15T14:12:00","slug":"circuito-de-pyms-en-andorra","status":"publish","type":"post","link":"https:\/\/www.vsacomunicacion.com\/en\/circuito-de-pyms-en-andorra\/","title":{"rendered":"Circuito de PYM\u00b4S en Andorra"},"content":{"rendered":"\n<p>Algunas de las marcas m\u00e1s importantes del panorama internacional como\u00a0<a href=\"https:\/\/www.armani.com\/es-es\" target=\"_blank\" rel=\"noopener\">Giorgio Armani<\/a>,<a href=\"https:\/\/www.tudorwatch.com\/\" target=\"_blank\" rel=\"noopener\">\u00a0Tudor<\/a>\u00a0y\u00a0<a href=\"https:\/\/www.patek.com\/en\/home\" target=\"_blank\" rel=\"noopener\">Patek Philippe\u00a0<\/a>han realizado campa\u00f1as de publicidad en nuestros circuitos de Pym\u2019s ubicados en el Principado de Andorra.<\/p>\n\n\n\n<p>Nuestros circuitos, situados en Andorra la Vella y Escaldes d\u2019Engordany, consiguen una integraci\u00f3n perfecta en el paisaje urbano, est\u00e9ticamente bien resueltos, reciben una cuidada iluminaci\u00f3n, limpieza y visibilidad.<\/p>\n\n\n\n<p>Con ellos, conseguimos una segmentamos al p\u00fablico objetivo en las zonas que tiene m\u00e1s inter\u00e9s comercial para nuestros anunciantes y cubre los puntos m\u00e1s estrat\u00e9gicos para garantizar un mayor n\u00famero de impactos y para alcanzar la cobertura deseada.<\/p>\n\n\n\n<p><a href=\"https:\/\/pons1845.com\/\" target=\"_blank\" rel=\"noopener\">Hvngary<\/a>, una de las &nbsp;prestigiosas joyer\u00edas andorranas junto con Patek Philippe realizan una campa\u00f1a donde presentan el modelo Cronograph ref. 5170G un reloj que es para toda la vida.<\/p>\n\n\n\n<p>Descubre mucho m\u00e1s en la Avda. Carlemany, 117, AD700 Escaldes-Engordany.<\/p>\n\n\n\n<p><\/p>\n\n\n\n<figure class=\"wp-block-image size-large\"><img fetchpriority=\"high\" decoding=\"async\" width=\"884\" height=\"626\" src=\"https:\/\/www.vsacomunicacion.com\/wp-content\/uploads\/2022\/03\/HVUNGARI-blog-1.jpeg\" alt=\"\" class=\"wp-image-5963\" srcset=\"https:\/\/www.vsacomunicacion.com\/wp-content\/uploads\/2022\/03\/HVUNGARI-blog-1.jpeg 884w, https:\/\/www.vsacomunicacion.com\/wp-content\/uploads\/2022\/03\/HVUNGARI-blog-1-300x212.jpeg 300w, https:\/\/www.vsacomunicacion.com\/wp-content\/uploads\/2022\/03\/HVUNGARI-blog-1-768x544.jpeg 768w\" sizes=\"(max-width: 884px) 100vw, 884px\" \/><figcaption>Campa\u00f1a de Patek Phillipe en Andorra instalada por VSA COMUNICACI\u00d3N<\/figcaption><\/figure>\n\n\n\n<p>La conocida marca suiza Tudor, nos presenta el modelo Black Bay Chrono vestido con bellos c\u00edrculos y asombrosamente ergon\u00f3mico. Este modelo de reloj est\u00e1 apadrinado por el exfutbolista y empresario&nbsp;<a href=\"https:\/\/www.instagram.com\/davidbeckham\/\" target=\"_blank\" rel=\"noopener\">@DavidBeckham<\/a>.<\/p>\n\n\n\n<p>Lo puedes encontrar en la<a href=\"https:\/\/pons1845.com\/\" target=\"_blank\" rel=\"noopener\">\u00a0joyer\u00eda Berna<\/a>, Avda. Meritxell, 51-55.<\/p>\n\n\n\n<figure class=\"wp-block-gallery has-nested-images columns-default is-cropped wp-block-gallery-1 is-layout-flex wp-block-gallery-is-layout-flex\">\n<figure class=\"wp-block-image\"><img decoding=\"async\" width=\"884\" height=\"626\" data-id=\"5964\" src=\"https:\/\/www.vsacomunicacion.com\/wp-content\/uploads\/2022\/03\/TUDOR-blog.jpeg\" alt=\"\" class=\"wp-image-5964\" srcset=\"https:\/\/www.vsacomunicacion.com\/wp-content\/uploads\/2022\/03\/TUDOR-blog.jpeg 884w, https:\/\/www.vsacomunicacion.com\/wp-content\/uploads\/2022\/03\/TUDOR-blog-300x212.jpeg 300w, https:\/\/www.vsacomunicacion.com\/wp-content\/uploads\/2022\/03\/TUDOR-blog-768x544.jpeg 768w\" sizes=\"(max-width: 884px) 100vw, 884px\" \/><\/figure>\n<figcaption class=\"blocks-gallery-caption\">Campa\u00f1a de Tudor En Andorra Instalada por VSA COMUNICACI\u00d3N<\/figcaption><\/figure>\n\n\n\n<p><a href=\"https:\/\/www.gala.ad\/\" target=\"_blank\" rel=\"noopener\">Gala Perfumer\u00edasa<\/a> nos presenta el perfume de Giorgio Armani, \u2018S\u00cc\u2019 apadrinado por la modelo\u00a0<a href=\"https:\/\/www.instagram.com\/cate_blanchettofficial\/?hl=en\" target=\"_blank\" rel=\"noopener\">Cate Blanchett<\/a>\u00a0fragancia delicada y misteriosa, ha sido elaborada con materias primas naturales y el respeto de la naturaleza, demostrando as\u00ed que la alta calidad tambi\u00e9n puede ser responsable. Gala dispone de m\u00e1s de veinte tiendas en Andorra.<\/p>\n","protected":false},"excerpt":{"rendered":"<p>Algunas de las marcas m\u00e1s importantes del panorama internacional como\u00a0Giorgio Armani,\u00a0Tudor\u00a0y\u00a0Patek Philippe\u00a0han realizado campa\u00f1as de publicidad en nuestros circuitos de Pym\u2019s ubicados en el Principado de Andorra. Nuestros circuitos, situados en Andorra la Vella y Escaldes d\u2019Engordany, consiguen una integraci\u00f3n [&hellip;]<\/p>\n","protected":false},"author":3,"featured_media":8134,"comment_status":"open","ping_status":"open","sticky":false,"template":"","format":"standard","meta":{"inline_featured_image":false,"footnotes":""},"categories":[1543,1593],"tags":[1545,1523,1569,1570,1540,1542,1594,1595,1505,1498,1512,1596],"class_list":["post-11626","post","type-post","status-publish","format-standard","has-post-thumbnail","hentry","category-andorra-en","category-pyms-en","tag-andorra-escaldes-en","tag-campanapublicitaria-en","tag-publicidaddegranformato-armani-en","tag-publicidadespectacular-en","tag-publicidadexterior-en","tag-publicidadurbana-en","tag-pyms-en","tag-siperfume-en","tag-vsa-en","tag-vsacomunicacion-en","tag-ooh-en","tag-tudor-en"],"_links":{"self":[{"href":"https:\/\/www.vsacomunicacion.com\/en\/wp-json\/wp\/v2\/posts\/11626"}],"collection":[{"href":"https:\/\/www.vsacomunicacion.com\/en\/wp-json\/wp\/v2\/posts"}],"about":[{"href":"https:\/\/www.vsacomunicacion.com\/en\/wp-json\/wp\/v2\/types\/post"}],"author":[{"embeddable":true,"href":"https:\/\/www.vsacomunicacion.com\/en\/wp-json\/wp\/v2\/users\/3"}],"replies":[{"embeddable":true,"href":"https:\/\/www.vsacomunicacion.com\/en\/wp-json\/wp\/v2\/comments?post=11626"}],"version-history":[{"count":0,"href":"https:\/\/www.vsacomunicacion.com\/en\/wp-json\/wp\/v2\/posts\/11626\/revisions"}],"wp:featuredmedia":[{"embeddable":true,"href":"https:\/\/www.vsacomunicacion.com\/en\/wp-json\/wp\/v2\/media\/8134"}],"wp:attachment":[{"href":"https:\/\/www.vsacomunicacion.com\/en\/wp-json\/wp\/v2\/media?parent=11626"}],"wp:term":[{"taxonomy":"category","embeddable":true,"href":"https:\/\/www.vsacomunicacion.com\/en\/wp-json\/wp\/v2\/categories?post=11626"},{"taxonomy":"post_tag","embeddable":true,"href":"https:\/\/www.vsacomunicacion.com\/en\/wp-json\/wp\/v2\/tags?post=11626"}],"curies":[{"name":"wp","href":"https:\/\/api.w.org\/{rel}","templated":true}]}}