{"id":11628,"date":"2022-03-02T08:48:25","date_gmt":"2022-03-02T08:48:25","guid":{"rendered":"https:\/\/www.vsacomunicacion.com\/lona-de-la-aecc-en-barcelona\/"},"modified":"2022-03-02T08:48:25","modified_gmt":"2022-03-02T08:48:25","slug":"lona-de-la-aecc-en-barcelona","status":"publish","type":"post","link":"https:\/\/www.vsacomunicacion.com\/en\/lona-de-la-aecc-en-barcelona\/","title":{"rendered":"Lona de la AECC en Barcelona"},"content":{"rendered":"\n<p>El 4 de Febrero, D\u00eda Mundial contra el C\u00e1ncer, hemos querido dar apoyo a la lucha contra una enfermedad que el pasado a\u00f1o se cobr\u00f3 m\u00e1s de 113.000 vidas en Espa\u00f1a.<\/p>\n\n\n\n<p>Desde <a href=\"https:\/\/www.vsacomunicacion.com\/es\/default.asp\">VSA Comunicaci\u00f3n<\/a> nos hemos sumado a la lucha instalando la lona publicitaria de gran formato  #acuerdocontraelcancer en la ciudad de Barcelona en la intersecci\u00f3n de las calles Muntaner y Par\u00eds.<\/p>\n\n\n\n<figure class=\"wp-block-image size-large\"><img fetchpriority=\"high\" decoding=\"async\" width=\"884\" height=\"626\" src=\"https:\/\/www.vsacomunicacion.com\/wp-content\/uploads\/2022\/02\/cancer-1.jpg\" alt=\"\" class=\"wp-image-5904\" srcset=\"https:\/\/www.vsacomunicacion.com\/wp-content\/uploads\/2022\/02\/cancer-1.jpg 884w, https:\/\/www.vsacomunicacion.com\/wp-content\/uploads\/2022\/02\/cancer-1-300x212.jpg 300w, https:\/\/www.vsacomunicacion.com\/wp-content\/uploads\/2022\/02\/cancer-1-768x544.jpg 768w\" sizes=\"(max-width: 884px) 100vw, 884px\" \/><figcaption>Lona de la AECC de VSA COMUNICACI\u00d3N..<\/figcaption><\/figure>\n\n\n\n<p>Con la campa\u00f1a <em>\u00bfiguales? \u201cNo todos somos iguales frente al c\u00e1ncer\u201d<\/em>, la AECC quiere divulgar la desigualdad a la que se enfrentan las personas que padecen esta enfermedad. <\/p>\n\n\n\n<p>El c\u00e1ncer es igual para todos, pero no todos somos iguales frente al c\u00e1ncer.  Sin distinciones. Aunamos esfuerzos para combatirlo.<\/p>\n\n\n\n<figure class=\"wp-block-image size-large\"><img decoding=\"async\" width=\"800\" height=\"293\" src=\"https:\/\/www.vsacomunicacion.com\/wp-content\/uploads\/2022\/02\/realidad-mejorada.jpg\" alt=\"\" class=\"wp-image-5915\" srcset=\"https:\/\/www.vsacomunicacion.com\/wp-content\/uploads\/2022\/02\/realidad-mejorada.jpg 800w, https:\/\/www.vsacomunicacion.com\/wp-content\/uploads\/2022\/02\/realidad-mejorada-300x110.jpg 300w, https:\/\/www.vsacomunicacion.com\/wp-content\/uploads\/2022\/02\/realidad-mejorada-768x281.jpg 768w\" sizes=\"(max-width: 800px) 100vw, 800px\" \/><figcaption>Campa\u00f1a Gafas de Realidad Mejorada <\/figcaption><\/figure>\n\n\n\n<p>Y como pensamos que &#8220;se debe practicar con el ejemplo&#8221;:<\/p>\n\n\n\n<p>Desde VSA COMUNICACI\u00d3N hemos puesto nuestro granito de arena apoyando a las fundaciones  <a href=\"https:\/\/www.fundacioabosch.org\/es\/inicio\/\" title=\"FUNDACI\u00d3N A. BOSCH \" target=\"_blank\" rel=\"noopener\">FUNDACI\u00d3N A. BOSCH <\/a><a href=\"https:\/\/aladina.org\/en\/\" title=\"FUNDACI\u00d3N ALADINA \" target=\"_blank\" rel=\"noopener\">,FUNDACI\u00d3N ALADINA <\/a> y <a href=\"https:\/\/www.fundaciosmall.org\/en\/\" title=\"FUNDACI\u00d3N SMALL\" target=\"_blank\" rel=\"noopener\">FUNDACI\u00d3N SMALL<\/a> con la campa\u00f1a <em>&#8220;Ponte las gafas de Realidad Mejorada&#8221;<\/em> para la creaci\u00f3n del \u00c1rea de Oncolog\u00eda Pedi\u00e1trica del Hospital Universitario\u00a0Vall d\u2019Hebron.<\/p>\n\n\n\n<p>Desde VSA COMUNICACI\u00d3N te animamos a apoyar esta bonita causa. \u00a1Compra tus @gafasderealidadmejorada ya!!<\/p>\n","protected":false},"excerpt":{"rendered":"<p>El 4 de Febrero, D\u00eda Mundial contra el C\u00e1ncer, hemos querido dar apoyo a la lucha contra una enfermedad que el pasado a\u00f1o se cobr\u00f3 m\u00e1s de 113.000 vidas en Espa\u00f1a. Desde VSA Comunicaci\u00f3n nos hemos sumado a la lucha [&hellip;]<\/p>\n","protected":false},"author":3,"featured_media":8116,"comment_status":"open","ping_status":"open","sticky":false,"template":"","format":"standard","meta":{"inline_featured_image":false,"footnotes":""},"categories":[1506,1488],"tags":[1572,1601,1561,1602,1603,1493,1496,1604,1510,1564,1498,1585,1605],"class_list":["post-11628","post","type-post","status-publish","format-standard","has-post-thumbnail","hentry","category-barcelona-en","category-lonas-publicitarias-en","tag-vsacomunicacion-2-en","tag-aecc-2-en","tag-barcelona-2-en","tag-cancer-en","tag-gafasderealidadmejorada-en","tag-lonadegranformato-en","tag-lonapublicitaria-en","tag-lonasbarcelona-en","tag-marketingespectacular-en","tag-ooh-2-en","tag-vsacomunicacion-en","tag-publicidad-exterior-en","tag-vsa-2-en"],"_links":{"self":[{"href":"https:\/\/www.vsacomunicacion.com\/en\/wp-json\/wp\/v2\/posts\/11628"}],"collection":[{"href":"https:\/\/www.vsacomunicacion.com\/en\/wp-json\/wp\/v2\/posts"}],"about":[{"href":"https:\/\/www.vsacomunicacion.com\/en\/wp-json\/wp\/v2\/types\/post"}],"author":[{"embeddable":true,"href":"https:\/\/www.vsacomunicacion.com\/en\/wp-json\/wp\/v2\/users\/3"}],"replies":[{"embeddable":true,"href":"https:\/\/www.vsacomunicacion.com\/en\/wp-json\/wp\/v2\/comments?post=11628"}],"version-history":[{"count":0,"href":"https:\/\/www.vsacomunicacion.com\/en\/wp-json\/wp\/v2\/posts\/11628\/revisions"}],"wp:featuredmedia":[{"embeddable":true,"href":"https:\/\/www.vsacomunicacion.com\/en\/wp-json\/wp\/v2\/media\/8116"}],"wp:attachment":[{"href":"https:\/\/www.vsacomunicacion.com\/en\/wp-json\/wp\/v2\/media?parent=11628"}],"wp:term":[{"taxonomy":"category","embeddable":true,"href":"https:\/\/www.vsacomunicacion.com\/en\/wp-json\/wp\/v2\/categories?post=11628"},{"taxonomy":"post_tag","embeddable":true,"href":"https:\/\/www.vsacomunicacion.com\/en\/wp-json\/wp\/v2\/tags?post=11628"}],"curies":[{"name":"wp","href":"https:\/\/api.w.org\/{rel}","templated":true}]}}