{"id":11633,"date":"2022-01-25T09:26:21","date_gmt":"2022-01-25T09:26:21","guid":{"rendered":"https:\/\/www.vsacomunicacion.com\/nuevo-documental-de-movistar-de-raphael\/"},"modified":"2022-01-25T09:26:21","modified_gmt":"2022-01-25T09:26:21","slug":"nuevo-documental-de-movistar-de-raphael","status":"publish","type":"post","link":"https:\/\/www.vsacomunicacion.com\/en\/nuevo-documental-de-movistar-de-raphael\/","title":{"rendered":"Nuevo documental de Movistar+ de Raphael"},"content":{"rendered":"\n<p><a href=\"https:\/\/comunicacion.movistarplus.es\/email\/la-historia-de-raphael-como-nunca-la-has-visto-sera-contada-en-movistar-a-traves-de-una-serie-documental-original\/\" title=\"MOVISTAR+\" target=\"_blank\" rel=\"noopener\">MOVISTAR+<\/a> te presenta la historia del artista m\u00e1s relevante del panorama musical actual, como nunca antes te la han contado!! <\/p>\n\n\n\n<p><a href=\"https:\/\/www.vsacomunicacion.com\/es\/default.asp\" title=\"VSA COMUNICACION\">VSA COMUNICACION<\/a> da visibilidad al gran documental \u201cRaphaelismo\u201d con una lona espectacular ubicada en el centro de Madrid, la majestuosa Gran V\u00eda.<\/p>\n\n\n\n<p><\/p>\n\n\n\n<figure class=\"wp-block-image size-large\"><img fetchpriority=\"high\" decoding=\"async\" width=\"845\" height=\"594\" src=\"https:\/\/www.vsacomunicacion.com\/wp-content\/uploads\/2022\/02\/RAPAHEL.jpg\" alt=\"\" class=\"wp-image-5853\" srcset=\"https:\/\/www.vsacomunicacion.com\/wp-content\/uploads\/2022\/02\/RAPAHEL.jpg 845w, https:\/\/www.vsacomunicacion.com\/wp-content\/uploads\/2022\/02\/RAPAHEL-300x211.jpg 300w, https:\/\/www.vsacomunicacion.com\/wp-content\/uploads\/2022\/02\/RAPAHEL-768x540.jpg 768w\" sizes=\"(max-width: 845px) 100vw, 845px\" \/><figcaption>Raphael documental &#8220;Raphaelismo&#8221;de Movistar+  de VSA Comunicaci\u00f3n<br><\/figcaption><\/figure>\n\n\n\n<p><em>\u201cPoder revivir los momentos m\u00e1s importantes tanto profesionales como personales est\u00e1 siendo un regalo&#8230; y siempre, siempre, acompa\u00f1ado de vosotros: el respetable, mi p\u00fablico al que adoro<\/em>\u201d,&nbsp;comenta el propio&nbsp;Raphael&nbsp;sobre el proyecto. <\/p>\n\n\n\n<p>El reportaje gira en torno la carrera y la vida del artista \u00fanico que ha trascendido a diferentes generaciones a lo largo de sus 60 a\u00f1os de trayectoria. <\/p>\n\n\n\n<p>Raphael es un icono que, sin cambiar su&nbsp;estilo \u00fanico y personal,&nbsp;ha resistido al paso del tiempo, las modas y las cr\u00edticas.&nbsp;Es hoy, sin duda, una leyenda viva de la m\u00fasica.&nbsp;Acaba de cumplir 78 a\u00f1os y la mayor parte de ellos han transcurrido encima de un escenario.<\/p>\n\n\n\n<figure class=\"wp-block-image size-large\"><img decoding=\"async\" width=\"780\" height=\"444\" src=\"https:\/\/www.vsacomunicacion.com\/wp-content\/uploads\/2022\/02\/raphael_portada.jpeg\" alt=\"Raphael retrato\" class=\"wp-image-5854\" srcset=\"https:\/\/www.vsacomunicacion.com\/wp-content\/uploads\/2022\/02\/raphael_portada.jpeg 780w, https:\/\/www.vsacomunicacion.com\/wp-content\/uploads\/2022\/02\/raphael_portada-300x171.jpeg 300w, https:\/\/www.vsacomunicacion.com\/wp-content\/uploads\/2022\/02\/raphael_portada-768x437.jpeg 768w\" sizes=\"(max-width: 780px) 100vw, 780px\" \/><figcaption>La historia de Raphael en Movistar+<\/figcaption><\/figure>\n\n\n\n<p>El documental RAPHAELISMO es un retrato \u00edntimo de cuatro episodios que ahonda en los \u00e9xitos, secretos, miedos y sue\u00f1os del artista. <\/p>\n\n\n\n<p>Incluye material audiovisual in\u00e9dito, lo que lo convierte en el primer y \u00fanico documental con la implicaci\u00f3n directa del propio Raphael; su mujer,&nbsp;Natalia Figueroa; sus hijos, Jacobo, Alejandra y Manuel Martos y <em>Universal Music Spain<\/em>. <\/p>\n\n\n\n<p>Su familia ha aportado un ingente archivo fotogr\u00e1fico y audiovisual in\u00e9dito ofreciendo una visi\u00f3n mucho m\u00e1s \u00edntima y humana del mito que todos conocemos.<\/p>\n\n\n\n<p><em><br><\/em>Rodado entre&nbsp;Madrid, Barcelona, M\u00e1laga, Linares (Ja\u00e9n), M\u00e9xico, Miami&nbsp;y&nbsp;Los \u00c1ngeles, es un ambicioso proyecto creado y dirigido por Charlie Arnaiz y Alberto Ortega de <em>Dad\u00e1 Films &amp; Entertainment<\/em>, nominados al Goya por <em>Anatom\u00eda de un Dandy <\/em>(2020).<strong><\/strong><\/p>\n\n\n\n<p>No te lo puedes perder!!! La historia de Raphael es la historia de todos!! <a href=\"https:\/\/www.instagram.com\/raphaelartista\/\" target=\"_blank\" rel=\"noopener\">@raphaelartista<\/a>&nbsp;<a href=\"https:\/\/www.instagram.com\/movistarplus\/\" target=\"_blank\" rel=\"noopener\">@movistarplus<\/a> <a href=\"https:\/\/www.instagram.com\/explore\/tags\/raphaelismo\/\" target=\"_blank\" rel=\"noopener\">#raphaelismo<\/a>&nbsp;<a href=\"https:\/\/www.instagram.com\/explore\/tags\/movistarplus\/\" target=\"_blank\" rel=\"noopener\">#movistarplus<\/a>&nbsp;<a href=\"https:\/\/www.instagram.com\/explore\/tags\/eldocumental\/\" target=\"_blank\" rel=\"noopener\">#eldocumental<\/a>&nbsp;<a href=\"https:\/\/www.instagram.com\/explore\/tags\/madrid\/\" target=\"_blank\" rel=\"noopener\">#madrid<\/a>&nbsp;<a href=\"https:\/\/www.instagram.com\/explore\/tags\/ooh\/\" target=\"_blank\" rel=\"noopener\">#ooh<\/a>&nbsp;<a href=\"https:\/\/www.instagram.com\/explore\/tags\/vsacomunicaci%C3%B3n\/\" target=\"_blank\" rel=\"noopener\">#vsacomunicaci\u00f3n<\/a> #Madrid<\/p>\n","protected":false},"excerpt":{"rendered":"<p>MOVISTAR+ te presenta la historia del artista m\u00e1s relevante del panorama musical actual, como nunca antes te la han contado!! VSA COMUNICACION da visibilidad al gran documental \u201cRaphaelismo\u201d con una lona espectacular ubicada en el centro de Madrid, la majestuosa [&hellip;]<\/p>\n","protected":false},"author":3,"featured_media":8103,"comment_status":"open","ping_status":"open","sticky":false,"template":"","format":"standard","meta":{"inline_featured_image":false,"footnotes":""},"categories":[1488,1489],"tags":[1572,1493,1505,1619,1609,1611,1499,1582,1620,1621],"class_list":["post-11633","post","type-post","status-publish","format-standard","has-post-thumbnail","hentry","category-lonas-publicitarias-en","category-madrid-en","tag-vsacomunicacion-2-en","tag-lonadegranformato-en","tag-vsa-en","tag-gran-via-en","tag-lonas-publicitarias-2-en","tag-lonas-publicitarias-madrid-en","tag-madrid-en","tag-marketing-espectacular-en","tag-movistar-en","tag-serie-documental-en"],"_links":{"self":[{"href":"https:\/\/www.vsacomunicacion.com\/en\/wp-json\/wp\/v2\/posts\/11633"}],"collection":[{"href":"https:\/\/www.vsacomunicacion.com\/en\/wp-json\/wp\/v2\/posts"}],"about":[{"href":"https:\/\/www.vsacomunicacion.com\/en\/wp-json\/wp\/v2\/types\/post"}],"author":[{"embeddable":true,"href":"https:\/\/www.vsacomunicacion.com\/en\/wp-json\/wp\/v2\/users\/3"}],"replies":[{"embeddable":true,"href":"https:\/\/www.vsacomunicacion.com\/en\/wp-json\/wp\/v2\/comments?post=11633"}],"version-history":[{"count":0,"href":"https:\/\/www.vsacomunicacion.com\/en\/wp-json\/wp\/v2\/posts\/11633\/revisions"}],"wp:featuredmedia":[{"embeddable":true,"href":"https:\/\/www.vsacomunicacion.com\/en\/wp-json\/wp\/v2\/media\/8103"}],"wp:attachment":[{"href":"https:\/\/www.vsacomunicacion.com\/en\/wp-json\/wp\/v2\/media?parent=11633"}],"wp:term":[{"taxonomy":"category","embeddable":true,"href":"https:\/\/www.vsacomunicacion.com\/en\/wp-json\/wp\/v2\/categories?post=11633"},{"taxonomy":"post_tag","embeddable":true,"href":"https:\/\/www.vsacomunicacion.com\/en\/wp-json\/wp\/v2\/tags?post=11633"}],"curies":[{"name":"wp","href":"https:\/\/api.w.org\/{rel}","templated":true}]}}