{"id":11638,"date":"2021-12-01T16:39:04","date_gmt":"2021-12-01T16:39:04","guid":{"rendered":"https:\/\/www.vsacomunicacion.com\/lona-publicitaria-de-cartier-en-madrid\/"},"modified":"2021-12-01T16:39:04","modified_gmt":"2021-12-01T16:39:04","slug":"lona-publicitaria-de-cartier-en-madrid","status":"publish","type":"post","link":"https:\/\/www.vsacomunicacion.com\/en\/lona-publicitaria-de-cartier-en-madrid\/","title":{"rendered":"Lona Publicitaria de CARTIER en Madrid"},"content":{"rendered":"\n<p><a href=\"https:\/\/www.cartier.com\/es-es?&amp;mid=14243vr13149&amp;mkwid=s_dc&amp;pcrid=476292511852&amp;kword=cartier&amp;match=e&amp;plid=&amp;gclid=EAIaIQobChMIlZnL-fa_9AIVbY9oCR0fXw-iEAAYASAAEgI7Q_D_BwE&amp;gclsrc=aw.ds\" target=\"_blank\" rel=\"noreferrer noopener nofollow sponsored ugc\"><strong>CARTIER<\/strong><\/a> ha confiado en VSA COMUNICACION para comunicar la apertura de su sede en la <a href=\"https:\/\/galeriacanalejas.com\/\" target=\"_blank\" rel=\"noreferrer noopener nofollow sponsored ugc\">Galer\u00eda Canalejas<\/a>.<\/p>\n\n\n\n<p>Un emplazamiento de alt\u00edsimo prestigio publicitario ubicado en la calle <strong><a href=\"http:\/\/www.vsacomunicacion.com\" target=\"_blank\" rel=\"noreferrer noopener nofollow sponsored ugc\">Alcal\u00e1, 25<\/a><\/strong>, a escasos metros de la <strong>Galer\u00eda Canalejas<\/strong>.<\/p>\n\n\n\n<figure class=\"wp-block-gallery columns-1 is-cropped wp-block-gallery-1 is-layout-flex wp-block-gallery-is-layout-flex\"><ul class=\"blocks-gallery-grid\"><li class=\"blocks-gallery-item\"><figure><img fetchpriority=\"high\" decoding=\"async\" width=\"884\" height=\"626\" src=\"https:\/\/www.vsacomunicacion.com\/wp-content\/uploads\/2021\/11\/lona-publicitaria-madrid-alcala-25-cartier-diciembre-noche-vsa-comunicacion.jpg\" alt=\"lona-publicitaria-madrid-alcala-25-cartier-diciembre-noche-vsa-comunicacion\" data-id=\"5717\" data-full-url=\"https:\/\/www.vsacomunicacion.com\/wp-content\/uploads\/2021\/11\/lona-publicitaria-madrid-alcala-25-cartier-diciembre-noche-vsa-comunicacion.jpg\" data-link=\"https:\/\/www.vsacomunicacion.com\/?attachment_id=5717\" class=\"wp-image-5717\" srcset=\"https:\/\/www.vsacomunicacion.com\/wp-content\/uploads\/2021\/11\/lona-publicitaria-madrid-alcala-25-cartier-diciembre-noche-vsa-comunicacion.jpg 884w, https:\/\/www.vsacomunicacion.com\/wp-content\/uploads\/2021\/11\/lona-publicitaria-madrid-alcala-25-cartier-diciembre-noche-vsa-comunicacion-300x212.jpg 300w, https:\/\/www.vsacomunicacion.com\/wp-content\/uploads\/2021\/11\/lona-publicitaria-madrid-alcala-25-cartier-diciembre-noche-vsa-comunicacion-768x544.jpg 768w\" sizes=\"(max-width: 884px) 100vw, 884px\" \/><\/figure><\/li><\/ul><\/figure>\n\n\n\n<p>Hagamos un breve repaso a la historia de CARTIER. Nace en 1847, cuando Louis-Fran\u00e7ois&nbsp;Cartier empieza a hacerse cargo del taller de su maestro Adolphe&nbsp;Picard. Aqu\u00ed se funda la <strong>Maison Cartier<\/strong>. En 1856 la firma francesa entra en la alta sociedad parisina de la mano de la Princesa Matilde. <\/p>\n\n\n\n<p>Es con la incorporaci\u00f3n de Louis Cartier <em>(nieto del fundador)<\/em> que se introduce el estilo que posteriormente hemos conocido como &#8220;Guirlande&#8221;  quien concibe el anillo Trinity <em>(tres anillos, tres oros \u2192 UN ICONO)<\/em>. A principios del siglo XX abren filial en Londres y Nueva York y se adentran en el dise\u00f1o de relojes. <\/p>\n\n\n\n<p>En los gloriosos a\u00f1os 1920 pasa la direcci\u00f3n creativa a manos de Jeanne&nbsp;Toussaint, apodada &#8220;La Pantera&#8221;.<\/p>\n\n\n\n<p>A partir de 1973 crean la l\u00ednea Must. En 1978 nace el reloj Santos, que combina oro y acero.<\/p>\n\n\n\n<p>Desde el a\u00f1o 2000 Cartier presenta cada a\u00f1o una nueva colecci\u00f3n y a d\u00eda siguen escribiendo su <a href=\"https:\/\/www.cartier.com\/es-es\/maison\/the-story\/story-and-heritage\" target=\"_blank\" rel=\"noreferrer noopener nofollow sponsored ugc\">historia<\/a>.<\/p>\n\n\n\n<p>Como no pod\u00eda ser de otra manera, Cartier ha escogido la Galer\u00eda Canalejas cuenta para abrir su segunda sede en Madrid. <\/p>\n\n\n\n<figure class=\"wp-block-gallery columns-1 is-cropped wp-block-gallery-2 is-layout-flex wp-block-gallery-is-layout-flex\"><ul class=\"blocks-gallery-grid\"><li class=\"blocks-gallery-item\"><figure><img decoding=\"async\" width=\"884\" height=\"626\" src=\"https:\/\/www.vsacomunicacion.com\/wp-content\/uploads\/2021\/12\/lona-publicitaria-madrid-alcala-25-cartier-diciembre-dia-vsa-comunicacion.jpg\" alt=\"lona-publicitaria-madrid-alcala-25-cartier-diciembre-dia-vsa-comunicacion\" data-id=\"5719\" data-full-url=\"https:\/\/www.vsacomunicacion.com\/wp-content\/uploads\/2021\/12\/lona-publicitaria-madrid-alcala-25-cartier-diciembre-dia-vsa-comunicacion.jpg\" data-link=\"https:\/\/www.vsacomunicacion.com\/?attachment_id=5719\" class=\"wp-image-5719\" srcset=\"https:\/\/www.vsacomunicacion.com\/wp-content\/uploads\/2021\/12\/lona-publicitaria-madrid-alcala-25-cartier-diciembre-dia-vsa-comunicacion.jpg 884w, https:\/\/www.vsacomunicacion.com\/wp-content\/uploads\/2021\/12\/lona-publicitaria-madrid-alcala-25-cartier-diciembre-dia-vsa-comunicacion-300x212.jpg 300w, https:\/\/www.vsacomunicacion.com\/wp-content\/uploads\/2021\/12\/lona-publicitaria-madrid-alcala-25-cartier-diciembre-dia-vsa-comunicacion-768x544.jpg 768w\" sizes=\"(max-width: 884px) 100vw, 884px\" \/><\/figure><\/li><\/ul><\/figure>\n\n\n\n<p>La Galer\u00eda Canalejas \u2192 con una superficie de 15.000m2 distribuidos en tres niveles alberga actividad comercial y gastron\u00f3mica. La primera fase se inaugur\u00f3 con la apertura de la firma francesa <strong>Herm\u00e8s<\/strong>. En la primavera del 2022 ya se habr\u00e1n sumado el resto de tiendas.<\/p>\n\n\n\n<p>\u00a1Pero ah\u00ed no acaba todo! En la planta subterr\u00e1nea nos encontramos con el <strong>FOOD HALL de Galer\u00eda Canalejas<\/strong>, un espacio de m\u00e1s de 4.000m2 dedicados a la gastronom\u00eda. Los mejores chefs nacionales e internacionales liderar\u00e1n los 13 restaurantes de diferentes especialidades para ofrecernos \u2192 <strong>\u00a1Una experiencia \u00fanica en Madrid!<\/strong><\/p>\n\n\n\n<p>Nuestra gastronom\u00eda est\u00e1 representada con&nbsp;<strong><a href=\"https:\/\/www.dbellotajamoneria.com\/\" target=\"_blank\" rel=\"noreferrer noopener nofollow sponsored ugc\">DBellota<\/a><\/strong> donde podr\u00e1s degustar su selecci\u00f3n de ib\u00e9ricos, embutidos y quesos. <strong><a href=\"https:\/\/www.restaurantestjames.com\/\" target=\"_blank\" rel=\"noreferrer noopener\">St James<\/a><\/strong> donde disfrutar\u00e1s del mejor arroz. <strong><a href=\"http:\/\/www.garelos.es\/\" target=\"_blank\" rel=\"noreferrer noopener\">Garelos<\/a><\/strong> para que puedas adentrarte en la gastronom\u00eda gallega y <strong>El Goloso<\/strong> donde podr\u00e1s probar los mejores pasteles y dulces artesanales.<\/p>\n\n\n\n<p>Galer\u00eda Canalejas \u2192 The new international icon of luxury shopping and haute cuisine in the heart of Madrid.<\/p>\n\n\n\n<p>\u00a1Pincha <a href=\"https:\/\/www.youtube.com\/watch?v=q41LklQ2ndA\" target=\"_blank\" rel=\"noreferrer noopener nofollow sponsored ugc\">aqu\u00ed<\/a> y desc\u00fabrelo!<\/p>\n","protected":false},"excerpt":{"rendered":"<p>CARTIER ha confiado en VSA COMUNICACION para comunicar la apertura de su sede en la Galer\u00eda Canalejas. Un emplazamiento de alt\u00edsimo prestigio publicitario ubicado en la calle Alcal\u00e1, 25, a escasos metros de la Galer\u00eda Canalejas. Hagamos un breve repaso [&hellip;]<\/p>\n","protected":false},"author":3,"featured_media":8035,"comment_status":"open","ping_status":"open","sticky":false,"template":"","format":"standard","meta":{"inline_featured_image":false,"footnotes":""},"categories":[1488,1489],"tags":[1523,1492,1632,1633,1493,1496,1563,1510,1505,1498],"class_list":["post-11638","post","type-post","status-publish","format-standard","has-post-thumbnail","hentry","category-lonas-publicitarias-en","category-madrid-en","tag-campanapublicitaria-en","tag-cartier-en","tag-galeriacanalejas-en","tag-hermes-en","tag-lonadegranformato-en","tag-lonapublicitaria-en","tag-madrid-2-en","tag-marketingespectacular-en","tag-vsa-en","tag-vsacomunicacion-en"],"_links":{"self":[{"href":"https:\/\/www.vsacomunicacion.com\/en\/wp-json\/wp\/v2\/posts\/11638"}],"collection":[{"href":"https:\/\/www.vsacomunicacion.com\/en\/wp-json\/wp\/v2\/posts"}],"about":[{"href":"https:\/\/www.vsacomunicacion.com\/en\/wp-json\/wp\/v2\/types\/post"}],"author":[{"embeddable":true,"href":"https:\/\/www.vsacomunicacion.com\/en\/wp-json\/wp\/v2\/users\/3"}],"replies":[{"embeddable":true,"href":"https:\/\/www.vsacomunicacion.com\/en\/wp-json\/wp\/v2\/comments?post=11638"}],"version-history":[{"count":0,"href":"https:\/\/www.vsacomunicacion.com\/en\/wp-json\/wp\/v2\/posts\/11638\/revisions"}],"wp:featuredmedia":[{"embeddable":true,"href":"https:\/\/www.vsacomunicacion.com\/en\/wp-json\/wp\/v2\/media\/8035"}],"wp:attachment":[{"href":"https:\/\/www.vsacomunicacion.com\/en\/wp-json\/wp\/v2\/media?parent=11638"}],"wp:term":[{"taxonomy":"category","embeddable":true,"href":"https:\/\/www.vsacomunicacion.com\/en\/wp-json\/wp\/v2\/categories?post=11638"},{"taxonomy":"post_tag","embeddable":true,"href":"https:\/\/www.vsacomunicacion.com\/en\/wp-json\/wp\/v2\/tags?post=11638"}],"curies":[{"name":"wp","href":"https:\/\/api.w.org\/{rel}","templated":true}]}}