{"id":11644,"date":"2021-11-19T09:33:04","date_gmt":"2021-11-19T09:33:04","guid":{"rendered":"https:\/\/www.vsacomunicacion.com\/campana-de-esic-en-barcelona\/"},"modified":"2021-11-19T09:33:04","modified_gmt":"2021-11-19T09:33:04","slug":"campana-de-esic-en-barcelona","status":"publish","type":"post","link":"https:\/\/www.vsacomunicacion.com\/en\/campana-de-esic-en-barcelona\/","title":{"rendered":"Campa\u00f1a de ESIC en Barcelona"},"content":{"rendered":"\n<p>\u00a1Te muevas por donde te muevas te encuentras con la campa\u00f1a que <a href=\"http:\/\/www.esic.es\" target=\"_blank\" rel=\"noreferrer noopener nofollow sponsored ugc\"><strong>ESIC<\/strong><\/a> tiene en <strong>Barcelona<\/strong>!<\/p>\n\n\n\n<figure class=\"wp-block-image size-large\"><img fetchpriority=\"high\" decoding=\"async\" width=\"884\" height=\"626\" src=\"https:\/\/www.vsacomunicacion.com\/wp-content\/uploads\/2021\/11\/pym-barcelona-plaza-molina-balmes-292-esic-vsa-comunicacion.jpg\" alt=\"pym-barcelona-plaza-molina-balmes-292-esic-vsa-comunicacion\" class=\"wp-image-5667\" srcset=\"https:\/\/www.vsacomunicacion.com\/wp-content\/uploads\/2021\/11\/pym-barcelona-plaza-molina-balmes-292-esic-vsa-comunicacion.jpg 884w, https:\/\/www.vsacomunicacion.com\/wp-content\/uploads\/2021\/11\/pym-barcelona-plaza-molina-balmes-292-esic-vsa-comunicacion-300x212.jpg 300w, https:\/\/www.vsacomunicacion.com\/wp-content\/uploads\/2021\/11\/pym-barcelona-plaza-molina-balmes-292-esic-vsa-comunicacion-768x544.jpg 768w\" sizes=\"(max-width: 884px) 100vw, 884px\" \/><\/figure>\n\n\n\n<p>Utilizan emplazamientos PREMIUM de <a href=\"http:\/\/WWW.VSACOMUNICACION.COM\" target=\"_blank\" rel=\"noreferrer noopener nofollow sponsored ugc\"><strong>VSA COMUNICACION<\/strong><\/a> para comunicar sus ciclos universitarios, postgrados, m\u00e1sters&#8230; Disponemos de un <strong>circuito de m\u00e1s de 20 ubicaciones<\/strong> escogidas estrat\u00e9gicamente para conseguir la mayor cobertura con el menor n\u00famero de emplazamientos. <strong>Una publicidad urbana ligera, visible, eficaz y de gran formato<\/strong>. <\/p>\n\n\n\n<figure class=\"wp-block-image size-large\"><img decoding=\"async\" width=\"884\" height=\"626\" src=\"https:\/\/www.vsacomunicacion.com\/wp-content\/uploads\/2021\/11\/pym-barcelona-plaza-molina-balmes-292-esic-vsa-comunicacion-2.jpg\" alt=\"pym-barcelona-plaza-molina-balmes-292-esic-vsa-comunicacion-2\" class=\"wp-image-5668\" srcset=\"https:\/\/www.vsacomunicacion.com\/wp-content\/uploads\/2021\/11\/pym-barcelona-plaza-molina-balmes-292-esic-vsa-comunicacion-2.jpg 884w, https:\/\/www.vsacomunicacion.com\/wp-content\/uploads\/2021\/11\/pym-barcelona-plaza-molina-balmes-292-esic-vsa-comunicacion-2-300x212.jpg 300w, https:\/\/www.vsacomunicacion.com\/wp-content\/uploads\/2021\/11\/pym-barcelona-plaza-molina-balmes-292-esic-vsa-comunicacion-2-768x544.jpg 768w\" sizes=\"(max-width: 884px) 100vw, 884px\" \/><\/figure>\n\n\n\n<p>ESIC est\u00e1 en el <strong>TOP 1 de Espa\u00f1a<\/strong> en Marketing y Econom\u00eda Digital y es una de las m\u00e1s influyentes del mundo. Cuentan con innumerables calificaciones por calidad y prestigio nacional e internacional.<\/p>\n\n\n\n<blockquote class=\"wp-block-quote is-layout-flow wp-block-quote-is-layout-flow\"><p>Seg\u00fan su Presidente Eduardo G\u00f3mez Mart\u00edn, <em>el prop\u00f3sito de ESIC es contribuir a la transformaci\u00f3n del alumnado para que se desenvuelva con \u00e9xito en su vida profesional de una forma responsable y anclada en valores \u00e9ticos y ejerzan como actores de cambio en sus organizaciones y en su entorno social.<\/em><\/p><\/blockquote>\n\n\n\n<figure class=\"wp-block-image size-large\"><img decoding=\"async\" width=\"884\" height=\"626\" src=\"https:\/\/www.vsacomunicacion.com\/wp-content\/uploads\/2021\/11\/pym-barcelona-plaza-molina-balmes-292-esic-vsa-comunicacion-3.jpg\" alt=\"pym-barcelona-plaza-molina-balmes-292-esic-vsa-comunicacion-3\" class=\"wp-image-5669\" srcset=\"https:\/\/www.vsacomunicacion.com\/wp-content\/uploads\/2021\/11\/pym-barcelona-plaza-molina-balmes-292-esic-vsa-comunicacion-3.jpg 884w, https:\/\/www.vsacomunicacion.com\/wp-content\/uploads\/2021\/11\/pym-barcelona-plaza-molina-balmes-292-esic-vsa-comunicacion-3-300x212.jpg 300w, https:\/\/www.vsacomunicacion.com\/wp-content\/uploads\/2021\/11\/pym-barcelona-plaza-molina-balmes-292-esic-vsa-comunicacion-3-768x544.jpg 768w\" sizes=\"(max-width: 884px) 100vw, 884px\" \/><\/figure>\n\n\n\n<p>\u00bfTe animas a estudiar y ampliar tu curriculum? <a href=\"https:\/\/www.esic.edu\/contacto-esic?_adin=11599812294\" target=\"_blank\" rel=\"noreferrer noopener nofollow sponsored ugc\">Preg\u00fantanos<\/a> <\/p>\n","protected":false},"excerpt":{"rendered":"<p>\u00a1Te muevas por donde te muevas te encuentras con la campa\u00f1a que ESIC tiene en Barcelona! Utilizan emplazamientos PREMIUM de VSA COMUNICACION para comunicar sus ciclos universitarios, postgrados, m\u00e1sters&#8230; Disponemos de un circuito de m\u00e1s de 20 ubicaciones escogidas estrat\u00e9gicamente [&hellip;]<\/p>\n","protected":false},"author":3,"featured_media":8022,"comment_status":"open","ping_status":"open","sticky":false,"template":"","format":"standard","meta":{"inline_featured_image":false,"footnotes":""},"categories":[1506,1593],"tags":[1561,1637,1529,1510,1542,1594,1505,1498],"class_list":["post-11644","post","type-post","status-publish","format-standard","has-post-thumbnail","hentry","category-barcelona-en","category-pyms-en","tag-barcelona-2-en","tag-esic-en","tag-granformato-en","tag-marketingespectacular-en","tag-publicidadurbana-en","tag-pyms-en","tag-vsa-en","tag-vsacomunicacion-en"],"_links":{"self":[{"href":"https:\/\/www.vsacomunicacion.com\/en\/wp-json\/wp\/v2\/posts\/11644"}],"collection":[{"href":"https:\/\/www.vsacomunicacion.com\/en\/wp-json\/wp\/v2\/posts"}],"about":[{"href":"https:\/\/www.vsacomunicacion.com\/en\/wp-json\/wp\/v2\/types\/post"}],"author":[{"embeddable":true,"href":"https:\/\/www.vsacomunicacion.com\/en\/wp-json\/wp\/v2\/users\/3"}],"replies":[{"embeddable":true,"href":"https:\/\/www.vsacomunicacion.com\/en\/wp-json\/wp\/v2\/comments?post=11644"}],"version-history":[{"count":0,"href":"https:\/\/www.vsacomunicacion.com\/en\/wp-json\/wp\/v2\/posts\/11644\/revisions"}],"wp:featuredmedia":[{"embeddable":true,"href":"https:\/\/www.vsacomunicacion.com\/en\/wp-json\/wp\/v2\/media\/8022"}],"wp:attachment":[{"href":"https:\/\/www.vsacomunicacion.com\/en\/wp-json\/wp\/v2\/media?parent=11644"}],"wp:term":[{"taxonomy":"category","embeddable":true,"href":"https:\/\/www.vsacomunicacion.com\/en\/wp-json\/wp\/v2\/categories?post=11644"},{"taxonomy":"post_tag","embeddable":true,"href":"https:\/\/www.vsacomunicacion.com\/en\/wp-json\/wp\/v2\/tags?post=11644"}],"curies":[{"name":"wp","href":"https:\/\/api.w.org\/{rel}","templated":true}]}}