{"id":11646,"date":"2021-11-17T13:22:31","date_gmt":"2021-11-17T13:22:31","guid":{"rendered":"https:\/\/www.vsacomunicacion.com\/lona-publicitaria-mercedes-en-bcn\/"},"modified":"2021-11-17T13:22:31","modified_gmt":"2021-11-17T13:22:31","slug":"lona-publicitaria-mercedes-en-bcn","status":"publish","type":"post","link":"https:\/\/www.vsacomunicacion.com\/en\/lona-publicitaria-mercedes-en-bcn\/","title":{"rendered":"Lona Publicitaria MERCEDES en Bcn"},"content":{"rendered":"\n<p><strong>MERCEDES-BENZ<\/strong> escoge un importante cruce del barrio del Eixample de Barcelona para instalar una <strong>lona publicitaria<\/strong> e invitarnos a descubrir el nuevo modelo en el Sal\u00f3n del Autom\u00f3vil.<\/p>\n\n\n\n<p>El <strong>coche el\u00e9ctrico<\/strong> ha llegado para quedarse. Ya son muchas las marcas que incluyen nuevos modelos en su gama el\u00e9ctrica. El ejemplo lo encontramos en el <a href=\"https:\/\/www.mercedes-benz.es\/passengercars.html?group=all&amp;subgroup=see-all&amp;view=BODYTYPE\" target=\"_blank\" rel=\"noreferrer noopener nofollow sponsored ugc\">NUEVO EQS<\/a> que la marca ha lanzado al mercado.<\/p>\n\n\n\n<p>La ubicaci\u00f3n escogida es el emplazamiento que tiene <strong>VSA COMUNICACION<\/strong> en la calle Muntaner esquina con Par\u00eds.<\/p>\n\n\n\n<figure class=\"wp-block-image size-large\"><img fetchpriority=\"high\" decoding=\"async\" width=\"884\" height=\"626\" src=\"https:\/\/www.vsacomunicacion.com\/wp-content\/uploads\/2021\/11\/lona-publicitaria-barcelona-muntaner-184-paris-mercedes-noche-octubre-2021-vsa-comunicacion-1.jpg\" alt=\"lona-publicitaria-barcelona-muntaner-184-paris-mercedes-noche-octubre-2021-vsa-comunicacion\" class=\"wp-image-5646\" srcset=\"https:\/\/www.vsacomunicacion.com\/wp-content\/uploads\/2021\/11\/lona-publicitaria-barcelona-muntaner-184-paris-mercedes-noche-octubre-2021-vsa-comunicacion-1.jpg 884w, https:\/\/www.vsacomunicacion.com\/wp-content\/uploads\/2021\/11\/lona-publicitaria-barcelona-muntaner-184-paris-mercedes-noche-octubre-2021-vsa-comunicacion-1-300x212.jpg 300w, https:\/\/www.vsacomunicacion.com\/wp-content\/uploads\/2021\/11\/lona-publicitaria-barcelona-muntaner-184-paris-mercedes-noche-octubre-2021-vsa-comunicacion-1-768x544.jpg 768w\" sizes=\"(max-width: 884px) 100vw, 884px\" \/><\/figure>\n\n\n\n<p>Son muchas las ventajas que nos ofrecen este tipo de veh\u00edculos. En primer lugar y sin duda de la que m\u00e1s se habla es que tiene CERO emisiones. N<strong>o emite gases contaminantes<\/strong>, por no hablar del ahorro econ\u00f3mico y de las m\u00faltiples subvenciones estatales, auton\u00f3micas o incluso del propio fabricante.<\/p>\n\n\n\n<figure class=\"wp-block-image size-large\"><img decoding=\"async\" width=\"884\" height=\"626\" src=\"https:\/\/www.vsacomunicacion.com\/wp-content\/uploads\/2021\/11\/lona-publicitaria-barcelona-muntaner-184-paris-mercedes-dia-octubre-2021-vsa-comunicacion.jpg\" alt=\"lona-publicitaria-barcelona-muntaner-184-paris-mercedes-dia-octubre-2021-vsa-comunicacion\" class=\"wp-image-5653\" srcset=\"https:\/\/www.vsacomunicacion.com\/wp-content\/uploads\/2021\/11\/lona-publicitaria-barcelona-muntaner-184-paris-mercedes-dia-octubre-2021-vsa-comunicacion.jpg 884w, https:\/\/www.vsacomunicacion.com\/wp-content\/uploads\/2021\/11\/lona-publicitaria-barcelona-muntaner-184-paris-mercedes-dia-octubre-2021-vsa-comunicacion-300x212.jpg 300w, https:\/\/www.vsacomunicacion.com\/wp-content\/uploads\/2021\/11\/lona-publicitaria-barcelona-muntaner-184-paris-mercedes-dia-octubre-2021-vsa-comunicacion-768x544.jpg 768w\" sizes=\"(max-width: 884px) 100vw, 884px\" \/><\/figure>\n\n\n\n<p>Todo son novedades en este nuevo concepto que utiliza la marca en sus modelos. Exteriormente vemos luces traseras en dise\u00f1o de h\u00e9lice tridimensional, una elegante calandra del radiador Black Panel, nuevas llantas de hasta 22&#8243;. En definitiva, un nuevo concepto de imagen <strong>&#8220;One-Bow&#8221;<\/strong>.<\/p>\n\n\n\n<p>En el interior. Iluminaci\u00f3n activa de ambiente, elementos de adorno de alta calidad, vamos \u00a1que desprende lujo por todas partes!. Pero sin duda la joya del dise\u00f1o interior es la <a href=\"https:\/\/www.mercedes-benz.com.mx\/es\/future-vehicles\/mbux-hyperscreen\" target=\"_blank\" rel=\"noreferrer noopener nofollow sponsored ugc\">MBUX-Hyperscreen<\/a> \u2192 \u00a1esto es un ejemplo de fusi\u00f3n de dise\u00f1o digital\/anal\u00f3gico!<\/p>\n\n\n\n<figure class=\"wp-block-image size-full\"><img decoding=\"async\" width=\"1410\" height=\"570\" src=\"https:\/\/www.vsacomunicacion.com\/wp-content\/uploads\/2021\/11\/lona-publicitaria-barcelona-muntaner-184-paris-mercedes-mbux-hyperscreen-octubre-2021-vsa-comunicacion.jpg\" alt=\"lona-publicitaria-barcelona-muntaner-184-paris-mercedes-mbux-hyperscreen-octubre-2021-vsa-comunicacion\" class=\"wp-image-5649\" srcset=\"https:\/\/www.vsacomunicacion.com\/wp-content\/uploads\/2021\/11\/lona-publicitaria-barcelona-muntaner-184-paris-mercedes-mbux-hyperscreen-octubre-2021-vsa-comunicacion.jpg 1410w, https:\/\/www.vsacomunicacion.com\/wp-content\/uploads\/2021\/11\/lona-publicitaria-barcelona-muntaner-184-paris-mercedes-mbux-hyperscreen-octubre-2021-vsa-comunicacion-300x121.jpg 300w, https:\/\/www.vsacomunicacion.com\/wp-content\/uploads\/2021\/11\/lona-publicitaria-barcelona-muntaner-184-paris-mercedes-mbux-hyperscreen-octubre-2021-vsa-comunicacion-1024x414.jpg 1024w, https:\/\/www.vsacomunicacion.com\/wp-content\/uploads\/2021\/11\/lona-publicitaria-barcelona-muntaner-184-paris-mercedes-mbux-hyperscreen-octubre-2021-vsa-comunicacion-768x310.jpg 768w\" sizes=\"(max-width: 1410px) 100vw, 1410px\" \/><\/figure>\n\n\n\n<p>\u00bfQuieres conocer m\u00e1s? Config\u00faralo \u2192 <a href=\"https:\/\/www.mercedes-benz.es\/passengercars\/content-pool\/tool-pages\/car-configurator.html\/motorization\/CCci\/ES\/es\/EQS-KLASSE\/LIMOUSINE_LANG\" target=\"_blank\" rel=\"noreferrer noopener nofollow sponsored ugc\">aqu\u00ed<\/a> y disfruta del confort.<\/p>\n\n\n\n<p>Revisa nuestros proyectos en <a href=\"http:\/\/www.vsacomunicacion.com\/\" target=\"_blank\" rel=\"noreferrer noopener\">VSA COMUNICACION<\/a>.<\/p>\n","protected":false},"excerpt":{"rendered":"<p>Lona Publicitaria MERCEDES-BENZ<\/p>\n","protected":false},"author":3,"featured_media":8014,"comment_status":"open","ping_status":"open","sticky":false,"template":"","format":"standard","meta":{"inline_featured_image":false,"footnotes":""},"categories":[1506,1488,1490,1491],"tags":[1561,1652,1496,1653,1533,1498,1654,1655,1579,1656,1582,1605],"class_list":["post-11646","post","type-post","status-publish","format-standard","has-post-thumbnail","hentry","category-barcelona-en","category-lonas-publicitarias-en","category-productos-en","category-ubicacion-en","tag-barcelona-2-en","tag-eqs-en","tag-lonapublicitaria-en","tag-mercedes-2-en","tag-outdooradvertising-en","tag-vsacomunicacion-en","tag-barcelona-premium-en","tag-ciudadcondal-en","tag-lona-gran-formato-en","tag-lonas-gran-formato-en","tag-marketing-espectacular-en","tag-vsa-2-en"],"_links":{"self":[{"href":"https:\/\/www.vsacomunicacion.com\/en\/wp-json\/wp\/v2\/posts\/11646"}],"collection":[{"href":"https:\/\/www.vsacomunicacion.com\/en\/wp-json\/wp\/v2\/posts"}],"about":[{"href":"https:\/\/www.vsacomunicacion.com\/en\/wp-json\/wp\/v2\/types\/post"}],"author":[{"embeddable":true,"href":"https:\/\/www.vsacomunicacion.com\/en\/wp-json\/wp\/v2\/users\/3"}],"replies":[{"embeddable":true,"href":"https:\/\/www.vsacomunicacion.com\/en\/wp-json\/wp\/v2\/comments?post=11646"}],"version-history":[{"count":0,"href":"https:\/\/www.vsacomunicacion.com\/en\/wp-json\/wp\/v2\/posts\/11646\/revisions"}],"wp:featuredmedia":[{"embeddable":true,"href":"https:\/\/www.vsacomunicacion.com\/en\/wp-json\/wp\/v2\/media\/8014"}],"wp:attachment":[{"href":"https:\/\/www.vsacomunicacion.com\/en\/wp-json\/wp\/v2\/media?parent=11646"}],"wp:term":[{"taxonomy":"category","embeddable":true,"href":"https:\/\/www.vsacomunicacion.com\/en\/wp-json\/wp\/v2\/categories?post=11646"},{"taxonomy":"post_tag","embeddable":true,"href":"https:\/\/www.vsacomunicacion.com\/en\/wp-json\/wp\/v2\/tags?post=11646"}],"curies":[{"name":"wp","href":"https:\/\/api.w.org\/{rel}","templated":true}]}}