{"id":11650,"date":"2021-09-01T09:08:00","date_gmt":"2021-09-01T09:08:00","guid":{"rendered":"https:\/\/www.vsacomunicacion.com\/lona-publicitaria-portaventura-world\/"},"modified":"2021-09-01T09:08:00","modified_gmt":"2021-09-01T09:08:00","slug":"lona-publicitaria-portaventura-world","status":"publish","type":"post","link":"https:\/\/www.vsacomunicacion.com\/en\/lona-publicitaria-portaventura-world\/","title":{"rendered":"Lona Publicitaria PortAventura World"},"content":{"rendered":"\n<p>Coincidiendo con el inicio de la Vuelta al Cole, <strong>PORTAVENTURA WORLD <\/strong> ha puesto en marcha la campa\u00f1a <strong>&#8220;YA TE TOCA&#8221;<\/strong>, una iniciativa que pretende reconocer el \u00faltimo estir\u00f3n que han pegado los m\u00e1s peque\u00f1os de la casa.<\/p>\n\n\n\n<p>En su campa\u00f1a de publicidad exterior ha incluido la espectacular <strong>lona publicitaria<\/strong> de<strong> VSA COMUNICACION <\/strong>en la calle Muntaner, esquina Paris, de <strong>Barcelona<\/strong>.<\/p>\n\n\n\n<figure class=\"wp-block-gallery columns-1 is-cropped wp-block-gallery-1 is-layout-flex wp-block-gallery-is-layout-flex\"><ul class=\"blocks-gallery-grid\"><li class=\"blocks-gallery-item\"><figure><img fetchpriority=\"high\" decoding=\"async\" width=\"884\" height=\"626\" src=\"https:\/\/www.vsacomunicacion.com\/wp-content\/uploads\/2021\/09\/lona-publicitaria-barcelona-muntaner-184-paris-portaventura-dia-vsa-comunicacion.jpg\" alt=\"lona-publicitaria-barcelona-muntaner-184-paris-portaventura-dia-vsa-comunicacion\" data-id=\"5605\" data-full-url=\"https:\/\/www.vsacomunicacion.com\/wp-content\/uploads\/2021\/09\/lona-publicitaria-barcelona-muntaner-184-paris-portaventura-dia-vsa-comunicacion.jpg\" data-link=\"https:\/\/www.vsacomunicacion.com\/?attachment_id=5605\" class=\"wp-image-5605\" srcset=\"https:\/\/www.vsacomunicacion.com\/wp-content\/uploads\/2021\/09\/lona-publicitaria-barcelona-muntaner-184-paris-portaventura-dia-vsa-comunicacion.jpg 884w, https:\/\/www.vsacomunicacion.com\/wp-content\/uploads\/2021\/09\/lona-publicitaria-barcelona-muntaner-184-paris-portaventura-dia-vsa-comunicacion-300x212.jpg 300w, https:\/\/www.vsacomunicacion.com\/wp-content\/uploads\/2021\/09\/lona-publicitaria-barcelona-muntaner-184-paris-portaventura-dia-vsa-comunicacion-768x544.jpg 768w\" sizes=\"(max-width: 884px) 100vw, 884px\" \/><\/figure><\/li><\/ul><\/figure>\n\n\n\n<p>No importa lo que midas&#8230; 1 metro, 1,20 m, 1,40 m o 1,90 m\u2026 \u00a1Ya te toca ir a PORTAVENTURA WORLD!<\/p>\n\n\n\n<p>Explora tu ciudad y encuentra los medidores de altura de Woody para descubrir todo el nuevo mundo de posibilidades, atracciones y experiencias que te ofrece PORTAVENTURA WORLD.<\/p>\n\n\n\n<figure class=\"wp-block-gallery columns-1 is-cropped wp-block-gallery-2 is-layout-flex wp-block-gallery-is-layout-flex\"><ul class=\"blocks-gallery-grid\"><li class=\"blocks-gallery-item\"><figure><img decoding=\"async\" width=\"884\" height=\"626\" src=\"https:\/\/www.vsacomunicacion.com\/wp-content\/uploads\/2021\/09\/lona-publicitaria-barcelona-muntaner-184-paris-portaventura-noche-vsa-comunicacion.jpg\" alt=\"lona-publicitaria-barcelona-muntaner-184-paris-portaventura-noche-vsa-comunicacion\" data-id=\"5606\" data-full-url=\"https:\/\/www.vsacomunicacion.com\/wp-content\/uploads\/2021\/09\/lona-publicitaria-barcelona-muntaner-184-paris-portaventura-noche-vsa-comunicacion.jpg\" data-link=\"https:\/\/www.vsacomunicacion.com\/?attachment_id=5606\" class=\"wp-image-5606\" srcset=\"https:\/\/www.vsacomunicacion.com\/wp-content\/uploads\/2021\/09\/lona-publicitaria-barcelona-muntaner-184-paris-portaventura-noche-vsa-comunicacion.jpg 884w, https:\/\/www.vsacomunicacion.com\/wp-content\/uploads\/2021\/09\/lona-publicitaria-barcelona-muntaner-184-paris-portaventura-noche-vsa-comunicacion-300x212.jpg 300w, https:\/\/www.vsacomunicacion.com\/wp-content\/uploads\/2021\/09\/lona-publicitaria-barcelona-muntaner-184-paris-portaventura-noche-vsa-comunicacion-768x544.jpg 768w\" sizes=\"(max-width: 884px) 100vw, 884px\" \/><\/figure><\/li><\/ul><\/figure>\n\n\n\n<p>Aprovecha las promociones \u00fanicas del PORTAVENTURA WORLD hasta el 30 de septiembre! <\/p>\n\n\n\n<p>Accede al\u00a0<em><a href=\"https:\/\/search.portaventuraworld.com\/PRV?languageId=ES_ES&amp;_ga=2.227882717.1758485866.1631784224-1586160931.1631784224#\/\" target=\"_blank\" rel=\"noopener\">link<\/a><\/em>\u00a0, introduce el c\u00f3digo de tipo descuento \u00abYaTeTocaPAW\u00bb para disfrutar del mejor precio y \u00a1Reserva Ya!<\/p>\n\n\n\n<p>#YaTeTocaPortAventura<\/p>\n","protected":false},"excerpt":{"rendered":"<p>Coincidiendo con el inicio de la Vuelta al Cole, PORTAVENTURA WORLD ha puesto en marcha la campa\u00f1a &#8220;YA TE TOCA&#8221;, una iniciativa que pretende reconocer el \u00faltimo estir\u00f3n que han pegado los m\u00e1s peque\u00f1os de la casa. En su campa\u00f1a [&hellip;]<\/p>\n","protected":false},"author":3,"featured_media":8003,"comment_status":"open","ping_status":"open","sticky":false,"template":"","format":"standard","meta":{"inline_featured_image":false,"footnotes":""},"categories":[1506,1488],"tags":[1609,1581,1512,1585,1663,1586],"class_list":["post-11650","post","type-post","status-publish","format-standard","has-post-thumbnail","hentry","category-barcelona-en","category-lonas-publicitarias-en","tag-lonas-publicitarias-2-en","tag-lonas-publicitarias-barcelona-en","tag-ooh-en","tag-publicidad-exterior-en","tag-publicidad-garn-formato-en","tag-publicidad-urbana-en"],"_links":{"self":[{"href":"https:\/\/www.vsacomunicacion.com\/en\/wp-json\/wp\/v2\/posts\/11650"}],"collection":[{"href":"https:\/\/www.vsacomunicacion.com\/en\/wp-json\/wp\/v2\/posts"}],"about":[{"href":"https:\/\/www.vsacomunicacion.com\/en\/wp-json\/wp\/v2\/types\/post"}],"author":[{"embeddable":true,"href":"https:\/\/www.vsacomunicacion.com\/en\/wp-json\/wp\/v2\/users\/3"}],"replies":[{"embeddable":true,"href":"https:\/\/www.vsacomunicacion.com\/en\/wp-json\/wp\/v2\/comments?post=11650"}],"version-history":[{"count":0,"href":"https:\/\/www.vsacomunicacion.com\/en\/wp-json\/wp\/v2\/posts\/11650\/revisions"}],"wp:featuredmedia":[{"embeddable":true,"href":"https:\/\/www.vsacomunicacion.com\/en\/wp-json\/wp\/v2\/media\/8003"}],"wp:attachment":[{"href":"https:\/\/www.vsacomunicacion.com\/en\/wp-json\/wp\/v2\/media?parent=11650"}],"wp:term":[{"taxonomy":"category","embeddable":true,"href":"https:\/\/www.vsacomunicacion.com\/en\/wp-json\/wp\/v2\/categories?post=11650"},{"taxonomy":"post_tag","embeddable":true,"href":"https:\/\/www.vsacomunicacion.com\/en\/wp-json\/wp\/v2\/tags?post=11650"}],"curies":[{"name":"wp","href":"https:\/\/api.w.org\/{rel}","templated":true}]}}