{"id":11652,"date":"2021-03-01T09:52:00","date_gmt":"2021-03-01T09:52:00","guid":{"rendered":"https:\/\/www.vsacomunicacion.com\/lona-publicitaria-de-el-rey-de-zamunda\/"},"modified":"2021-03-01T09:52:00","modified_gmt":"2021-03-01T09:52:00","slug":"lona-publicitaria-de-el-rey-de-zamunda","status":"publish","type":"post","link":"https:\/\/www.vsacomunicacion.com\/en\/lona-publicitaria-de-el-rey-de-zamunda\/","title":{"rendered":"Lona Publicitaria de &#8220;El Rey de Zamunda&#8221;"},"content":{"rendered":"\n<p><strong>VSA COMUNICACION<\/strong> y <strong>AMAZON PRIME VIDEO<\/strong> estamos de estreno por partida doble!! <\/p>\n\n\n\n<p>Inauguramos el nuevo emplazamiento Premium en <strong>Barcelona<\/strong>, en la Rambla Catalu\u00f1a con Gran V\u00eda de les Corts Catalanes, con una espectacular <strong>lona publicitaria <\/strong>con el anuncio del estreno el pr\u00f3ximo viernes 5 de marzo de la segunda parte de la famosa comedia EL REY DE ZAMUNDA<\/p>\n\n\n\n<figure class=\"wp-block-gallery columns-1 is-cropped wp-block-gallery-1 is-layout-flex wp-block-gallery-is-layout-flex\"><ul class=\"blocks-gallery-grid\"><li class=\"blocks-gallery-item\"><figure><img fetchpriority=\"high\" decoding=\"async\" width=\"884\" height=\"626\" src=\"https:\/\/www.vsacomunicacion.com\/wp-content\/uploads\/2021\/03\/lona-publicitaria-barcelona-rambla-catalunya-15-amazon-febrero-dia-vsa-comunicacion-1.jpg\" alt=\"lona-publicitaria-barcelona-rambla-catalunya-15-amazon-febrero-dia-vsa-comunicacion\" data-id=\"5561\" data-full-url=\"https:\/\/www.vsacomunicacion.com\/wp-content\/uploads\/2021\/03\/lona-publicitaria-barcelona-rambla-catalunya-15-amazon-febrero-dia-vsa-comunicacion-1.jpg\" data-link=\"https:\/\/www.vsacomunicacion.com\/index.php\/lona-publicitaria-de-30-monedas-para-hbo\/lona-publicitaria-barcelona-rambla-catalunya-15-amazon-febrero-dia-vsa-comunicacion-2\/\" class=\"wp-image-5561\" srcset=\"https:\/\/www.vsacomunicacion.com\/wp-content\/uploads\/2021\/03\/lona-publicitaria-barcelona-rambla-catalunya-15-amazon-febrero-dia-vsa-comunicacion-1.jpg 884w, https:\/\/www.vsacomunicacion.com\/wp-content\/uploads\/2021\/03\/lona-publicitaria-barcelona-rambla-catalunya-15-amazon-febrero-dia-vsa-comunicacion-1-300x212.jpg 300w, https:\/\/www.vsacomunicacion.com\/wp-content\/uploads\/2021\/03\/lona-publicitaria-barcelona-rambla-catalunya-15-amazon-febrero-dia-vsa-comunicacion-1-768x544.jpg 768w\" sizes=\"(max-width: 884px) 100vw, 884px\" \/><\/figure><\/li><\/ul><\/figure>\n\n\n\n<p>El nuevo emplazamiento de<strong> VSA COMUNICACION<\/strong> est\u00e1 ubicado en el centro de la zona comercial por excelencia de la ciudad, entre dos v\u00edas de elevad\u00edsimo tr\u00e1fico rodado y peatonal\u00a0 y a escasos metros de Plaza Catalu\u00f1a. Se encuentra en una zona con numerosas terrazas abiertas durante todo el a\u00f1o, restaurantes, bares, teatros y muy transitada tambi\u00e9n por estar rodeada de numerosas tiendas, hoteles y Centros Comerciales de gran prestigio.<\/p>\n\n\n\n<figure class=\"wp-block-gallery columns-1 is-cropped wp-block-gallery-2 is-layout-flex wp-block-gallery-is-layout-flex\"><ul class=\"blocks-gallery-grid\"><li class=\"blocks-gallery-item\"><figure><img decoding=\"async\" width=\"884\" height=\"626\" src=\"https:\/\/www.vsacomunicacion.com\/wp-content\/uploads\/2021\/03\/lona-publicitaria-barcelona-rambla-catalunya-15-amazon-febrero-noche-vsa-comunicacion.jpg\" alt=\"lona-publicitaria-barcelona-rambla-catalunya-15-amazon-febrero-noche-vsa-comunicacion\" data-id=\"5555\" data-full-url=\"https:\/\/www.vsacomunicacion.com\/wp-content\/uploads\/2021\/03\/lona-publicitaria-barcelona-rambla-catalunya-15-amazon-febrero-noche-vsa-comunicacion.jpg\" data-link=\"https:\/\/www.vsacomunicacion.com\/index.php\/lona-publicitaria-de-el-rey-de-zamunda\/lona-publicitaria-barcelona-rambla-catalunya-15-amazon-febrero-noche-vsa-comunicacion\/\" class=\"wp-image-5555\" srcset=\"https:\/\/www.vsacomunicacion.com\/wp-content\/uploads\/2021\/03\/lona-publicitaria-barcelona-rambla-catalunya-15-amazon-febrero-noche-vsa-comunicacion.jpg 884w, https:\/\/www.vsacomunicacion.com\/wp-content\/uploads\/2021\/03\/lona-publicitaria-barcelona-rambla-catalunya-15-amazon-febrero-noche-vsa-comunicacion-300x212.jpg 300w, https:\/\/www.vsacomunicacion.com\/wp-content\/uploads\/2021\/03\/lona-publicitaria-barcelona-rambla-catalunya-15-amazon-febrero-noche-vsa-comunicacion-768x544.jpg 768w\" sizes=\"(max-width: 884px) 100vw, 884px\" \/><\/figure><\/li><\/ul><\/figure>\n\n\n\n<p>Eddie Murphy y su personaje en la famosa comedia de John Landis de 1988 regresa, esta vez convertido ya en <strong>Rey de Zamunda<\/strong>, mientras se embarca en una aventura que lo lleva de vuelta a \u00e9l y su consejero (Arsenio Hall) a Estados Unidos.<\/p>\n\n\n\n<p>En esta ocasi\u00f3n no huye de Zamunda sino que ha descubierto que tiene un hijo&nbsp;en Queens y debe encontrarlo para cumplir el \u00faltimo deseo de su padre, convertirle en su sucesor y ense\u00f1arle c\u00f3mo ser rey.<\/p>\n\n\n\n<figure class=\"wp-block-gallery columns-1 is-cropped wp-block-gallery-3 is-layout-flex wp-block-gallery-is-layout-flex\"><ul class=\"blocks-gallery-grid\"><li class=\"blocks-gallery-item\"><figure><img decoding=\"async\" width=\"884\" height=\"626\" src=\"https:\/\/www.vsacomunicacion.com\/wp-content\/uploads\/2021\/03\/lona-publicitaria-barcelona-rambla-catalunya-15-amazon-febrero-dia-lateral-vsa-comunicacion.jpg\" alt=\"lona-publicitaria-barcelona-rambla-catalunya-15-amazon-febrero-dia- lateral-vsa-comunicacion\" data-id=\"5556\" data-full-url=\"https:\/\/www.vsacomunicacion.com\/wp-content\/uploads\/2021\/03\/lona-publicitaria-barcelona-rambla-catalunya-15-amazon-febrero-dia-lateral-vsa-comunicacion.jpg\" data-link=\"https:\/\/www.vsacomunicacion.com\/?attachment_id=5556\" class=\"wp-image-5556\" srcset=\"https:\/\/www.vsacomunicacion.com\/wp-content\/uploads\/2021\/03\/lona-publicitaria-barcelona-rambla-catalunya-15-amazon-febrero-dia-lateral-vsa-comunicacion.jpg 884w, https:\/\/www.vsacomunicacion.com\/wp-content\/uploads\/2021\/03\/lona-publicitaria-barcelona-rambla-catalunya-15-amazon-febrero-dia-lateral-vsa-comunicacion-300x212.jpg 300w, https:\/\/www.vsacomunicacion.com\/wp-content\/uploads\/2021\/03\/lona-publicitaria-barcelona-rambla-catalunya-15-amazon-febrero-dia-lateral-vsa-comunicacion-768x544.jpg 768w\" sizes=\"(max-width: 884px) 100vw, 884px\" \/><\/figure><\/li><\/ul><\/figure>\n\n\n\n<p>Podremos ver como James Earl Jones, Shari Headley, John Amos y Louie Anderson retoman tambi\u00e9n sus papeles pero tambi\u00e9n cuenta con algunas caras que de bien seguro reconoceremos como Leslie Jones, Kiki Layne y Tracy Morgan o Wesley Snipes como villano de excepci\u00f3n.<\/p>\n\n\n\n<p>La secuela de la divertida comedia,<strong> El Rey de Zamunda<\/strong>, dirigida por Craig Brewer y escrita por Kenya Barris, Barry W. Blaustein y David Sheffield, la podremos ver desde nuestras casas el pr\u00f3ximo 5 marzo en <strong>Amazon Prime Video<\/strong>. \u00bf<em>Est\u00e1s preparado para re\u00edrte sin l\u00edmite?<\/em><\/p>\n","protected":false},"excerpt":{"rendered":"<p>VSA COMUNICACION y AMAZON PRIME VIDEO estamos de estreno por partida doble!! Inauguramos el nuevo emplazamiento Premium en Barcelona, en la Rambla Catalu\u00f1a con Gran V\u00eda de les Corts Catalanes, con una espectacular lona publicitaria con el anuncio del estreno [&hellip;]<\/p>\n","protected":false},"author":3,"featured_media":7984,"comment_status":"open","ping_status":"open","sticky":false,"template":"","format":"standard","meta":{"inline_featured_image":false,"footnotes":""},"categories":[1488,1489],"tags":[1667,1668,1516,1669,1609,1581,1512,1584,1565,1585,1599,1670,1671],"class_list":["post-11652","post","type-post","status-publish","format-standard","has-post-thumbnail","hentry","category-lonas-publicitarias-en","category-madrid-en","tag-amazon-prime-en","tag-amazon-prime-video-en","tag-barcelona-en","tag-gran-via-de-les-corts-catalanes-en","tag-lonas-publicitarias-2-en","tag-lonas-publicitarias-barcelona-en","tag-ooh-en","tag-outdoor-advertising-en","tag-publicidad-ciudades-en","tag-publicidad-exterior-en","tag-publicidad-gran-formato-en","tag-rambla-catalunya-en","tag-trafico-rodado-en"],"_links":{"self":[{"href":"https:\/\/www.vsacomunicacion.com\/en\/wp-json\/wp\/v2\/posts\/11652"}],"collection":[{"href":"https:\/\/www.vsacomunicacion.com\/en\/wp-json\/wp\/v2\/posts"}],"about":[{"href":"https:\/\/www.vsacomunicacion.com\/en\/wp-json\/wp\/v2\/types\/post"}],"author":[{"embeddable":true,"href":"https:\/\/www.vsacomunicacion.com\/en\/wp-json\/wp\/v2\/users\/3"}],"replies":[{"embeddable":true,"href":"https:\/\/www.vsacomunicacion.com\/en\/wp-json\/wp\/v2\/comments?post=11652"}],"version-history":[{"count":0,"href":"https:\/\/www.vsacomunicacion.com\/en\/wp-json\/wp\/v2\/posts\/11652\/revisions"}],"wp:featuredmedia":[{"embeddable":true,"href":"https:\/\/www.vsacomunicacion.com\/en\/wp-json\/wp\/v2\/media\/7984"}],"wp:attachment":[{"href":"https:\/\/www.vsacomunicacion.com\/en\/wp-json\/wp\/v2\/media?parent=11652"}],"wp:term":[{"taxonomy":"category","embeddable":true,"href":"https:\/\/www.vsacomunicacion.com\/en\/wp-json\/wp\/v2\/categories?post=11652"},{"taxonomy":"post_tag","embeddable":true,"href":"https:\/\/www.vsacomunicacion.com\/en\/wp-json\/wp\/v2\/tags?post=11652"}],"curies":[{"name":"wp","href":"https:\/\/api.w.org\/{rel}","templated":true}]}}