{"id":11653,"date":"2021-01-14T11:38:00","date_gmt":"2021-01-14T11:38:00","guid":{"rendered":"https:\/\/www.vsacomunicacion.com\/lona-publicitaria-de-turismo-de-gran-canaria-en-madrid\/"},"modified":"2021-01-14T11:38:00","modified_gmt":"2021-01-14T11:38:00","slug":"lona-publicitaria-de-turismo-de-gran-canaria-en-madrid","status":"publish","type":"post","link":"https:\/\/www.vsacomunicacion.com\/en\/lona-publicitaria-de-turismo-de-gran-canaria-en-madrid\/","title":{"rendered":"Lona Publicitaria de TURISMO DE GRAN CANARIA en Madrid"},"content":{"rendered":"\n<p><strong><em>Este a\u00f1o m\u00e1s que nunca, te mereces GRAN CANARIA<\/em><\/strong> es el slogan de la nueva campa\u00f1a de publicidad exterior de<strong> TURISMO DE GRAN CANARIA<\/strong>, en la que, estamos encantados, hayan incluido la magn\u00edfica <strong>lona publicitaria <\/strong>de <strong>VSA COMUNICACI\u00d3N<\/strong> en el emplazamiento de Pr\u00edncipe de Vergara de <strong>Madrid<\/strong>.<\/p>\n\n\n\n<figure class=\"wp-block-gallery columns-1 is-cropped wp-block-gallery-1 is-layout-flex wp-block-gallery-is-layout-flex\"><ul class=\"blocks-gallery-grid\"><li class=\"blocks-gallery-item\"><figure><img fetchpriority=\"high\" decoding=\"async\" width=\"884\" height=\"626\" src=\"https:\/\/www.vsacomunicacion.com\/wp-content\/uploads\/2021\/03\/lona-publicitaria-madrid-pincipe-de-vergara-103-turismo-gran-canaria-diciembre-dia-vsa-comunicacion.jpg\" alt=\"lona-publicitaria-madrid-pincipe-de-vergara-103-turismo-gran-canaria-diciembre-dia-vsa-comunicacion\" data-id=\"5566\" data-full-url=\"https:\/\/www.vsacomunicacion.com\/wp-content\/uploads\/2021\/03\/lona-publicitaria-madrid-pincipe-de-vergara-103-turismo-gran-canaria-diciembre-dia-vsa-comunicacion.jpg\" data-link=\"https:\/\/www.vsacomunicacion.com\/?attachment_id=5566\" class=\"wp-image-5566\" srcset=\"https:\/\/www.vsacomunicacion.com\/wp-content\/uploads\/2021\/03\/lona-publicitaria-madrid-pincipe-de-vergara-103-turismo-gran-canaria-diciembre-dia-vsa-comunicacion.jpg 884w, https:\/\/www.vsacomunicacion.com\/wp-content\/uploads\/2021\/03\/lona-publicitaria-madrid-pincipe-de-vergara-103-turismo-gran-canaria-diciembre-dia-vsa-comunicacion-300x212.jpg 300w, https:\/\/www.vsacomunicacion.com\/wp-content\/uploads\/2021\/03\/lona-publicitaria-madrid-pincipe-de-vergara-103-turismo-gran-canaria-diciembre-dia-vsa-comunicacion-768x544.jpg 768w\" sizes=\"(max-width: 884px) 100vw, 884px\" \/><\/figure><\/li><\/ul><\/figure>\n\n\n\n<p>Las Dunas de Maspalomas\u00a0son las protagonistas de esta fant\u00e1stica campa\u00f1a publicitaria dirigida por el Patronato de <strong>Turismo de Gran Canaria<\/strong>, promocionando la espectacular isla en la que sus turistas podr\u00e1n relajarse, hacer deporte, navegar y vivir la naturaleza en un entorno seguro.<\/p>\n\n\n\n<figure class=\"wp-block-gallery columns-1 is-cropped wp-block-gallery-2 is-layout-flex wp-block-gallery-is-layout-flex\"><ul class=\"blocks-gallery-grid\"><li class=\"blocks-gallery-item\"><figure><img decoding=\"async\" width=\"884\" height=\"626\" src=\"https:\/\/www.vsacomunicacion.com\/wp-content\/uploads\/2021\/03\/lona-publicitaria-madrid-pincipe-de-vergara-103-turismo-gran-canaria-aerea-diciembre-noche-vsa-comunicacion.jpg\" alt=\"lona-publicitaria-madrid-pincipe-de-vergara-103-turismo-gran-canaria-aerea-diciembre-noche-vsa-comunicacion\" data-id=\"5567\" data-full-url=\"https:\/\/www.vsacomunicacion.com\/wp-content\/uploads\/2021\/03\/lona-publicitaria-madrid-pincipe-de-vergara-103-turismo-gran-canaria-aerea-diciembre-noche-vsa-comunicacion.jpg\" data-link=\"https:\/\/www.vsacomunicacion.com\/index.php\/lona-publicitaria-de-turismo-de-gran-canaria-en-madrid\/lona-publicitaria-madrid-pincipe-de-vergara-103-turismo-gran-canaria-aerea-diciembre-noche-vsa-comunicacion\/\" class=\"wp-image-5567\" srcset=\"https:\/\/www.vsacomunicacion.com\/wp-content\/uploads\/2021\/03\/lona-publicitaria-madrid-pincipe-de-vergara-103-turismo-gran-canaria-aerea-diciembre-noche-vsa-comunicacion.jpg 884w, https:\/\/www.vsacomunicacion.com\/wp-content\/uploads\/2021\/03\/lona-publicitaria-madrid-pincipe-de-vergara-103-turismo-gran-canaria-aerea-diciembre-noche-vsa-comunicacion-300x212.jpg 300w, https:\/\/www.vsacomunicacion.com\/wp-content\/uploads\/2021\/03\/lona-publicitaria-madrid-pincipe-de-vergara-103-turismo-gran-canaria-aerea-diciembre-noche-vsa-comunicacion-768x544.jpg 768w\" sizes=\"(max-width: 884px) 100vw, 884px\" \/><\/figure><\/li><\/ul><\/figure>\n\n\n\n<p>Despu\u00e9s de duros d\u00edas de confinamiento y estado de alarma, despu\u00e9s de ese periodo de transici\u00f3n hacia la &#8220;nueva realidad&#8221;, te mereces todo lo mejor y mucho m\u00e1s, te mereces una isla como&nbsp;<strong>Gran Canaria<\/strong>.<\/p>\n\n\n\n<p>Podr\u00e1s descansar, desconectar, &#8220;cargar pilas&#8221;, practicar tus deportes favoritos ya sean en el mar o en la monta\u00f1a y, c\u00f3mo no, disfrutar de las compras y de la gastronom\u00eda en un entorno seguro.<\/p>\n\n\n\n<figure class=\"wp-block-gallery columns-1 is-cropped wp-block-gallery-3 is-layout-flex wp-block-gallery-is-layout-flex\"><ul class=\"blocks-gallery-grid\"><li class=\"blocks-gallery-item\"><figure><img decoding=\"async\" width=\"884\" height=\"626\" src=\"https:\/\/www.vsacomunicacion.com\/wp-content\/uploads\/2021\/03\/lona-publicitaria-madrid-pincipe-de-vergara-103-turismo-gran-canaria-aerea-diciembre-dia-vsa-comunicacion.jpg\" alt=\"lona-publicitaria-madrid-pincipe-de-vergara-103-turismo-gran-canaria-aerea-diciembre-dia-vsa-comunicacion\" data-id=\"5565\" data-full-url=\"https:\/\/www.vsacomunicacion.com\/wp-content\/uploads\/2021\/03\/lona-publicitaria-madrid-pincipe-de-vergara-103-turismo-gran-canaria-aerea-diciembre-dia-vsa-comunicacion.jpg\" data-link=\"https:\/\/www.vsacomunicacion.com\/?attachment_id=5565\" class=\"wp-image-5565\" srcset=\"https:\/\/www.vsacomunicacion.com\/wp-content\/uploads\/2021\/03\/lona-publicitaria-madrid-pincipe-de-vergara-103-turismo-gran-canaria-aerea-diciembre-dia-vsa-comunicacion.jpg 884w, https:\/\/www.vsacomunicacion.com\/wp-content\/uploads\/2021\/03\/lona-publicitaria-madrid-pincipe-de-vergara-103-turismo-gran-canaria-aerea-diciembre-dia-vsa-comunicacion-300x212.jpg 300w, https:\/\/www.vsacomunicacion.com\/wp-content\/uploads\/2021\/03\/lona-publicitaria-madrid-pincipe-de-vergara-103-turismo-gran-canaria-aerea-diciembre-dia-vsa-comunicacion-768x544.jpg 768w\" sizes=\"(max-width: 884px) 100vw, 884px\" \/><\/figure><\/li><\/ul><\/figure>\n\n\n\n<p>As\u00ed que, si necesitas parar, respirar, recuperar energ\u00edas y disfrutar de un c\u00e1lido y agradable clima&#8230; <em>&#8220;Este a\u00f1o m\u00e1s que nunca, te mereces Gran Canaria&#8221;<\/em><\/p>\n","protected":false},"excerpt":{"rendered":"<p>Este a\u00f1o m\u00e1s que nunca, te mereces GRAN CANARIA es el slogan de la nueva campa\u00f1a de publicidad exterior de TURISMO DE GRAN CANARIA, en la que, estamos encantados, hayan incluido la magn\u00edfica lona publicitaria de VSA COMUNICACI\u00d3N en el [&hellip;]<\/p>\n","protected":false},"author":3,"featured_media":7987,"comment_status":"open","ping_status":"open","sticky":false,"template":"","format":"standard","meta":{"inline_featured_image":false,"footnotes":""},"categories":[1488,1489],"tags":[1656,1609,1611,1499,1582,1512,1584,1585,1586,1672],"class_list":["post-11653","post","type-post","status-publish","format-standard","has-post-thumbnail","hentry","category-lonas-publicitarias-en","category-madrid-en","tag-lonas-gran-formato-en","tag-lonas-publicitarias-2-en","tag-lonas-publicitarias-madrid-en","tag-madrid-en","tag-marketing-espectacular-en","tag-ooh-en","tag-outdoor-advertising-en","tag-publicidad-exterior-en","tag-publicidad-urbana-en","tag-turismo-de-canarias-en"],"_links":{"self":[{"href":"https:\/\/www.vsacomunicacion.com\/en\/wp-json\/wp\/v2\/posts\/11653"}],"collection":[{"href":"https:\/\/www.vsacomunicacion.com\/en\/wp-json\/wp\/v2\/posts"}],"about":[{"href":"https:\/\/www.vsacomunicacion.com\/en\/wp-json\/wp\/v2\/types\/post"}],"author":[{"embeddable":true,"href":"https:\/\/www.vsacomunicacion.com\/en\/wp-json\/wp\/v2\/users\/3"}],"replies":[{"embeddable":true,"href":"https:\/\/www.vsacomunicacion.com\/en\/wp-json\/wp\/v2\/comments?post=11653"}],"version-history":[{"count":0,"href":"https:\/\/www.vsacomunicacion.com\/en\/wp-json\/wp\/v2\/posts\/11653\/revisions"}],"wp:featuredmedia":[{"embeddable":true,"href":"https:\/\/www.vsacomunicacion.com\/en\/wp-json\/wp\/v2\/media\/7987"}],"wp:attachment":[{"href":"https:\/\/www.vsacomunicacion.com\/en\/wp-json\/wp\/v2\/media?parent=11653"}],"wp:term":[{"taxonomy":"category","embeddable":true,"href":"https:\/\/www.vsacomunicacion.com\/en\/wp-json\/wp\/v2\/categories?post=11653"},{"taxonomy":"post_tag","embeddable":true,"href":"https:\/\/www.vsacomunicacion.com\/en\/wp-json\/wp\/v2\/tags?post=11653"}],"curies":[{"name":"wp","href":"https:\/\/api.w.org\/{rel}","templated":true}]}}