{"id":11657,"date":"2020-11-21T14:01:00","date_gmt":"2020-11-21T14:01:00","guid":{"rendered":"https:\/\/www.vsacomunicacion.com\/pym-de-muebles-adama-en-madrid\/"},"modified":"2020-11-21T14:01:00","modified_gmt":"2020-11-21T14:01:00","slug":"pym-de-muebles-adama-en-madrid","status":"publish","type":"post","link":"https:\/\/www.vsacomunicacion.com\/en\/pym-de-muebles-adama-en-madrid\/","title":{"rendered":"Pym de MUEBLES ADAMA en Madrid"},"content":{"rendered":"\n<p>Es evidente que estamos en una \u00e9poca de cambios y que todos, sin excepci\u00f3n, pasamos mucho m\u00e1s tiempo en casa. <\/p>\n\n\n\n<p>Y me pregunto&#8230; \u00bfPor qu\u00e9 no hacer de tu hogar un lugar m\u00e1s c\u00f3modo? Ahora es el momento de darte ese capricho que quiz\u00e1s has estado aplazando&#8230;. <\/p>\n\n\n\n<p>A trav\u00e9s de las <strong>PYM<\/strong>&#8216;s en <strong>Madrid <\/strong>de <strong>VSA COMUNICACION <\/strong>queremos presentaros la mejor opci\u00f3n: <strong>MUEBLES ADAMA<\/strong>.<\/p>\n\n\n\n<figure class=\"wp-block-gallery columns-1 is-cropped wp-block-gallery-1 is-layout-flex wp-block-gallery-is-layout-flex\"><ul class=\"blocks-gallery-grid\"><li class=\"blocks-gallery-item\"><figure><img fetchpriority=\"high\" decoding=\"async\" width=\"884\" height=\"626\" src=\"https:\/\/www.vsacomunicacion.com\/wp-content\/uploads\/2020\/11\/pym-madrid-oca-7-muebles-adama-dia-detalle-lona-vsa-comunicacion.jpg\" alt=\"pym-madrid-oca-7-muebles-adama-dia-detalle-lona-vsa-comunicacion\" data-id=\"5483\" data-full-url=\"https:\/\/www.vsacomunicacion.com\/wp-content\/uploads\/2020\/11\/pym-madrid-oca-7-muebles-adama-dia-detalle-lona-vsa-comunicacion.jpg\" data-link=\"https:\/\/www.vsacomunicacion.com\/?attachment_id=5483\" class=\"wp-image-5483\" srcset=\"https:\/\/www.vsacomunicacion.com\/wp-content\/uploads\/2020\/11\/pym-madrid-oca-7-muebles-adama-dia-detalle-lona-vsa-comunicacion.jpg 884w, https:\/\/www.vsacomunicacion.com\/wp-content\/uploads\/2020\/11\/pym-madrid-oca-7-muebles-adama-dia-detalle-lona-vsa-comunicacion-300x212.jpg 300w, https:\/\/www.vsacomunicacion.com\/wp-content\/uploads\/2020\/11\/pym-madrid-oca-7-muebles-adama-dia-detalle-lona-vsa-comunicacion-768x544.jpg 768w\" sizes=\"(max-width: 884px) 100vw, 884px\" \/><\/figure><\/li><\/ul><\/figure>\n\n\n\n<p>Si necesitas muebles de sal\u00f3n, un dormitorio de matrimonio y\/o juvenil, un sof\u00e1 nuevo, un mejor colch\u00f3n&#8230; <strong>MUEBLES ADAMA<\/strong>, y su equipo compuesto por aut\u00e9nticos profesionales del mueble, te ayudar\u00e1n asesor\u00e1ndote en la compra del mueble m\u00e1s adecuado para ti y los tuyos.<\/p>\n\n\n\n<figure class=\"wp-block-gallery columns-1 is-cropped wp-block-gallery-2 is-layout-flex wp-block-gallery-is-layout-flex\"><ul class=\"blocks-gallery-grid\"><li class=\"blocks-gallery-item\"><figure><img decoding=\"async\" width=\"884\" height=\"626\" src=\"https:\/\/www.vsacomunicacion.com\/wp-content\/uploads\/2020\/11\/pym-madrid-oca-7-muebles-adama-noche-vsa-comunicacion.jpg\" alt=\"pym-madrid-oca-7-muebles-adama-noche-vsa-comunicacion\" data-id=\"5485\" data-full-url=\"https:\/\/www.vsacomunicacion.com\/wp-content\/uploads\/2020\/11\/pym-madrid-oca-7-muebles-adama-noche-vsa-comunicacion.jpg\" data-link=\"https:\/\/www.vsacomunicacion.com\/?attachment_id=5485\" class=\"wp-image-5485\" srcset=\"https:\/\/www.vsacomunicacion.com\/wp-content\/uploads\/2020\/11\/pym-madrid-oca-7-muebles-adama-noche-vsa-comunicacion.jpg 884w, https:\/\/www.vsacomunicacion.com\/wp-content\/uploads\/2020\/11\/pym-madrid-oca-7-muebles-adama-noche-vsa-comunicacion-300x212.jpg 300w, https:\/\/www.vsacomunicacion.com\/wp-content\/uploads\/2020\/11\/pym-madrid-oca-7-muebles-adama-noche-vsa-comunicacion-768x544.jpg 768w\" sizes=\"(max-width: 884px) 100vw, 884px\" \/><\/figure><\/li><\/ul><\/figure>\n\n\n\n<p><strong>MUEBLES ADAMA <\/strong>te ofrece la posibilidad de comprar tus muebles en su tienda f\u00edsica de m\u00e1s de 500 m2 de superficie o, si prefieres hacerlo desde tu propio hogar, de forma online a trav\u00e9s de su web. <\/p>\n\n\n\n<p>En cualquier caso ser\u00e1s asesorado por los mejores profesionales.<\/p>\n\n\n\n<figure class=\"wp-block-gallery columns-1 is-cropped wp-block-gallery-3 is-layout-flex wp-block-gallery-is-layout-flex\"><ul class=\"blocks-gallery-grid\"><li class=\"blocks-gallery-item\"><figure><img decoding=\"async\" width=\"884\" height=\"626\" src=\"https:\/\/www.vsacomunicacion.com\/wp-content\/uploads\/2020\/11\/pym-madrid-oca-7-muebles-adama-dia-vsa-comunicacion.jpg\" alt=\"pym-madrid-oca-7-muebles-adama-dia-vsa-comunicacion\" data-id=\"5488\" data-full-url=\"https:\/\/www.vsacomunicacion.com\/wp-content\/uploads\/2020\/11\/pym-madrid-oca-7-muebles-adama-dia-vsa-comunicacion.jpg\" data-link=\"https:\/\/www.vsacomunicacion.com\/?attachment_id=5488\" class=\"wp-image-5488\" srcset=\"https:\/\/www.vsacomunicacion.com\/wp-content\/uploads\/2020\/11\/pym-madrid-oca-7-muebles-adama-dia-vsa-comunicacion.jpg 884w, https:\/\/www.vsacomunicacion.com\/wp-content\/uploads\/2020\/11\/pym-madrid-oca-7-muebles-adama-dia-vsa-comunicacion-300x212.jpg 300w, https:\/\/www.vsacomunicacion.com\/wp-content\/uploads\/2020\/11\/pym-madrid-oca-7-muebles-adama-dia-vsa-comunicacion-768x544.jpg 768w\" sizes=\"(max-width: 884px) 100vw, 884px\" \/><\/figure><\/li><\/ul><\/figure>\n\n\n\n<p>En <strong>MUEBLES ADAMA<\/strong> disponen de una gran variedad de dise\u00f1os y colores en salones para que nunca te quedes sin el tuyo, sof\u00e1s de gran variedad de telas y tama\u00f1os, dormitorios para los m\u00e1s peques y los no tan peques.<\/p>\n\n\n\n<p><em>MUEBLES ADAMA, grandes muebles a precios bajos!!<\/em><\/p>\n","protected":false},"excerpt":{"rendered":"<p>Es evidente que estamos en una \u00e9poca de cambios y que todos, sin excepci\u00f3n, pasamos mucho m\u00e1s tiempo en casa. Y me pregunto&#8230; \u00bfPor qu\u00e9 no hacer de tu hogar un lugar m\u00e1s c\u00f3modo? Ahora es el momento de darte [&hellip;]<\/p>\n","protected":false},"author":3,"featured_media":7970,"comment_status":"open","ping_status":"open","sticky":false,"template":"","format":"standard","meta":{"inline_featured_image":false,"footnotes":""},"categories":[1489,1593],"tags":[1664,1499,1582,1682,1512,1584,1565,1585,1599,1586,1676,1677],"class_list":["post-11657","post","type-post","status-publish","format-standard","has-post-thumbnail","hentry","category-madrid-en","category-pyms-en","tag-campana-publicitaria-en","tag-madrid-en","tag-marketing-espectacular-en","tag-muebles-adama-en","tag-ooh-en","tag-outdoor-advertising-en","tag-publicidad-ciudades-en","tag-publicidad-exterior-en","tag-publicidad-gran-formato-en","tag-publicidad-urbana-en","tag-pyms-2-en","tag-pyms-madrid-en"],"_links":{"self":[{"href":"https:\/\/www.vsacomunicacion.com\/en\/wp-json\/wp\/v2\/posts\/11657"}],"collection":[{"href":"https:\/\/www.vsacomunicacion.com\/en\/wp-json\/wp\/v2\/posts"}],"about":[{"href":"https:\/\/www.vsacomunicacion.com\/en\/wp-json\/wp\/v2\/types\/post"}],"author":[{"embeddable":true,"href":"https:\/\/www.vsacomunicacion.com\/en\/wp-json\/wp\/v2\/users\/3"}],"replies":[{"embeddable":true,"href":"https:\/\/www.vsacomunicacion.com\/en\/wp-json\/wp\/v2\/comments?post=11657"}],"version-history":[{"count":0,"href":"https:\/\/www.vsacomunicacion.com\/en\/wp-json\/wp\/v2\/posts\/11657\/revisions"}],"wp:featuredmedia":[{"embeddable":true,"href":"https:\/\/www.vsacomunicacion.com\/en\/wp-json\/wp\/v2\/media\/7970"}],"wp:attachment":[{"href":"https:\/\/www.vsacomunicacion.com\/en\/wp-json\/wp\/v2\/media?parent=11657"}],"wp:term":[{"taxonomy":"category","embeddable":true,"href":"https:\/\/www.vsacomunicacion.com\/en\/wp-json\/wp\/v2\/categories?post=11657"},{"taxonomy":"post_tag","embeddable":true,"href":"https:\/\/www.vsacomunicacion.com\/en\/wp-json\/wp\/v2\/tags?post=11657"}],"curies":[{"name":"wp","href":"https:\/\/api.w.org\/{rel}","templated":true}]}}