{"id":11661,"date":"2020-11-13T13:39:33","date_gmt":"2020-11-13T13:39:33","guid":{"rendered":"https:\/\/www.vsacomunicacion.com\/lona-publicitaria-de-adidas-en-la-gran-via-de-madrid\/"},"modified":"2020-11-13T13:39:33","modified_gmt":"2020-11-13T13:39:33","slug":"lona-publicitaria-de-adidas-en-la-gran-via-de-madrid","status":"publish","type":"post","link":"https:\/\/www.vsacomunicacion.com\/en\/lona-publicitaria-de-adidas-en-la-gran-via-de-madrid\/","title":{"rendered":"Lona Publicitaria de ADIDAS en la Gran V\u00eda de Madrid"},"content":{"rendered":"\n<p><strong>VSA COMUNICACION <\/strong>y Madrid vuelven a estar de estreno&#8230;. <\/p>\n\n\n\n<p>Y en esta ocasi\u00f3n no solo est\u00e1 de estreno VSA sino tambi\u00e9n <strong>ADIDAS<\/strong> x IVY PARK con la nueva colecci\u00f3n &#8220;<strong>This is my Park<\/strong>&#8220;, lanzada en colaboraci\u00f3n con Beyonc\u00e9, y de la que tenemos una peque\u00f1o avance en la incre\u00edble lona publicitaria en la Gran V\u00eda de <strong>Madrid<\/strong>.<\/p>\n\n\n\n<figure class=\"wp-block-gallery columns-1 is-cropped wp-block-gallery-1 is-layout-flex wp-block-gallery-is-layout-flex\"><ul class=\"blocks-gallery-grid\"><li class=\"blocks-gallery-item\"><figure><img fetchpriority=\"high\" decoding=\"async\" width=\"884\" height=\"626\" src=\"https:\/\/www.vsacomunicacion.com\/wp-content\/uploads\/2020\/11\/lona-publicitaria-madrid-gran-via-34-adidas-noche-vsa-comunicacion.jpg\" alt=\"lona-publicitaria-madrid-gran-via-34-adidas-noche-vsa-comunicacion\" data-id=\"5464\" data-full-url=\"https:\/\/www.vsacomunicacion.com\/wp-content\/uploads\/2020\/11\/lona-publicitaria-madrid-gran-via-34-adidas-noche-vsa-comunicacion.jpg\" data-link=\"https:\/\/www.vsacomunicacion.com\/?attachment_id=5464\" class=\"wp-image-5464\" srcset=\"https:\/\/www.vsacomunicacion.com\/wp-content\/uploads\/2020\/11\/lona-publicitaria-madrid-gran-via-34-adidas-noche-vsa-comunicacion.jpg 884w, https:\/\/www.vsacomunicacion.com\/wp-content\/uploads\/2020\/11\/lona-publicitaria-madrid-gran-via-34-adidas-noche-vsa-comunicacion-300x212.jpg 300w, https:\/\/www.vsacomunicacion.com\/wp-content\/uploads\/2020\/11\/lona-publicitaria-madrid-gran-via-34-adidas-noche-vsa-comunicacion-768x544.jpg 768w\" sizes=\"(max-width: 884px) 100vw, 884px\" \/><\/figure><\/li><\/ul><\/figure>\n\n\n\n<p>La nueva colecci\u00f3n de la popular cantante ha estado tremendamente aceptada, incluso aplaudida, por lanzar prendas aptas para todo tipo de cuerpos y siluetas, llegando hasta la talla 4xl. <\/p>\n\n\n\n<p>Disponible en la web de la marca deportiva, en su propia app y tambi\u00e9n en tiendas f\u00edsicas desde el pasado d\u00eda 30 de octubre. <\/p>\n\n\n\n<figure class=\"wp-block-gallery columns-1 is-cropped wp-block-gallery-2 is-layout-flex wp-block-gallery-is-layout-flex\"><ul class=\"blocks-gallery-grid\"><li class=\"blocks-gallery-item\"><figure><img decoding=\"async\" width=\"884\" height=\"626\" src=\"https:\/\/www.vsacomunicacion.com\/wp-content\/uploads\/2020\/11\/lona-publicitaria-madrid-gran-via-34-adidas-dia-vsa-comunicacion.jpg\" alt=\"lona-publicitaria-madrid-gran-via-34-adidas-dia-vsa-comunicacion\" data-id=\"5466\" data-full-url=\"https:\/\/www.vsacomunicacion.com\/wp-content\/uploads\/2020\/11\/lona-publicitaria-madrid-gran-via-34-adidas-dia-vsa-comunicacion.jpg\" data-link=\"https:\/\/www.vsacomunicacion.com\/?attachment_id=5466\" class=\"wp-image-5466\" srcset=\"https:\/\/www.vsacomunicacion.com\/wp-content\/uploads\/2020\/11\/lona-publicitaria-madrid-gran-via-34-adidas-dia-vsa-comunicacion.jpg 884w, https:\/\/www.vsacomunicacion.com\/wp-content\/uploads\/2020\/11\/lona-publicitaria-madrid-gran-via-34-adidas-dia-vsa-comunicacion-300x212.jpg 300w, https:\/\/www.vsacomunicacion.com\/wp-content\/uploads\/2020\/11\/lona-publicitaria-madrid-gran-via-34-adidas-dia-vsa-comunicacion-768x544.jpg 768w\" sizes=\"(max-width: 884px) 100vw, 884px\" \/><\/figure><\/li><\/ul><\/figure>\n\n\n\n<p>Los colores que predominan en la segunda colecci\u00f3n <strong>ADIDAS x IVYPARK <\/strong>son el verde oliva y tonalidades m\u00e1s pastel en azul, amarillo, rosa y nude. <\/p>\n\n\n\n<p>El com\u00fan denominador de todas las prendas de la colecci\u00f3n es que son &#8220;cozy&#8221;, s\u00ed, esta palabra que tan de moda se ha puesto \u00faltimamente, destinada a todas aquellas mujeres que quieren lucir un outfit c\u00f3modo sin dejar de sentirse guapas y glamourosas.<\/p>\n\n\n\n<p>As\u00ed que, date prisa y descubre la nueva colecci\u00f3n de ADIDAS, no te quedes sin tu prenda estrella, ten por seguro que ser\u00e1 un \u00e9xito y te sentir\u00e1s fabulosa!!<\/p>\n","protected":false},"excerpt":{"rendered":"<p>VSA COMUNICACION y Madrid vuelven a estar de estreno&#8230;. Y en esta ocasi\u00f3n no solo est\u00e1 de estreno VSA sino tambi\u00e9n ADIDAS x IVY PARK con la nueva colecci\u00f3n &#8220;This is my Park&#8220;, lanzada en colaboraci\u00f3n con Beyonc\u00e9, y de [&hellip;]<\/p>\n","protected":false},"author":3,"featured_media":7966,"comment_status":"open","ping_status":"open","sticky":false,"template":"","format":"standard","meta":{"inline_featured_image":false,"footnotes":""},"categories":[1488,1489],"tags":[1689,1690,1691,1692,1693,1694,1609,1611,1499,1582,1512,1584,1565,1585,1599,1586],"class_list":["post-11661","post","type-post","status-publish","format-standard","has-post-thumbnail","hentry","category-lonas-publicitarias-en","category-madrid-en","tag-adidas-en","tag-adidas-x-ivypark-en","tag-beyonce-en","tag-campana-adidas-en","tag-gran-formato-en","tag-gran-notoriedad-en","tag-lonas-publicitarias-2-en","tag-lonas-publicitarias-madrid-en","tag-madrid-en","tag-marketing-espectacular-en","tag-ooh-en","tag-outdoor-advertising-en","tag-publicidad-ciudades-en","tag-publicidad-exterior-en","tag-publicidad-gran-formato-en","tag-publicidad-urbana-en"],"_links":{"self":[{"href":"https:\/\/www.vsacomunicacion.com\/en\/wp-json\/wp\/v2\/posts\/11661"}],"collection":[{"href":"https:\/\/www.vsacomunicacion.com\/en\/wp-json\/wp\/v2\/posts"}],"about":[{"href":"https:\/\/www.vsacomunicacion.com\/en\/wp-json\/wp\/v2\/types\/post"}],"author":[{"embeddable":true,"href":"https:\/\/www.vsacomunicacion.com\/en\/wp-json\/wp\/v2\/users\/3"}],"replies":[{"embeddable":true,"href":"https:\/\/www.vsacomunicacion.com\/en\/wp-json\/wp\/v2\/comments?post=11661"}],"version-history":[{"count":0,"href":"https:\/\/www.vsacomunicacion.com\/en\/wp-json\/wp\/v2\/posts\/11661\/revisions"}],"wp:featuredmedia":[{"embeddable":true,"href":"https:\/\/www.vsacomunicacion.com\/en\/wp-json\/wp\/v2\/media\/7966"}],"wp:attachment":[{"href":"https:\/\/www.vsacomunicacion.com\/en\/wp-json\/wp\/v2\/media?parent=11661"}],"wp:term":[{"taxonomy":"category","embeddable":true,"href":"https:\/\/www.vsacomunicacion.com\/en\/wp-json\/wp\/v2\/categories?post=11661"},{"taxonomy":"post_tag","embeddable":true,"href":"https:\/\/www.vsacomunicacion.com\/en\/wp-json\/wp\/v2\/tags?post=11661"}],"curies":[{"name":"wp","href":"https:\/\/api.w.org\/{rel}","templated":true}]}}