{"id":11665,"date":"2020-10-30T12:53:00","date_gmt":"2020-10-30T12:53:00","guid":{"rendered":"https:\/\/www.vsacomunicacion.com\/lona-plublicitaria-de-amazon-en-madrid\/"},"modified":"2020-10-30T12:53:00","modified_gmt":"2020-10-30T12:53:00","slug":"lona-plublicitaria-de-amazon-en-madrid","status":"publish","type":"post","link":"https:\/\/www.vsacomunicacion.com\/en\/lona-plublicitaria-de-amazon-en-madrid\/","title":{"rendered":"Lona Plublicitaria de AMAZON en Madrid"},"content":{"rendered":"\n<div class=\"wp-block-group\"><div class=\"wp-block-group__inner-container is-layout-flow wp-block-group-is-layout-flow\">\n<p>Inauguramos el nuevo emplazamiento de <strong>VSA COMUNICACION<\/strong> en el Palacio del Marqu\u00e9s de Ibarra, el emblem\u00e1tico edificio construido por Pedro Muguruza en la Plaza de Rub\u00e9n Dar\u00edo de <strong>Madrid<\/strong>.<\/p>\n<\/div><\/div>\n\n\n\n<p>Y no vemos forma de iniciar esta nueva etapa que con una <strong>lona publicitari<\/strong>a de &#8220;<strong>EL DESAFIO: ETA<\/strong>&#8220;, la nueva serie documental de <strong>AMAZON PRIME VIDEO<\/strong>.<\/p>\n\n\n\n<figure class=\"wp-block-gallery columns-1 is-cropped wp-block-gallery-1 is-layout-flex wp-block-gallery-is-layout-flex\"><ul class=\"blocks-gallery-grid\"><li class=\"blocks-gallery-item\"><figure><img fetchpriority=\"high\" decoding=\"async\" width=\"884\" height=\"626\" src=\"https:\/\/www.vsacomunicacion.com\/wp-content\/uploads\/2020\/11\/lona-publicitaria-madrid-ruben-dario-3-amazon-noche-vsa-comunicacion.jpg\" alt=\"lona-publicitaria-madrid-ruben-dario-3-amazon-noche-vsa-comunicacion\" data-id=\"5447\" data-full-url=\"https:\/\/www.vsacomunicacion.com\/wp-content\/uploads\/2020\/11\/lona-publicitaria-madrid-ruben-dario-3-amazon-noche-vsa-comunicacion.jpg\" data-link=\"https:\/\/www.vsacomunicacion.com\/?attachment_id=5447\" class=\"wp-image-5447\" srcset=\"https:\/\/www.vsacomunicacion.com\/wp-content\/uploads\/2020\/11\/lona-publicitaria-madrid-ruben-dario-3-amazon-noche-vsa-comunicacion.jpg 884w, https:\/\/www.vsacomunicacion.com\/wp-content\/uploads\/2020\/11\/lona-publicitaria-madrid-ruben-dario-3-amazon-noche-vsa-comunicacion-300x212.jpg 300w, https:\/\/www.vsacomunicacion.com\/wp-content\/uploads\/2020\/11\/lona-publicitaria-madrid-ruben-dario-3-amazon-noche-vsa-comunicacion-768x544.jpg 768w\" sizes=\"(max-width: 884px) 100vw, 884px\" \/><\/figure><\/li><\/ul><\/figure>\n\n\n\n<p><strong>EL DESAFIO: ETA <\/strong>es una serie de ocho episodios sobre la lucha de la Guardia Civil contra la banda terrorista ETA. Una lucha que dur\u00f3 medio siglo, hasta la disoluci\u00f3n de la banda y su renuncia definitiva a las armas. <\/p>\n\n\n\n<p>Hablamos de una producci\u00f3n ambiciosa de <strong>AMAZON PRIME VIDEO<\/strong> que tiene como objetivo marcar un hito en este importante episodio de la historia reciente de Espa\u00f1a.<\/p>\n\n\n\n<figure class=\"wp-block-gallery columns-1 is-cropped wp-block-gallery-2 is-layout-flex wp-block-gallery-is-layout-flex\"><ul class=\"blocks-gallery-grid\"><li class=\"blocks-gallery-item\"><figure><img decoding=\"async\" width=\"884\" height=\"626\" src=\"https:\/\/www.vsacomunicacion.com\/wp-content\/uploads\/2020\/10\/lona-publicitaria-madrid-ruben-dario-3-amazon-dia-vsa-comunicacion.jpg\" alt=\"lona-publicitaria-madrid-ruben-dario-3-amazon-dia-vsa-comunicacion\" data-id=\"5449\" data-full-url=\"https:\/\/www.vsacomunicacion.com\/wp-content\/uploads\/2020\/10\/lona-publicitaria-madrid-ruben-dario-3-amazon-dia-vsa-comunicacion.jpg\" data-link=\"https:\/\/www.vsacomunicacion.com\/?attachment_id=5449\" class=\"wp-image-5449\" srcset=\"https:\/\/www.vsacomunicacion.com\/wp-content\/uploads\/2020\/10\/lona-publicitaria-madrid-ruben-dario-3-amazon-dia-vsa-comunicacion.jpg 884w, https:\/\/www.vsacomunicacion.com\/wp-content\/uploads\/2020\/10\/lona-publicitaria-madrid-ruben-dario-3-amazon-dia-vsa-comunicacion-300x212.jpg 300w, https:\/\/www.vsacomunicacion.com\/wp-content\/uploads\/2020\/10\/lona-publicitaria-madrid-ruben-dario-3-amazon-dia-vsa-comunicacion-768x544.jpg 768w\" sizes=\"(max-width: 884px) 100vw, 884px\" \/><\/figure><\/li><\/ul><\/figure>\n\n\n\n<p>Ex-presidentes del Gobierno Espa\u00f1ol como Felipe Gonz\u00e1lez, Jos\u00e9 Mar\u00eda Aznar, u otros m\u00e1s recientes como Jos\u00e9 Luis Zapatero y Mariano Rajoy.<\/p>\n\n\n\n<p>Ciudadanos que sufrieron los atentados de la banda terrorista como la ahora periodista Irene Villa, que consigui\u00f3 sobrevivir al atentado del que fue v\u00edctima junto a su madre con tan solo 12 a\u00f1os, y el aterrador asesinato de Miguel \u00c1ngel Blanco.<\/p>\n\n\n\n<p>Todos ellos est\u00e1n presentes en la sobrecogedora serie documental <strong>EL DESAFIO: ETA<\/strong> que podr\u00e1s ver a partir de hoy en la plataforma <strong>AMAZON PRIME VIDEO<\/strong>.<\/p>\n\n\n\n<p><\/p>\n","protected":false},"excerpt":{"rendered":"<p>Inauguramos el nuevo emplazamiento de VSA COMUNICACION en el Palacio del Marqu\u00e9s de Ibarra, el emblem\u00e1tico edificio construido por Pedro Muguruza en la Plaza de Rub\u00e9n Dar\u00edo de Madrid. Y no vemos forma de iniciar esta nueva etapa que con [&hellip;]<\/p>\n","protected":false},"author":3,"featured_media":7962,"comment_status":"open","ping_status":"open","sticky":false,"template":"","format":"standard","meta":{"inline_featured_image":false,"footnotes":""},"categories":[1488,1489],"tags":[1667,1668,1680,1656,1609,1611,1499,1512,1584,1671],"class_list":["post-11665","post","type-post","status-publish","format-standard","has-post-thumbnail","hentry","category-lonas-publicitarias-en","category-madrid-en","tag-amazon-prime-en","tag-amazon-prime-video-en","tag-lona-espectacular-en","tag-lonas-gran-formato-en","tag-lonas-publicitarias-2-en","tag-lonas-publicitarias-madrid-en","tag-madrid-en","tag-ooh-en","tag-outdoor-advertising-en","tag-trafico-rodado-en"],"_links":{"self":[{"href":"https:\/\/www.vsacomunicacion.com\/en\/wp-json\/wp\/v2\/posts\/11665"}],"collection":[{"href":"https:\/\/www.vsacomunicacion.com\/en\/wp-json\/wp\/v2\/posts"}],"about":[{"href":"https:\/\/www.vsacomunicacion.com\/en\/wp-json\/wp\/v2\/types\/post"}],"author":[{"embeddable":true,"href":"https:\/\/www.vsacomunicacion.com\/en\/wp-json\/wp\/v2\/users\/3"}],"replies":[{"embeddable":true,"href":"https:\/\/www.vsacomunicacion.com\/en\/wp-json\/wp\/v2\/comments?post=11665"}],"version-history":[{"count":0,"href":"https:\/\/www.vsacomunicacion.com\/en\/wp-json\/wp\/v2\/posts\/11665\/revisions"}],"wp:featuredmedia":[{"embeddable":true,"href":"https:\/\/www.vsacomunicacion.com\/en\/wp-json\/wp\/v2\/media\/7962"}],"wp:attachment":[{"href":"https:\/\/www.vsacomunicacion.com\/en\/wp-json\/wp\/v2\/media?parent=11665"}],"wp:term":[{"taxonomy":"category","embeddable":true,"href":"https:\/\/www.vsacomunicacion.com\/en\/wp-json\/wp\/v2\/categories?post=11665"},{"taxonomy":"post_tag","embeddable":true,"href":"https:\/\/www.vsacomunicacion.com\/en\/wp-json\/wp\/v2\/tags?post=11665"}],"curies":[{"name":"wp","href":"https:\/\/api.w.org\/{rel}","templated":true}]}}