{"id":11666,"date":"2020-10-29T11:56:00","date_gmt":"2020-10-29T11:56:00","guid":{"rendered":"https:\/\/www.vsacomunicacion.com\/pym-de-go-fit-en-madrid-2\/"},"modified":"2020-10-29T11:56:00","modified_gmt":"2020-10-29T11:56:00","slug":"pym-de-go-fit-en-madrid-2","status":"publish","type":"post","link":"https:\/\/www.vsacomunicacion.com\/en\/pym-de-go-fit-en-madrid-2\/","title":{"rendered":"PYM de GO FIT en Madrid"},"content":{"rendered":"\n<p>Magn\u00edfica campa\u00f1a de publicidad exterior con las <strong>PYM&#8217;s<\/strong> de <strong>VSA COMUNICACION<\/strong> en <strong>Madrid<\/strong> de <strong>GO FIT<\/strong>, los Centros Desportivos en Espa\u00f1a y Portugal con la teconolog\u00eda m\u00e1s moderna en fitness, actividades dirigidas y piscinas.<\/p>\n\n\n\n<figure class=\"wp-block-gallery columns-1 is-cropped wp-block-gallery-1 is-layout-flex wp-block-gallery-is-layout-flex\"><ul class=\"blocks-gallery-grid\"><li class=\"blocks-gallery-item\"><figure><img fetchpriority=\"high\" decoding=\"async\" width=\"884\" height=\"626\" src=\"https:\/\/www.vsacomunicacion.com\/wp-content\/uploads\/2020\/10\/pym-madrid-marcelo-usera-gofit-noche-vsa-comunicacion.jpg\" alt=\"pym-madrid-marcelo-usera-gofit-noche-vsa-comunicacion\" data-id=\"5408\" data-full-url=\"https:\/\/www.vsacomunicacion.com\/wp-content\/uploads\/2020\/10\/pym-madrid-marcelo-usera-gofit-noche-vsa-comunicacion.jpg\" data-link=\"https:\/\/www.vsacomunicacion.com\/?attachment_id=5408\" class=\"wp-image-5408\" srcset=\"https:\/\/www.vsacomunicacion.com\/wp-content\/uploads\/2020\/10\/pym-madrid-marcelo-usera-gofit-noche-vsa-comunicacion.jpg 884w, https:\/\/www.vsacomunicacion.com\/wp-content\/uploads\/2020\/10\/pym-madrid-marcelo-usera-gofit-noche-vsa-comunicacion-300x212.jpg 300w, https:\/\/www.vsacomunicacion.com\/wp-content\/uploads\/2020\/10\/pym-madrid-marcelo-usera-gofit-noche-vsa-comunicacion-768x544.jpg 768w\" sizes=\"(max-width: 884px) 100vw, 884px\" \/><\/figure><\/li><\/ul><\/figure>\n\n\n\n<p>El pasado 1 de octubre, con la apertura de su \u00faltimo centro, en esta ocasi\u00f3n en la poblaci\u00f3n de Alcal\u00e1 de Henares,<strong> GO FIT <\/strong>consigui\u00f3 el ambicioso objetivo que se hab\u00eda marcado: 20 centros en tan solo 10 a\u00f1os!! <\/p>\n\n\n\n<p>Nuestras m\u00e1s sinceras felicitaciones desde <strong>VSA COMUNICACION<\/strong> a todo el equipo GO FIT por el trabajo bien hecho y este gran logro!!<\/p>\n\n\n\n<figure class=\"wp-block-gallery columns-1 is-cropped wp-block-gallery-2 is-layout-flex wp-block-gallery-is-layout-flex\"><ul class=\"blocks-gallery-grid\"><li class=\"blocks-gallery-item\"><figure><img decoding=\"async\" width=\"884\" height=\"626\" src=\"https:\/\/www.vsacomunicacion.com\/wp-content\/uploads\/2020\/10\/pym-madrid-marcelo-usera-gofit-vsa-comunicacion.jpg\" alt=\"pym-madrid-marcelo-usera-gofit-vsa-comunicacion\" data-id=\"5411\" data-full-url=\"https:\/\/www.vsacomunicacion.com\/wp-content\/uploads\/2020\/10\/pym-madrid-marcelo-usera-gofit-vsa-comunicacion.jpg\" data-link=\"https:\/\/www.vsacomunicacion.com\/?attachment_id=5411\" class=\"wp-image-5411\" srcset=\"https:\/\/www.vsacomunicacion.com\/wp-content\/uploads\/2020\/10\/pym-madrid-marcelo-usera-gofit-vsa-comunicacion.jpg 884w, https:\/\/www.vsacomunicacion.com\/wp-content\/uploads\/2020\/10\/pym-madrid-marcelo-usera-gofit-vsa-comunicacion-300x212.jpg 300w, https:\/\/www.vsacomunicacion.com\/wp-content\/uploads\/2020\/10\/pym-madrid-marcelo-usera-gofit-vsa-comunicacion-768x544.jpg 768w\" sizes=\"(max-width: 884px) 100vw, 884px\" \/><\/figure><\/li><\/ul><\/figure>\n\n\n\n<p><strong>GO FIT <\/strong>contribuye<em> <\/em>a crear una sociedad m\u00e1s activa, m\u00e1s capaz y m\u00e1s feliz a trav\u00e9s de programas personalizados de salud y de ejercicio f\u00edsico pautado. Los mejores profesionales, la mejor tecnolog\u00eda, las mejores instalaciones, s\u00f3lo para ti.<\/p>\n\n\n\n<p><em>En ning\u00fan sitio como en GO FIT!!<\/em><\/p>\n","protected":false},"excerpt":{"rendered":"<p>Magn\u00edfica campa\u00f1a de publicidad exterior con las PYM&#8217;s de VSA COMUNICACION en Madrid de GO FIT, los Centros Desportivos en Espa\u00f1a y Portugal con la teconolog\u00eda m\u00e1s moderna en fitness, actividades dirigidas y piscinas. El pasado 1 de octubre, con [&hellip;]<\/p>\n","protected":false},"author":3,"featured_media":7952,"comment_status":"open","ping_status":"open","sticky":false,"template":"","format":"standard","meta":{"inline_featured_image":false,"footnotes":""},"categories":[1489,1593],"tags":[1499,1512,1584,1565,1585,1663,1599,1586,1676,1677,1671],"class_list":["post-11666","post","type-post","status-publish","format-standard","has-post-thumbnail","hentry","category-madrid-en","category-pyms-en","tag-madrid-en","tag-ooh-en","tag-outdoor-advertising-en","tag-publicidad-ciudades-en","tag-publicidad-exterior-en","tag-publicidad-garn-formato-en","tag-publicidad-gran-formato-en","tag-publicidad-urbana-en","tag-pyms-2-en","tag-pyms-madrid-en","tag-trafico-rodado-en"],"_links":{"self":[{"href":"https:\/\/www.vsacomunicacion.com\/en\/wp-json\/wp\/v2\/posts\/11666"}],"collection":[{"href":"https:\/\/www.vsacomunicacion.com\/en\/wp-json\/wp\/v2\/posts"}],"about":[{"href":"https:\/\/www.vsacomunicacion.com\/en\/wp-json\/wp\/v2\/types\/post"}],"author":[{"embeddable":true,"href":"https:\/\/www.vsacomunicacion.com\/en\/wp-json\/wp\/v2\/users\/3"}],"replies":[{"embeddable":true,"href":"https:\/\/www.vsacomunicacion.com\/en\/wp-json\/wp\/v2\/comments?post=11666"}],"version-history":[{"count":0,"href":"https:\/\/www.vsacomunicacion.com\/en\/wp-json\/wp\/v2\/posts\/11666\/revisions"}],"wp:featuredmedia":[{"embeddable":true,"href":"https:\/\/www.vsacomunicacion.com\/en\/wp-json\/wp\/v2\/media\/7952"}],"wp:attachment":[{"href":"https:\/\/www.vsacomunicacion.com\/en\/wp-json\/wp\/v2\/media?parent=11666"}],"wp:term":[{"taxonomy":"category","embeddable":true,"href":"https:\/\/www.vsacomunicacion.com\/en\/wp-json\/wp\/v2\/categories?post=11666"},{"taxonomy":"post_tag","embeddable":true,"href":"https:\/\/www.vsacomunicacion.com\/en\/wp-json\/wp\/v2\/tags?post=11666"}],"curies":[{"name":"wp","href":"https:\/\/api.w.org\/{rel}","templated":true}]}}