{"id":11667,"date":"2020-10-20T10:58:00","date_gmt":"2020-10-20T10:58:00","guid":{"rendered":"https:\/\/www.vsacomunicacion.com\/lona-publicitaria-de-audi-en-madrid\/"},"modified":"2020-10-20T10:58:00","modified_gmt":"2020-10-20T10:58:00","slug":"lona-publicitaria-de-audi-en-madrid","status":"publish","type":"post","link":"https:\/\/www.vsacomunicacion.com\/en\/lona-publicitaria-de-audi-en-madrid\/","title":{"rendered":"Lona Publicitaria de AUDI en Madrid"},"content":{"rendered":"\n<p><strong>AUDI<\/strong> ha iniciado una atractiva y notoria campa\u00f1a de publicidad exterior para presentar su primer veh\u00edculo 100% el\u00e9ctrico, el nuevo <strong>AUDI E-TRON SPORTBACK<\/strong>.<\/p>\n\n\n\n<p>Hace unos d\u00edas os presentamos la lona publicitaria de <strong>VSA COMUNICACION<\/strong> en la <a href=\"https:\/\/www.vsacomunicacion.com\/lona-publicitaria-de-audi-en-barcelona\/\">Avda. Diagonal<\/a> de Barcelona incluida en esta campa\u00f1a. No solo la ciudad condal es testigo de la deportividad el\u00e9ctrica del nuevo modelo de AUDI, hoy os mostramos la <strong>lona publicitaria <\/strong>en el incre\u00edble emplazamiento de la Gran V\u00eda de <strong>Madrid<\/strong>, absolutamente espectacular!!!<\/p>\n\n\n\n<figure class=\"wp-block-gallery columns-1 is-cropped wp-block-gallery-1 is-layout-flex wp-block-gallery-is-layout-flex\"><ul class=\"blocks-gallery-grid\"><li class=\"blocks-gallery-item\"><figure><img fetchpriority=\"high\" decoding=\"async\" width=\"884\" height=\"626\" src=\"https:\/\/www.vsacomunicacion.com\/wp-content\/uploads\/2020\/11\/lona-publicitaria-madrid-gran-via-46-octubre-audi-dia-aerea-vsa-comunicacion.jpg\" alt=\"lona-publicitaria-madrid-gran-via-46-octubre-audi-dia-aerea-vsa-comunicacion\" data-id=\"5438\" data-full-url=\"https:\/\/www.vsacomunicacion.com\/wp-content\/uploads\/2020\/11\/lona-publicitaria-madrid-gran-via-46-octubre-audi-dia-aerea-vsa-comunicacion.jpg\" data-link=\"https:\/\/www.vsacomunicacion.com\/?attachment_id=5438\" class=\"wp-image-5438\" srcset=\"https:\/\/www.vsacomunicacion.com\/wp-content\/uploads\/2020\/11\/lona-publicitaria-madrid-gran-via-46-octubre-audi-dia-aerea-vsa-comunicacion.jpg 884w, https:\/\/www.vsacomunicacion.com\/wp-content\/uploads\/2020\/11\/lona-publicitaria-madrid-gran-via-46-octubre-audi-dia-aerea-vsa-comunicacion-300x212.jpg 300w, https:\/\/www.vsacomunicacion.com\/wp-content\/uploads\/2020\/11\/lona-publicitaria-madrid-gran-via-46-octubre-audi-dia-aerea-vsa-comunicacion-768x544.jpg 768w\" sizes=\"(max-width: 884px) 100vw, 884px\" \/><\/figure><\/li><\/ul><\/figure>\n\n\n\n<p>El nuevo <strong>AUDI E-TRON SPORTBACK<\/strong> abre un nuevo mundo de deportividad en el universo 100% el\u00e9ctrico de e-tron, con un nuevo nivel de eficiencia y el sorprendente sistema de iluminaci\u00f3n Audi Digital Matrix Light.<\/p>\n\n\n\n<figure class=\"wp-block-gallery columns-1 is-cropped wp-block-gallery-2 is-layout-flex wp-block-gallery-is-layout-flex\"><ul class=\"blocks-gallery-grid\"><li class=\"blocks-gallery-item\"><figure><img decoding=\"async\" width=\"884\" height=\"626\" src=\"https:\/\/www.vsacomunicacion.com\/wp-content\/uploads\/2020\/11\/lona-publicitaria-madrid-gran-via-46-octubre-audi-noche-vsa-comunicacion.jpg\" alt=\"lona-publicitaria-madrid-gran-via-46-octubre-audi-noche-vsa-comunicacion\" data-id=\"5439\" data-full-url=\"https:\/\/www.vsacomunicacion.com\/wp-content\/uploads\/2020\/11\/lona-publicitaria-madrid-gran-via-46-octubre-audi-noche-vsa-comunicacion.jpg\" data-link=\"https:\/\/www.vsacomunicacion.com\/?attachment_id=5439\" class=\"wp-image-5439\" srcset=\"https:\/\/www.vsacomunicacion.com\/wp-content\/uploads\/2020\/11\/lona-publicitaria-madrid-gran-via-46-octubre-audi-noche-vsa-comunicacion.jpg 884w, https:\/\/www.vsacomunicacion.com\/wp-content\/uploads\/2020\/11\/lona-publicitaria-madrid-gran-via-46-octubre-audi-noche-vsa-comunicacion-300x212.jpg 300w, https:\/\/www.vsacomunicacion.com\/wp-content\/uploads\/2020\/11\/lona-publicitaria-madrid-gran-via-46-octubre-audi-noche-vsa-comunicacion-768x544.jpg 768w\" sizes=\"(max-width: 884px) 100vw, 884px\" \/><\/figure><\/li><\/ul><\/figure>\n\n\n\n<p>El nuevo <strong>AUDI E-TRON SPORTBACK <\/strong>es un autom\u00f3vil 100% el\u00e9ctrico con una autonom\u00eda que ofrece libertad para todo, 446 kil\u00f3metros de libertad s\u00f3lo para ti!! <\/p>\n\n\n\n<p>Podr\u00e1s disfrutar, adem\u00e1s, de la enorme mejora en t\u00e9rminos de eficiencia unida al potente sistema de recuperaci\u00f3n de energ\u00eda. <\/p>\n\n\n\n<p>Nos encontramos ante un SUV Coup\u00e9 que logra hasta el 30% de su autonom\u00eda a trav\u00e9s de la recuperaci\u00f3n en frenadas y un incre\u00edble sistema de carga r\u00e1pida, en poco menos de media hora la bater\u00eda alcanza el 80% de su capacidad.<\/p>\n\n\n\n<figure class=\"wp-block-gallery columns-1 is-cropped wp-block-gallery-3 is-layout-flex wp-block-gallery-is-layout-flex\"><ul class=\"blocks-gallery-grid\"><li class=\"blocks-gallery-item\"><figure><img decoding=\"async\" width=\"884\" height=\"626\" src=\"https:\/\/www.vsacomunicacion.com\/wp-content\/uploads\/2020\/11\/lona-publicitaria-madrid-gran-via-46-octubre-audi-dia-vsa-comunicacion.jpg\" alt=\"lona-publicitaria-madrid-gran-via-46-octubre-audi-dia-vsa-comunicacion\" data-id=\"5440\" data-full-url=\"https:\/\/www.vsacomunicacion.com\/wp-content\/uploads\/2020\/11\/lona-publicitaria-madrid-gran-via-46-octubre-audi-dia-vsa-comunicacion.jpg\" data-link=\"https:\/\/www.vsacomunicacion.com\/?attachment_id=5440\" class=\"wp-image-5440\" srcset=\"https:\/\/www.vsacomunicacion.com\/wp-content\/uploads\/2020\/11\/lona-publicitaria-madrid-gran-via-46-octubre-audi-dia-vsa-comunicacion.jpg 884w, https:\/\/www.vsacomunicacion.com\/wp-content\/uploads\/2020\/11\/lona-publicitaria-madrid-gran-via-46-octubre-audi-dia-vsa-comunicacion-300x212.jpg 300w, https:\/\/www.vsacomunicacion.com\/wp-content\/uploads\/2020\/11\/lona-publicitaria-madrid-gran-via-46-octubre-audi-dia-vsa-comunicacion-768x544.jpg 768w\" sizes=\"(max-width: 884px) 100vw, 884px\" \/><\/figure><\/li><\/ul><\/figure>\n\n\n\n<p>Puedes personalizar tu <strong>AUDI E-TRON SPORTBACK<\/strong> eligiendo entre las diferentes opciones de llantas y pinturas y resalta su car\u00e1cter exterior como una muestra de tu personalidad.<\/p>\n\n\n\n<p>Nuevo AUDI E-TRON SPORTBACK, <em>dise\u00f1ado para emocionar!!<\/em><\/p>\n","protected":false},"excerpt":{"rendered":"<p>AUDI ha iniciado una atractiva y notoria campa\u00f1a de publicidad exterior para presentar su primer veh\u00edculo 100% el\u00e9ctrico, el nuevo AUDI E-TRON SPORTBACK. Hace unos d\u00edas os presentamos la lona publicitaria de VSA COMUNICACION en la Avda. Diagonal de Barcelona [&hellip;]<\/p>\n","protected":false},"author":3,"featured_media":7959,"comment_status":"open","ping_status":"open","sticky":false,"template":"","format":"standard","meta":{"inline_featured_image":false,"footnotes":""},"categories":[1488,1489],"tags":[1699,1700,1664,1701,1619,1680,1656,1609,1611,1499,1582,1674,1671],"class_list":["post-11667","post","type-post","status-publish","format-standard","has-post-thumbnail","hentry","category-lonas-publicitarias-en","category-madrid-en","tag-audi-en","tag-audi-e-tron-sportback-en","tag-campana-publicitaria-en","tag-espectacular-en","tag-gran-via-en","tag-lona-espectacular-en","tag-lonas-gran-formato-en","tag-lonas-publicitarias-2-en","tag-lonas-publicitarias-madrid-en","tag-madrid-en","tag-marketing-espectacular-en","tag-palacio-de-la-prensa-en","tag-trafico-rodado-en"],"_links":{"self":[{"href":"https:\/\/www.vsacomunicacion.com\/en\/wp-json\/wp\/v2\/posts\/11667"}],"collection":[{"href":"https:\/\/www.vsacomunicacion.com\/en\/wp-json\/wp\/v2\/posts"}],"about":[{"href":"https:\/\/www.vsacomunicacion.com\/en\/wp-json\/wp\/v2\/types\/post"}],"author":[{"embeddable":true,"href":"https:\/\/www.vsacomunicacion.com\/en\/wp-json\/wp\/v2\/users\/3"}],"replies":[{"embeddable":true,"href":"https:\/\/www.vsacomunicacion.com\/en\/wp-json\/wp\/v2\/comments?post=11667"}],"version-history":[{"count":0,"href":"https:\/\/www.vsacomunicacion.com\/en\/wp-json\/wp\/v2\/posts\/11667\/revisions"}],"wp:featuredmedia":[{"embeddable":true,"href":"https:\/\/www.vsacomunicacion.com\/en\/wp-json\/wp\/v2\/media\/7959"}],"wp:attachment":[{"href":"https:\/\/www.vsacomunicacion.com\/en\/wp-json\/wp\/v2\/media?parent=11667"}],"wp:term":[{"taxonomy":"category","embeddable":true,"href":"https:\/\/www.vsacomunicacion.com\/en\/wp-json\/wp\/v2\/categories?post=11667"},{"taxonomy":"post_tag","embeddable":true,"href":"https:\/\/www.vsacomunicacion.com\/en\/wp-json\/wp\/v2\/tags?post=11667"}],"curies":[{"name":"wp","href":"https:\/\/api.w.org\/{rel}","templated":true}]}}