{"id":11669,"date":"2020-10-03T16:57:00","date_gmt":"2020-10-03T16:57:00","guid":{"rendered":"https:\/\/www.vsacomunicacion.com\/lona-publicitaria-de-audi-en-barcelona\/"},"modified":"2020-10-03T16:57:00","modified_gmt":"2020-10-03T16:57:00","slug":"lona-publicitaria-de-audi-en-barcelona","status":"publish","type":"post","link":"https:\/\/www.vsacomunicacion.com\/en\/lona-publicitaria-de-audi-en-barcelona\/","title":{"rendered":"Lona Publicitaria de AUDI en Barcelona"},"content":{"rendered":"\n<div class=\"wp-block-group\"><div class=\"wp-block-group__inner-container is-layout-flow wp-block-group-is-layout-flow\">\n<p>Llega a<strong> Barcelona<\/strong> el nuevo <strong>AUDI E-TRON SPORTBACK<\/strong>, la nueva forma<br>de entender la electromovilidad.<\/p>\n<\/div><\/div>\n\n\n\n<p>Desde <strong>VSA COMUNICACION<\/strong> os presentamos el nuevo modelo de la marca alemana, pura deportividad el\u00e9ctrica, con una espectacular <strong>lona<\/strong> <strong>publicitaria<\/strong> de la Avenida Diagonal incluida en su campa\u00f1a de publicidad exterior a nivel nacional. <\/p>\n\n\n\n<figure class=\"wp-block-gallery columns-1 is-cropped wp-block-gallery-1 is-layout-flex wp-block-gallery-is-layout-flex\"><ul class=\"blocks-gallery-grid\"><li class=\"blocks-gallery-item\"><figure><img fetchpriority=\"high\" decoding=\"async\" width=\"884\" height=\"626\" src=\"https:\/\/www.vsacomunicacion.com\/wp-content\/uploads\/2020\/10\/lona-publicitaria-barcelona-avenida-diagonal-490-octubre-audi-noche-vsa-comunicacion.jpg\" alt=\"lona-publicitaria-barcelona-avenida-diagonal-490-octubre-audi-noche-vsa-comunicacion\" data-id=\"5432\" data-full-url=\"https:\/\/www.vsacomunicacion.com\/wp-content\/uploads\/2020\/10\/lona-publicitaria-barcelona-avenida-diagonal-490-octubre-audi-noche-vsa-comunicacion.jpg\" data-link=\"https:\/\/www.vsacomunicacion.com\/?attachment_id=5432\" class=\"wp-image-5432\" srcset=\"https:\/\/www.vsacomunicacion.com\/wp-content\/uploads\/2020\/10\/lona-publicitaria-barcelona-avenida-diagonal-490-octubre-audi-noche-vsa-comunicacion.jpg 884w, https:\/\/www.vsacomunicacion.com\/wp-content\/uploads\/2020\/10\/lona-publicitaria-barcelona-avenida-diagonal-490-octubre-audi-noche-vsa-comunicacion-300x212.jpg 300w, https:\/\/www.vsacomunicacion.com\/wp-content\/uploads\/2020\/10\/lona-publicitaria-barcelona-avenida-diagonal-490-octubre-audi-noche-vsa-comunicacion-768x544.jpg 768w\" sizes=\"(max-width: 884px) 100vw, 884px\" \/><\/figure><\/li><\/ul><\/figure>\n\n\n\n<p>En AUDI no inventaron la rueda, ni las carreteras, ni las autopistas. No inventaron la potencia, la velocidad o el concepto de movilidad.<br><br>Tampoco inventaron el veh\u00edculo el\u00e9ctrico. Pero s\u00ed decidieron crear algo totalmente diferente: Un veh\u00edculo que redefine radicalmente el concepto de electromovilidad y cuyo uso va mucho m\u00e1s all\u00e1 del d\u00eda a d\u00eda. <\/p>\n\n\n\n<figure class=\"wp-block-gallery columns-1 is-cropped wp-block-gallery-2 is-layout-flex wp-block-gallery-is-layout-flex\"><ul class=\"blocks-gallery-grid\"><li class=\"blocks-gallery-item\"><figure><img decoding=\"async\" width=\"884\" height=\"626\" src=\"https:\/\/www.vsacomunicacion.com\/wp-content\/uploads\/2020\/10\/lona-publicitaria-barcelona-avenida-diagonal-490-octubre-audi-dia-vsa-comunicacion.jpg\" alt=\"lona-publicitaria-barcelona-avenida-diagonal-490-octubre-audi-dia-vsa-comunicacion\" data-id=\"5433\" data-full-url=\"https:\/\/www.vsacomunicacion.com\/wp-content\/uploads\/2020\/10\/lona-publicitaria-barcelona-avenida-diagonal-490-octubre-audi-dia-vsa-comunicacion.jpg\" data-link=\"https:\/\/www.vsacomunicacion.com\/?attachment_id=5433\" class=\"wp-image-5433\" srcset=\"https:\/\/www.vsacomunicacion.com\/wp-content\/uploads\/2020\/10\/lona-publicitaria-barcelona-avenida-diagonal-490-octubre-audi-dia-vsa-comunicacion.jpg 884w, https:\/\/www.vsacomunicacion.com\/wp-content\/uploads\/2020\/10\/lona-publicitaria-barcelona-avenida-diagonal-490-octubre-audi-dia-vsa-comunicacion-300x212.jpg 300w, https:\/\/www.vsacomunicacion.com\/wp-content\/uploads\/2020\/10\/lona-publicitaria-barcelona-avenida-diagonal-490-octubre-audi-dia-vsa-comunicacion-768x544.jpg 768w\" sizes=\"(max-width: 884px) 100vw, 884px\" \/><\/figure><\/li><\/ul><\/figure>\n\n\n\n<p>Con un sistema de recarga innovador que permite m\u00e1xima potencia, una conectividad sin precedentes y una elecci\u00f3n de materiales y acabados de alta calidad, que hacen que la experiencia de conducir se eleve a un nivel de placer desconocido hasta hoy.<\/p>\n\n\n\n<figure class=\"wp-block-gallery columns-1 is-cropped wp-block-gallery-3 is-layout-flex wp-block-gallery-is-layout-flex\"><ul class=\"blocks-gallery-grid\"><li class=\"blocks-gallery-item\"><figure><img decoding=\"async\" width=\"884\" height=\"626\" src=\"https:\/\/www.vsacomunicacion.com\/wp-content\/uploads\/2020\/11\/lona-publicitaria-barcelona-avenida-diagonal-490-octubre-audi-lateral-noche-vsa-comunicacion.jpg\" alt=\"lona-publicitaria-barcelona-avenida-diagonal-490-octubre-audi-lateral-noche-vsa-comunicacion\" data-id=\"5435\" data-full-url=\"https:\/\/www.vsacomunicacion.com\/wp-content\/uploads\/2020\/11\/lona-publicitaria-barcelona-avenida-diagonal-490-octubre-audi-lateral-noche-vsa-comunicacion.jpg\" data-link=\"https:\/\/www.vsacomunicacion.com\/index.php\/lona-publicitaria-de-audi-en-barcelona\/lona-publicitaria-barcelona-avenida-diagonal-490-octubre-audi-lateral-noche-vsa-comunicacion\/\" class=\"wp-image-5435\" srcset=\"https:\/\/www.vsacomunicacion.com\/wp-content\/uploads\/2020\/11\/lona-publicitaria-barcelona-avenida-diagonal-490-octubre-audi-lateral-noche-vsa-comunicacion.jpg 884w, https:\/\/www.vsacomunicacion.com\/wp-content\/uploads\/2020\/11\/lona-publicitaria-barcelona-avenida-diagonal-490-octubre-audi-lateral-noche-vsa-comunicacion-300x212.jpg 300w, https:\/\/www.vsacomunicacion.com\/wp-content\/uploads\/2020\/11\/lona-publicitaria-barcelona-avenida-diagonal-490-octubre-audi-lateral-noche-vsa-comunicacion-768x544.jpg 768w\" sizes=\"(max-width: 884px) 100vw, 884px\" \/><\/figure><\/li><\/ul><\/figure>\n\n\n\n<p>Descubre el nuevo <strong>AUDI E-TRON SPORTBACK<\/strong>! M\u00e1s aerodin\u00e1mico, m\u00e1s emocionante, con m\u00e1s autonom\u00eda! Pura deportividad el\u00e9ctrica.<\/p>\n\n\n\n<p><em>Nuevo AUDI E-TRON SPORTBACK, un coche \u00fanico&#8230; Tan \u00fanico como t\u00fa!!<\/em><\/p>\n","protected":false},"excerpt":{"rendered":"<p>Llega a Barcelona el nuevo AUDI E-TRON SPORTBACK, la nueva formade entender la electromovilidad. Desde VSA COMUNICACION os presentamos el nuevo modelo de la marca alemana, pura deportividad el\u00e9ctrica, con una espectacular lona publicitaria de la Avenida Diagonal incluida en [&hellip;]<\/p>\n","protected":false},"author":3,"featured_media":7958,"comment_status":"open","ping_status":"open","sticky":false,"template":"","format":"standard","meta":{"inline_featured_image":false,"footnotes":""},"categories":[1506,1488],"tags":[1699,1678,1516,1609,1581,1582,1512,1584,1565,1585,1599,1586],"class_list":["post-11669","post","type-post","status-publish","format-standard","has-post-thumbnail","hentry","category-barcelona-en","category-lonas-publicitarias-en","tag-audi-en","tag-avenida-diagonal-en","tag-barcelona-en","tag-lonas-publicitarias-2-en","tag-lonas-publicitarias-barcelona-en","tag-marketing-espectacular-en","tag-ooh-en","tag-outdoor-advertising-en","tag-publicidad-ciudades-en","tag-publicidad-exterior-en","tag-publicidad-gran-formato-en","tag-publicidad-urbana-en"],"_links":{"self":[{"href":"https:\/\/www.vsacomunicacion.com\/en\/wp-json\/wp\/v2\/posts\/11669"}],"collection":[{"href":"https:\/\/www.vsacomunicacion.com\/en\/wp-json\/wp\/v2\/posts"}],"about":[{"href":"https:\/\/www.vsacomunicacion.com\/en\/wp-json\/wp\/v2\/types\/post"}],"author":[{"embeddable":true,"href":"https:\/\/www.vsacomunicacion.com\/en\/wp-json\/wp\/v2\/users\/3"}],"replies":[{"embeddable":true,"href":"https:\/\/www.vsacomunicacion.com\/en\/wp-json\/wp\/v2\/comments?post=11669"}],"version-history":[{"count":0,"href":"https:\/\/www.vsacomunicacion.com\/en\/wp-json\/wp\/v2\/posts\/11669\/revisions"}],"wp:featuredmedia":[{"embeddable":true,"href":"https:\/\/www.vsacomunicacion.com\/en\/wp-json\/wp\/v2\/media\/7958"}],"wp:attachment":[{"href":"https:\/\/www.vsacomunicacion.com\/en\/wp-json\/wp\/v2\/media?parent=11669"}],"wp:term":[{"taxonomy":"category","embeddable":true,"href":"https:\/\/www.vsacomunicacion.com\/en\/wp-json\/wp\/v2\/categories?post=11669"},{"taxonomy":"post_tag","embeddable":true,"href":"https:\/\/www.vsacomunicacion.com\/en\/wp-json\/wp\/v2\/tags?post=11669"}],"curies":[{"name":"wp","href":"https:\/\/api.w.org\/{rel}","templated":true}]}}