{"id":11670,"date":"2020-10-02T15:20:00","date_gmt":"2020-10-02T15:20:00","guid":{"rendered":"https:\/\/www.vsacomunicacion.com\/pym-idealista-en-madrid\/"},"modified":"2020-10-02T15:20:00","modified_gmt":"2020-10-02T15:20:00","slug":"pym-idealista-en-madrid","status":"publish","type":"post","link":"https:\/\/www.vsacomunicacion.com\/en\/pym-idealista-en-madrid\/","title":{"rendered":"Pym IDEALISTA en Madrid"},"content":{"rendered":"\n<p>A trav\u00e9s del Circuito de <strong>PYM&#8217;s <\/strong>de <strong>VSA COMUNICACION <\/strong>os presentamos la campa\u00f1a de publicidad exterior de <strong>IDEALISTA<\/strong>, el portal inmobiliario en el que tanto particulares como inmobiliarias pueden publicar y buscar la vivienda perfecta.<\/p>\n\n\n\n<p>En <strong>IDEALISTA<\/strong> lo tienen claro, s\u00f3lo piensan en c\u00f3mo hacerte la vida m\u00e1s f\u00e1cil si quieres comprar, vender o alquilar desde tu m\u00f3vil o desde su p\u00e1gina web<\/p>\n\n\n\n<figure class=\"wp-block-gallery columns-1 is-cropped wp-block-gallery-1 is-layout-flex wp-block-gallery-is-layout-flex\"><ul class=\"blocks-gallery-grid\"><li class=\"blocks-gallery-item\"><figure><img fetchpriority=\"high\" decoding=\"async\" width=\"884\" height=\"626\" src=\"https:\/\/www.vsacomunicacion.com\/wp-content\/uploads\/2020\/10\/pym-madrid-bravo-murillo-339-idealista-dia-vsa-comunicacion.jpg\" alt=\"pym-madrid-bravo-murillo-339-idealista-dia-vsa-comunicacion\" data-id=\"5402\" data-full-url=\"https:\/\/www.vsacomunicacion.com\/wp-content\/uploads\/2020\/10\/pym-madrid-bravo-murillo-339-idealista-dia-vsa-comunicacion.jpg\" data-link=\"https:\/\/www.vsacomunicacion.com\/?attachment_id=5402\" class=\"wp-image-5402\" srcset=\"https:\/\/www.vsacomunicacion.com\/wp-content\/uploads\/2020\/10\/pym-madrid-bravo-murillo-339-idealista-dia-vsa-comunicacion.jpg 884w, https:\/\/www.vsacomunicacion.com\/wp-content\/uploads\/2020\/10\/pym-madrid-bravo-murillo-339-idealista-dia-vsa-comunicacion-300x212.jpg 300w, https:\/\/www.vsacomunicacion.com\/wp-content\/uploads\/2020\/10\/pym-madrid-bravo-murillo-339-idealista-dia-vsa-comunicacion-768x544.jpg 768w\" sizes=\"(max-width: 884px) 100vw, 884px\" \/><\/figure><\/li><\/ul><\/figure>\n\n\n\n<p>Si eres una inmobiliaria ahorra tiempo y deja el papel!! Puedes dar de alta tus inmuebles, valorar las visitas, enviar informaci\u00f3n, consultar tu agenda\u2026 de forma f\u00e1cil en cualquier dispositivo.<\/p>\n\n\n\n<figure class=\"wp-block-gallery columns-1 is-cropped wp-block-gallery-2 is-layout-flex wp-block-gallery-is-layout-flex\"><ul class=\"blocks-gallery-grid\"><li class=\"blocks-gallery-item\"><figure><img decoding=\"async\" width=\"884\" height=\"626\" src=\"https:\/\/www.vsacomunicacion.com\/wp-content\/uploads\/2020\/10\/pym-madrid-bravo-murillo-339-idealista-noche-vsa-comunicacion.jpg\" alt=\"pym-madrid-bravo-murillo-339-idealista-noche-vsa-comunicacion\" data-id=\"5404\" data-full-url=\"https:\/\/www.vsacomunicacion.com\/wp-content\/uploads\/2020\/10\/pym-madrid-bravo-murillo-339-idealista-noche-vsa-comunicacion.jpg\" data-link=\"https:\/\/www.vsacomunicacion.com\/?attachment_id=5404\" class=\"wp-image-5404\" srcset=\"https:\/\/www.vsacomunicacion.com\/wp-content\/uploads\/2020\/10\/pym-madrid-bravo-murillo-339-idealista-noche-vsa-comunicacion.jpg 884w, https:\/\/www.vsacomunicacion.com\/wp-content\/uploads\/2020\/10\/pym-madrid-bravo-murillo-339-idealista-noche-vsa-comunicacion-300x212.jpg 300w, https:\/\/www.vsacomunicacion.com\/wp-content\/uploads\/2020\/10\/pym-madrid-bravo-murillo-339-idealista-noche-vsa-comunicacion-768x544.jpg 768w\" sizes=\"(max-width: 884px) 100vw, 884px\" \/><\/figure><\/li><\/ul><\/figure>\n\n\n\n<p>Y, si eres un particular, s\u00f3lo debes tener a mano unas fotos del inmueble que quieres vender o alquilar, siempre obtendr\u00e1s mejores resultados con una buena foto, e <strong>IDEALISTA<\/strong> a cambio te ofrece publicar gratis tus dos primeros anuncios de pisos, chalets, garajes, parcelas, locales, etc hasta que lo vendas o alquiles.<\/p>\n\n\n\n<p>En <strong>IDEALISTA<\/strong> piensan en ti! En ti que est\u00e1s buscando una casa m\u00e1s grande en la que vivir, en ti que quieres vender o alquilar y en ti, que por fin has dado el salto y te has decidido a dejar la casa de tus padres e irte a compartir piso. <\/p>\n\n\n\n<p><em>Por ti trabajan cada d\u00eda en IDEALISTA!!<\/em><\/p>\n","protected":false},"excerpt":{"rendered":"<p>A trav\u00e9s del Circuito de PYM&#8217;s de VSA COMUNICACION os presentamos la campa\u00f1a de publicidad exterior de IDEALISTA, el portal inmobiliario en el que tanto particulares como inmobiliarias pueden publicar y buscar la vivienda perfecta. En IDEALISTA lo tienen claro, [&hellip;]<\/p>\n","protected":false},"author":3,"featured_media":7950,"comment_status":"open","ping_status":"open","sticky":false,"template":"","format":"standard","meta":{"inline_featured_image":false,"footnotes":""},"categories":[1489,1593],"tags":[1703,1499,1512,1584,1565,1585,1586,1676,1677],"class_list":["post-11670","post","type-post","status-publish","format-standard","has-post-thumbnail","hentry","category-madrid-en","category-pyms-en","tag-idealista-en","tag-madrid-en","tag-ooh-en","tag-outdoor-advertising-en","tag-publicidad-ciudades-en","tag-publicidad-exterior-en","tag-publicidad-urbana-en","tag-pyms-2-en","tag-pyms-madrid-en"],"_links":{"self":[{"href":"https:\/\/www.vsacomunicacion.com\/en\/wp-json\/wp\/v2\/posts\/11670"}],"collection":[{"href":"https:\/\/www.vsacomunicacion.com\/en\/wp-json\/wp\/v2\/posts"}],"about":[{"href":"https:\/\/www.vsacomunicacion.com\/en\/wp-json\/wp\/v2\/types\/post"}],"author":[{"embeddable":true,"href":"https:\/\/www.vsacomunicacion.com\/en\/wp-json\/wp\/v2\/users\/3"}],"replies":[{"embeddable":true,"href":"https:\/\/www.vsacomunicacion.com\/en\/wp-json\/wp\/v2\/comments?post=11670"}],"version-history":[{"count":0,"href":"https:\/\/www.vsacomunicacion.com\/en\/wp-json\/wp\/v2\/posts\/11670\/revisions"}],"wp:featuredmedia":[{"embeddable":true,"href":"https:\/\/www.vsacomunicacion.com\/en\/wp-json\/wp\/v2\/media\/7950"}],"wp:attachment":[{"href":"https:\/\/www.vsacomunicacion.com\/en\/wp-json\/wp\/v2\/media?parent=11670"}],"wp:term":[{"taxonomy":"category","embeddable":true,"href":"https:\/\/www.vsacomunicacion.com\/en\/wp-json\/wp\/v2\/categories?post=11670"},{"taxonomy":"post_tag","embeddable":true,"href":"https:\/\/www.vsacomunicacion.com\/en\/wp-json\/wp\/v2\/tags?post=11670"}],"curies":[{"name":"wp","href":"https:\/\/api.w.org\/{rel}","templated":true}]}}