{"id":11673,"date":"2020-03-10T13:07:09","date_gmt":"2020-03-10T13:07:09","guid":{"rendered":"https:\/\/www.vsacomunicacion.com\/lona-publicitaria-de-bts-y-su-gira-mundial-map-of-the-soul-tour-en-las-ramblas-de-barcelona\/"},"modified":"2020-03-10T13:07:09","modified_gmt":"2020-03-10T13:07:09","slug":"lona-publicitaria-de-bts-y-su-gira-mundial-map-of-the-soul-tour-en-las-ramblas-de-barcelona","status":"publish","type":"post","link":"https:\/\/www.vsacomunicacion.com\/en\/lona-publicitaria-de-bts-y-su-gira-mundial-map-of-the-soul-tour-en-las-ramblas-de-barcelona\/","title":{"rendered":"Lona Publicitaria de BTS y su Gira Mundial MAP OF THE SOUL TOUR en las Ramblas de Barcelona"},"content":{"rendered":"<p style=\"text-align: justify;\">La exitosa banda de Corea del Sur, <strong>BTS<\/strong>, ha confirmado las fechas oficiales de su pr\u00f3xima gira mundial &#8220;<strong>MAP OF THE SOUL TOUR<\/strong>&#8220;, abarcando escenarios de 17 diferentes ciudades entre Europa, Asia y Am\u00e9rica.<\/p>\n<p style=\"text-align: justify;\">Barcelona es una de las ciudades elegidas y sus fans podr\u00e1n disfrutar del\u00a0fant\u00e1stico grupo en el <em>Estadi Ol\u00edmpic LLuis Companys<\/em> el 17 y 18 de julio.<\/p>\n<p style=\"text-align: justify;\"><a href=\"https:\/\/www.vsacomunicacion.com\/wp-content\/uploads\/2020\/03\/lona-publicitaria-barcelona-ramblas-126-marzo-bts-dia-vsa-comunicacion.jpg\" rel=\"attachment wp-att-5362\"><img fetchpriority=\"high\" decoding=\"async\" class=\"aligncenter size-full wp-image-5362\" src=\"https:\/\/www.vsacomunicacion.com\/wp-content\/uploads\/2020\/03\/lona-publicitaria-barcelona-ramblas-126-marzo-bts-dia-vsa-comunicacion.jpg\" alt=\"lona-publicitaria-barcelona-ramblas-126-marzo-bts-dia-vsa-comunicacion\" width=\"884\" height=\"626\" srcset=\"https:\/\/www.vsacomunicacion.com\/wp-content\/uploads\/2020\/03\/lona-publicitaria-barcelona-ramblas-126-marzo-bts-dia-vsa-comunicacion.jpg 884w, https:\/\/www.vsacomunicacion.com\/wp-content\/uploads\/2020\/03\/lona-publicitaria-barcelona-ramblas-126-marzo-bts-dia-vsa-comunicacion-300x212.jpg 300w, https:\/\/www.vsacomunicacion.com\/wp-content\/uploads\/2020\/03\/lona-publicitaria-barcelona-ramblas-126-marzo-bts-dia-vsa-comunicacion-768x544.jpg 768w\" sizes=\"(max-width: 884px) 100vw, 884px\" \/><\/a><\/p>\n<p style=\"text-align: justify;\">LIVE NATION y <strong>BTS<\/strong> han iniciado una gran campa\u00f1a de publicidad para que nadie se pierda este incre\u00edble y esperado concierto.<\/p>\n<p style=\"text-align: justify;\">Para el medio exterior han elegido esta espectacular <strong>lona publicitaria<\/strong>\u00a0de <strong>VSA COMUNICACION<\/strong> que podremos ver estos d\u00edas en su\u00a0emplazamiento de las Ramblas de <strong>Barcelona<\/strong>. Una zona altamente comercial repleta siempre de turistas y paseantes en pleno centro de la ciudad.<\/p>\n<p style=\"text-align: justify;\"><a href=\"https:\/\/www.vsacomunicacion.com\/wp-content\/uploads\/2020\/03\/lona-publicitaria-barcelona-ramblas-126-marzo-bts-noche-vsa-comunicacion.jpg\" rel=\"attachment wp-att-5363\"><img decoding=\"async\" class=\"aligncenter size-full wp-image-5363\" src=\"https:\/\/www.vsacomunicacion.com\/wp-content\/uploads\/2020\/03\/lona-publicitaria-barcelona-ramblas-126-marzo-bts-noche-vsa-comunicacion.jpg\" alt=\"lona-publicitaria-barcelona-ramblas-126-marzo-bts-noche-vsa-comunicacion\" width=\"884\" height=\"626\" srcset=\"https:\/\/www.vsacomunicacion.com\/wp-content\/uploads\/2020\/03\/lona-publicitaria-barcelona-ramblas-126-marzo-bts-noche-vsa-comunicacion.jpg 884w, https:\/\/www.vsacomunicacion.com\/wp-content\/uploads\/2020\/03\/lona-publicitaria-barcelona-ramblas-126-marzo-bts-noche-vsa-comunicacion-300x212.jpg 300w, https:\/\/www.vsacomunicacion.com\/wp-content\/uploads\/2020\/03\/lona-publicitaria-barcelona-ramblas-126-marzo-bts-noche-vsa-comunicacion-768x544.jpg 768w\" sizes=\"(max-width: 884px) 100vw, 884px\" \/><\/a><\/p>\n<p style=\"text-align: justify;\">En 2010 se realiz\u00f3 una audici\u00f3n en Corea del Sur para encontrar un grupo musical masculino de hip-hop. Jungkook, V, Jimin, Jin, J-Hope, Suga y RM fueron los elegidos y\u00a0formaron\u00a0<strong>BTS<\/strong> (Bangtan Boys), un grupo que lo est\u00e1 &#8220;rompiendo todo&#8221; convirti\u00e9ndose en un aut\u00e9ntico\u00a0referente en el g\u00e9nero musical m\u00e1s escuchado en Corea, Jap\u00f3n y el mundo entero, el k-pop.<\/p>\n<p style=\"text-align: justify;\">Y no solo cantan, sino que son unos bailarines excepcionales!!<\/p>\n<p style=\"text-align: justify;\"><em>Recuerda, en julio tenemos una cita con BTS y el k-pop!!<\/em><\/p>\n","protected":false},"excerpt":{"rendered":"<p>La exitosa banda de Corea del Sur, BTS, ha confirmado las fechas oficiales de su pr\u00f3xima gira mundial &#8220;MAP OF THE SOUL TOUR&#8220;, abarcando escenarios de 17 diferentes ciudades entre Europa, Asia y Am\u00e9rica. Barcelona es una de las ciudades [&hellip;]<\/p>\n","protected":false},"author":3,"featured_media":7942,"comment_status":"open","ping_status":"open","sticky":false,"template":"","format":"standard","meta":{"inline_featured_image":false,"footnotes":""},"categories":[1506,1488],"tags":[1711,1704,1712,1516,1713,1664,1705,1701,1708,1693,1694,1714,1715,1609,1581,1512,1584,1565,1585,1599,1586,1671],"class_list":["post-11673","post","type-post","status-publish","format-standard","has-post-thumbnail","hentry","category-barcelona-en","category-lonas-publicitarias-en","tag-mapofthesoultour-en","tag-alto-prestigio-publicitario-en","tag-bangtan-boys-en","tag-barcelona-en","tag-bts-en","tag-campana-publicitaria-en","tag-centro-ciudad-en","tag-espectacular-en","tag-formato-espectacular-en","tag-gran-formato-en","tag-gran-notoriedad-en","tag-las-ramblas-en","tag-live-nation-en","tag-lonas-publicitarias-2-en","tag-lonas-publicitarias-barcelona-en","tag-ooh-en","tag-outdoor-advertising-en","tag-publicidad-ciudades-en","tag-publicidad-exterior-en","tag-publicidad-gran-formato-en","tag-publicidad-urbana-en","tag-trafico-rodado-en"],"_links":{"self":[{"href":"https:\/\/www.vsacomunicacion.com\/en\/wp-json\/wp\/v2\/posts\/11673"}],"collection":[{"href":"https:\/\/www.vsacomunicacion.com\/en\/wp-json\/wp\/v2\/posts"}],"about":[{"href":"https:\/\/www.vsacomunicacion.com\/en\/wp-json\/wp\/v2\/types\/post"}],"author":[{"embeddable":true,"href":"https:\/\/www.vsacomunicacion.com\/en\/wp-json\/wp\/v2\/users\/3"}],"replies":[{"embeddable":true,"href":"https:\/\/www.vsacomunicacion.com\/en\/wp-json\/wp\/v2\/comments?post=11673"}],"version-history":[{"count":0,"href":"https:\/\/www.vsacomunicacion.com\/en\/wp-json\/wp\/v2\/posts\/11673\/revisions"}],"wp:featuredmedia":[{"embeddable":true,"href":"https:\/\/www.vsacomunicacion.com\/en\/wp-json\/wp\/v2\/media\/7942"}],"wp:attachment":[{"href":"https:\/\/www.vsacomunicacion.com\/en\/wp-json\/wp\/v2\/media?parent=11673"}],"wp:term":[{"taxonomy":"category","embeddable":true,"href":"https:\/\/www.vsacomunicacion.com\/en\/wp-json\/wp\/v2\/categories?post=11673"},{"taxonomy":"post_tag","embeddable":true,"href":"https:\/\/www.vsacomunicacion.com\/en\/wp-json\/wp\/v2\/tags?post=11673"}],"curies":[{"name":"wp","href":"https:\/\/api.w.org\/{rel}","templated":true}]}}