{"id":11676,"date":"2020-03-03T06:09:40","date_gmt":"2020-03-03T06:09:40","guid":{"rendered":"https:\/\/www.vsacomunicacion.com\/lona-publicitaria-de-oppo-find-x2-en-barcelona\/"},"modified":"2020-03-03T06:09:40","modified_gmt":"2020-03-03T06:09:40","slug":"lona-publicitaria-de-oppo-find-x2-en-barcelona","status":"publish","type":"post","link":"https:\/\/www.vsacomunicacion.com\/en\/lona-publicitaria-de-oppo-find-x2-en-barcelona\/","title":{"rendered":"Lona Publicitaria de OPPO FIND X2 en Barcelona"},"content":{"rendered":"<p style=\"text-align: justify;\">Nos alegra informaros que ahora s\u00ed&#8230;\u00a0<span class=\"style-scope yt-formatted-string\" dir=\"auto\">\u00a1\u00a1Llega el <strong>OPPO Find X2<\/strong>!! y podr\u00e1s descubrir\u00a0todas sus\u00a0caracter\u00edsticas en la presentaci\u00f3n que se celebrar\u00e1 el pr\u00f3ximo d\u00eda 6 de marzo.<\/span><\/p>\n<p style=\"text-align: justify;\">La cancelaci\u00f3n del Mobile World Congress ha retrasado la presentaci\u00f3n del nuevo y revolucionario smartphone de OPPO pero el tiempo de espera ya tiene fecha l\u00edmite y todo lo que hasta el momento han sido rumores y suposiciones se desvanecer\u00e1 y descubriremos si son o no una realidad.<\/p>\n<p style=\"text-align: justify;\"><a href=\"https:\/\/www.vsacomunicacion.com\/wp-content\/uploads\/2020\/02\/lona-publicitaria-barcelona-avenida-diagonal-490-febrero-oppo-5G-noche-vsa-comunicacion.jpg\" rel=\"attachment wp-att-5342\"><img fetchpriority=\"high\" decoding=\"async\" class=\"aligncenter size-full wp-image-5342\" src=\"https:\/\/www.vsacomunicacion.com\/wp-content\/uploads\/2020\/02\/lona-publicitaria-barcelona-avenida-diagonal-490-febrero-oppo-5G-noche-vsa-comunicacion.jpg\" alt=\"lona-publicitaria-barcelona-avenida-diagonal-490-febrero-oppo-5G-noche-vsa-comunicacion\" width=\"884\" height=\"626\" srcset=\"https:\/\/www.vsacomunicacion.com\/wp-content\/uploads\/2020\/02\/lona-publicitaria-barcelona-avenida-diagonal-490-febrero-oppo-5G-noche-vsa-comunicacion.jpg 884w, https:\/\/www.vsacomunicacion.com\/wp-content\/uploads\/2020\/02\/lona-publicitaria-barcelona-avenida-diagonal-490-febrero-oppo-5G-noche-vsa-comunicacion-300x212.jpg 300w, https:\/\/www.vsacomunicacion.com\/wp-content\/uploads\/2020\/02\/lona-publicitaria-barcelona-avenida-diagonal-490-febrero-oppo-5G-noche-vsa-comunicacion-768x544.jpg 768w\" sizes=\"(max-width: 884px) 100vw, 884px\" \/><\/a><\/p>\n<p style=\"text-align: justify;\"><strong>OPPO<\/strong> ha iniciado una extensa campa\u00f1a de publicidad exterior para la presentaci\u00f3n del que va a ser su nuevo modelo insignia, en \u00e9l se albergan muchas expectativas y especulaciones de posibles avances tecnol\u00f3gicos,\u00a0incluyendo esta incre\u00edble<strong> lona publicitaria<\/strong>\u00a0en la Avenida Diagonal de <strong>Barcelona.<\/strong><\/p>\n<p style=\"text-align: justify;\">Uno de los emplazamientos Premium de <strong>VSA COMUNICACION<\/strong> debido a\u00a0su excelente ubicaci\u00f3n, con\u00a0alt\u00edsimo n\u00famero de impactos\u00a0al estar ubicada en el chafl\u00e1n de dos calles de gran tr\u00e1fico rodado, y de grandes dimensiones.<\/p>\n<p style=\"text-align: justify;\"><a href=\"https:\/\/www.vsacomunicacion.com\/wp-content\/uploads\/2020\/02\/lona-publicitaria-barcelona-avenida-diagonal-490-febrero-oppo-5G-dia-vsa-comunicacion.jpg\" rel=\"attachment wp-att-5341\"><img decoding=\"async\" class=\"aligncenter size-full wp-image-5341\" src=\"https:\/\/www.vsacomunicacion.com\/wp-content\/uploads\/2020\/02\/lona-publicitaria-barcelona-avenida-diagonal-490-febrero-oppo-5G-dia-vsa-comunicacion.jpg\" alt=\"lona-publicitaria-barcelona-avenida-diagonal-490-febrero-oppo-5G-dia-vsa-comunicacion\" width=\"884\" height=\"626\" srcset=\"https:\/\/www.vsacomunicacion.com\/wp-content\/uploads\/2020\/02\/lona-publicitaria-barcelona-avenida-diagonal-490-febrero-oppo-5G-dia-vsa-comunicacion.jpg 884w, https:\/\/www.vsacomunicacion.com\/wp-content\/uploads\/2020\/02\/lona-publicitaria-barcelona-avenida-diagonal-490-febrero-oppo-5G-dia-vsa-comunicacion-300x212.jpg 300w, https:\/\/www.vsacomunicacion.com\/wp-content\/uploads\/2020\/02\/lona-publicitaria-barcelona-avenida-diagonal-490-febrero-oppo-5G-dia-vsa-comunicacion-768x544.jpg 768w\" sizes=\"(max-width: 884px) 100vw, 884px\" \/><\/a><\/p>\n<p style=\"text-align: justify;\"><span class=\"style-scope yt-formatted-string\" dir=\"auto\">Como ya coment\u00f3 el vicepresidente de la compa\u00f1\u00eda china, Anyi Jiang, fieles\u00a0a su inquietud\u00a0por mejorar:\u00a0<em>\u201cla innovaci\u00f3n es nuestra m\u00e1xima prioridad y por ello hemos puesto en marcha diversos avances para acercar el futuro a los usuarios. Vamos a continuar con este compromiso y esperamos traer al mercado m\u00e1s mejoras para nuestros clientes, concretamente en el \u00e1mbito de la\u00a0tecnolog\u00eda 5G y la fotograf\u00eda\u00a0\u201d.<\/em><\/span><\/p>\n","protected":false},"excerpt":{"rendered":"<p>Nos alegra informaros que ahora s\u00ed&#8230;\u00a0\u00a1\u00a1Llega el OPPO Find X2!! y podr\u00e1s descubrir\u00a0todas sus\u00a0caracter\u00edsticas en la presentaci\u00f3n que se celebrar\u00e1 el pr\u00f3ximo d\u00eda 6 de marzo. La cancelaci\u00f3n del Mobile World Congress ha retrasado la presentaci\u00f3n del nuevo y revolucionario [&hellip;]<\/p>\n","protected":false},"author":3,"featured_media":7938,"comment_status":"open","ping_status":"open","sticky":false,"template":"","format":"standard","meta":{"inline_featured_image":false,"footnotes":""},"categories":[1506,1488],"tags":[1727,1704,1516,1664,1728,1705,1706,1701,1708,1693,1694,1609,1581,1729,1730,1565,1585,1599,1586,1671],"class_list":["post-11676","post","type-post","status-publish","format-standard","has-post-thumbnail","hentry","category-barcelona-en","category-lonas-publicitarias-en","tag-5g-en","tag-alto-prestigio-publicitario-en","tag-barcelona-en","tag-campana-publicitaria-en","tag-campana-publicitaria-oppo-en","tag-centro-ciudad-en","tag-emplazamiento-premium-en","tag-espectacular-en","tag-formato-espectacular-en","tag-gran-formato-en","tag-gran-notoriedad-en","tag-lonas-publicitarias-2-en","tag-lonas-publicitarias-barcelona-en","tag-oppo-en","tag-oppo-find-x2-en","tag-publicidad-ciudades-en","tag-publicidad-exterior-en","tag-publicidad-gran-formato-en","tag-publicidad-urbana-en","tag-trafico-rodado-en"],"_links":{"self":[{"href":"https:\/\/www.vsacomunicacion.com\/en\/wp-json\/wp\/v2\/posts\/11676"}],"collection":[{"href":"https:\/\/www.vsacomunicacion.com\/en\/wp-json\/wp\/v2\/posts"}],"about":[{"href":"https:\/\/www.vsacomunicacion.com\/en\/wp-json\/wp\/v2\/types\/post"}],"author":[{"embeddable":true,"href":"https:\/\/www.vsacomunicacion.com\/en\/wp-json\/wp\/v2\/users\/3"}],"replies":[{"embeddable":true,"href":"https:\/\/www.vsacomunicacion.com\/en\/wp-json\/wp\/v2\/comments?post=11676"}],"version-history":[{"count":0,"href":"https:\/\/www.vsacomunicacion.com\/en\/wp-json\/wp\/v2\/posts\/11676\/revisions"}],"wp:featuredmedia":[{"embeddable":true,"href":"https:\/\/www.vsacomunicacion.com\/en\/wp-json\/wp\/v2\/media\/7938"}],"wp:attachment":[{"href":"https:\/\/www.vsacomunicacion.com\/en\/wp-json\/wp\/v2\/media?parent=11676"}],"wp:term":[{"taxonomy":"category","embeddable":true,"href":"https:\/\/www.vsacomunicacion.com\/en\/wp-json\/wp\/v2\/categories?post=11676"},{"taxonomy":"post_tag","embeddable":true,"href":"https:\/\/www.vsacomunicacion.com\/en\/wp-json\/wp\/v2\/tags?post=11676"}],"curies":[{"name":"wp","href":"https:\/\/api.w.org\/{rel}","templated":true}]}}