{"id":11678,"date":"2020-02-25T08:56:04","date_gmt":"2020-02-25T08:56:04","guid":{"rendered":"https:\/\/www.vsacomunicacion.com\/lona-publicitaria-del-nuevo-renault-captur-en-barcelona\/"},"modified":"2020-02-25T08:56:04","modified_gmt":"2020-02-25T08:56:04","slug":"lona-publicitaria-del-nuevo-renault-captur-en-barcelona","status":"publish","type":"post","link":"https:\/\/www.vsacomunicacion.com\/en\/lona-publicitaria-del-nuevo-renault-captur-en-barcelona\/","title":{"rendered":"Lona Publicitaria del nuevo RENAULT CAPTUR en Barcelona"},"content":{"rendered":"<p style=\"text-align: justify;\">El nuevo <strong>RENAULT CAPTUR<\/strong>\u00a0se reinventa con un\u00a0dise\u00f1o\u00a0a\u00fan m\u00e1s\u00a0moderno\u00a0y\u00a0din\u00e1mico\u00a0que aporta una mayor sensaci\u00f3n de conducci\u00f3n. Un dise\u00f1o que reafirma todos los c\u00f3digos del\u00a0SUV\u00a0con l\u00edneas m\u00e1s marcadas, calandra vertical, faros m\u00e1s expresivos, laterales esculpidos y una mayor distancia al suelo.<\/p>\n<p style=\"text-align: justify;\">Efecto\u00a0<em>\u00a1guau!<\/em>\u00a0garantizado<\/p>\n<p style=\"text-align: justify;\"><a href=\"https:\/\/www.vsacomunicacion.com\/wp-content\/uploads\/2020\/02\/lona-publicitaria-barcelona-avenida-diagonal-490-febrero-renault-captur-dia-vsa-comunicacion.jpg\" rel=\"attachment wp-att-5283\"><img fetchpriority=\"high\" decoding=\"async\" class=\"aligncenter size-full wp-image-5283\" src=\"https:\/\/www.vsacomunicacion.com\/wp-content\/uploads\/2020\/02\/lona-publicitaria-barcelona-avenida-diagonal-490-febrero-renault-captur-dia-vsa-comunicacion.jpg\" alt=\"lona-publicitaria-barcelona-avenida-diagonal-490-febrero-renault-captur-dia-vsa-comunicacion\" width=\"884\" height=\"626\" srcset=\"https:\/\/www.vsacomunicacion.com\/wp-content\/uploads\/2020\/02\/lona-publicitaria-barcelona-avenida-diagonal-490-febrero-renault-captur-dia-vsa-comunicacion.jpg 884w, https:\/\/www.vsacomunicacion.com\/wp-content\/uploads\/2020\/02\/lona-publicitaria-barcelona-avenida-diagonal-490-febrero-renault-captur-dia-vsa-comunicacion-300x212.jpg 300w, https:\/\/www.vsacomunicacion.com\/wp-content\/uploads\/2020\/02\/lona-publicitaria-barcelona-avenida-diagonal-490-febrero-renault-captur-dia-vsa-comunicacion-768x544.jpg 768w\" sizes=\"(max-width: 884px) 100vw, 884px\" \/><\/a><\/p>\n<p style=\"text-align: justify;\">Desde <strong>VSA COMUNICACION<\/strong> agradecemos la confianza que ha depositado la marca francesa en nuestra experiencia y emplazamientos de alta calidad para la campa\u00f1a de publicidad exterior iniciada con el lanzamiento del nuevo <strong>RENAULT CAPTUR<\/strong> con una <strong>lona publicitaria<\/strong> en Madrid y ahora tambi\u00e9n en la transitada Avenida Diagonal de\u00a0<strong>Barcelona<\/strong>.<\/p>\n<p><a href=\"https:\/\/www.vsacomunicacion.com\/wp-content\/uploads\/2020\/02\/lona-publicitaria-barcelona-avenida-diagonal-490-febrero-renault-captur-noche-vsa-comunicacion.jpg\" rel=\"attachment wp-att-5284\"><img decoding=\"async\" class=\"aligncenter size-full wp-image-5284\" src=\"https:\/\/www.vsacomunicacion.com\/wp-content\/uploads\/2020\/02\/lona-publicitaria-barcelona-avenida-diagonal-490-febrero-renault-captur-noche-vsa-comunicacion.jpg\" alt=\"lona-publicitaria-barcelona-avenida-diagonal-490-febrero-renault-captur-noche-vsa-comunicacion\" width=\"884\" height=\"626\" srcset=\"https:\/\/www.vsacomunicacion.com\/wp-content\/uploads\/2020\/02\/lona-publicitaria-barcelona-avenida-diagonal-490-febrero-renault-captur-noche-vsa-comunicacion.jpg 884w, https:\/\/www.vsacomunicacion.com\/wp-content\/uploads\/2020\/02\/lona-publicitaria-barcelona-avenida-diagonal-490-febrero-renault-captur-noche-vsa-comunicacion-300x212.jpg 300w, https:\/\/www.vsacomunicacion.com\/wp-content\/uploads\/2020\/02\/lona-publicitaria-barcelona-avenida-diagonal-490-febrero-renault-captur-noche-vsa-comunicacion-768x544.jpg 768w\" sizes=\"(max-width: 884px) 100vw, 884px\" \/><\/a><\/p>\n<p style=\"text-align: justify;\">Una silueta vigorosa, interior distinguido y dise\u00f1o bitono totalmente personalizable, m\u00e1s grande y actual, as\u00ed es el nuevo<strong> RENAULT CAPTUR<\/strong>.<\/p>\n<p style=\"text-align: justify;\">Una seguridad reforzada y las ayudas a la conducci\u00f3n que vienen de serie desde\u00a0el nivel m\u00e1s bajo de equipamiento, hacen que el nuevo CAPTUR sea uno de los coches m\u00e1s seguros de su categor\u00eda.<\/p>\n","protected":false},"excerpt":{"rendered":"<p>El nuevo RENAULT CAPTUR\u00a0se reinventa con un\u00a0dise\u00f1o\u00a0a\u00fan m\u00e1s\u00a0moderno\u00a0y\u00a0din\u00e1mico\u00a0que aporta una mayor sensaci\u00f3n de conducci\u00f3n. Un dise\u00f1o que reafirma todos los c\u00f3digos del\u00a0SUV\u00a0con l\u00edneas m\u00e1s marcadas, calandra vertical, faros m\u00e1s expresivos, laterales esculpidos y una mayor distancia al suelo. Efecto\u00a0\u00a1guau!\u00a0garantizado Desde [&hellip;]<\/p>\n","protected":false},"author":3,"featured_media":7924,"comment_status":"open","ping_status":"open","sticky":false,"template":"","format":"standard","meta":{"inline_featured_image":false,"footnotes":""},"categories":[1506,1488],"tags":[1704,1678,1736,1516,1664,1705,1706,1701,1708,1693,1694,1609,1581,1565,1585,1599,1586,1737,1738,1671],"class_list":["post-11678","post","type-post","status-publish","format-standard","has-post-thumbnail","hentry","category-barcelona-en","category-lonas-publicitarias-en","tag-alto-prestigio-publicitario-en","tag-avenida-diagonal-en","tag-balmes-en","tag-barcelona-en","tag-campana-publicitaria-en","tag-centro-ciudad-en","tag-emplazamiento-premium-en","tag-espectacular-en","tag-formato-espectacular-en","tag-gran-formato-en","tag-gran-notoriedad-en","tag-lonas-publicitarias-2-en","tag-lonas-publicitarias-barcelona-en","tag-publicidad-ciudades-en","tag-publicidad-exterior-en","tag-publicidad-gran-formato-en","tag-publicidad-urbana-en","tag-renault-en","tag-renault-captur-en","tag-trafico-rodado-en"],"_links":{"self":[{"href":"https:\/\/www.vsacomunicacion.com\/en\/wp-json\/wp\/v2\/posts\/11678"}],"collection":[{"href":"https:\/\/www.vsacomunicacion.com\/en\/wp-json\/wp\/v2\/posts"}],"about":[{"href":"https:\/\/www.vsacomunicacion.com\/en\/wp-json\/wp\/v2\/types\/post"}],"author":[{"embeddable":true,"href":"https:\/\/www.vsacomunicacion.com\/en\/wp-json\/wp\/v2\/users\/3"}],"replies":[{"embeddable":true,"href":"https:\/\/www.vsacomunicacion.com\/en\/wp-json\/wp\/v2\/comments?post=11678"}],"version-history":[{"count":0,"href":"https:\/\/www.vsacomunicacion.com\/en\/wp-json\/wp\/v2\/posts\/11678\/revisions"}],"wp:featuredmedia":[{"embeddable":true,"href":"https:\/\/www.vsacomunicacion.com\/en\/wp-json\/wp\/v2\/media\/7924"}],"wp:attachment":[{"href":"https:\/\/www.vsacomunicacion.com\/en\/wp-json\/wp\/v2\/media?parent=11678"}],"wp:term":[{"taxonomy":"category","embeddable":true,"href":"https:\/\/www.vsacomunicacion.com\/en\/wp-json\/wp\/v2\/categories?post=11678"},{"taxonomy":"post_tag","embeddable":true,"href":"https:\/\/www.vsacomunicacion.com\/en\/wp-json\/wp\/v2\/tags?post=11678"}],"curies":[{"name":"wp","href":"https:\/\/api.w.org\/{rel}","templated":true}]}}