{"id":11679,"date":"2020-02-10T01:14:40","date_gmt":"2020-02-10T01:14:40","guid":{"rendered":"https:\/\/www.vsacomunicacion.com\/lona-publicitaria-de-star-treck-picard-en-la-calle-balmes-de-barcelona\/"},"modified":"2020-02-10T01:14:40","modified_gmt":"2020-02-10T01:14:40","slug":"lona-publicitaria-de-star-treck-picard-en-la-calle-balmes-de-barcelona","status":"publish","type":"post","link":"https:\/\/www.vsacomunicacion.com\/en\/lona-publicitaria-de-star-treck-picard-en-la-calle-balmes-de-barcelona\/","title":{"rendered":"Lona Publicitaria de STAR TRECK: PICARD en la Calle Balmes de Barcelona"},"content":{"rendered":"<p style=\"text-align: justify;\">\u00bfTe gusta STAR TRECK? \u00bfY a\u00fan no tienes <strong>AMAZON PRIME VIDEO<\/strong>?<\/p>\n<p style=\"text-align: justify;\">No lo pienses m\u00e1s y suscr\u00edbete a AMAZON PRIME y podr\u00e1s ver series AMAZON ORIGINALS como la que os presentamos a trav\u00e9s de esta incre\u00edble<strong> lona publicitaria<\/strong> de <strong>VSA COMUNICACION<\/strong> en la calle Balmes de <strong>Barcelona<\/strong>, STAR TRECK: PICARD, en la que Jean-Luc Picard vuelve interpretando\u00a0el ic\u00f3nico capit\u00e1n de la nave de STAR TRECK.<\/p>\n<p style=\"text-align: justify;\"><a href=\"https:\/\/www.vsacomunicacion.com\/wp-content\/uploads\/2020\/02\/lona-publicitaria-barcelona-balmes-64-amazon-febreo-noche-vsa-comunicacion.jpg\" rel=\"attachment wp-att-5323\"><img fetchpriority=\"high\" decoding=\"async\" class=\"aligncenter size-full wp-image-5323\" src=\"https:\/\/www.vsacomunicacion.com\/wp-content\/uploads\/2020\/02\/lona-publicitaria-barcelona-balmes-64-amazon-febreo-noche-vsa-comunicacion.jpg\" alt=\"lona-publicitaria-barcelona-balmes-64-amazon-febreo-noche-vsa-comunicacion\" width=\"884\" height=\"626\" srcset=\"https:\/\/www.vsacomunicacion.com\/wp-content\/uploads\/2020\/02\/lona-publicitaria-barcelona-balmes-64-amazon-febreo-noche-vsa-comunicacion.jpg 884w, https:\/\/www.vsacomunicacion.com\/wp-content\/uploads\/2020\/02\/lona-publicitaria-barcelona-balmes-64-amazon-febreo-noche-vsa-comunicacion-300x212.jpg 300w, https:\/\/www.vsacomunicacion.com\/wp-content\/uploads\/2020\/02\/lona-publicitaria-barcelona-balmes-64-amazon-febreo-noche-vsa-comunicacion-768x544.jpg 768w\" sizes=\"(max-width: 884px) 100vw, 884px\" \/><\/a><\/p>\n<p style=\"text-align: justify;\">STAR TRECK est\u00e1 de moda!! S\u00f3lo debemos ver algunas de las cr\u00edticas tras su estreno el pasado 23 de enero en la plataforma digital<strong> AMAZON PRIME VIDEO<\/strong>:<\/p>\n<p style=\"text-align: justify;\">Robert Lloyd de Los Angeles Times afirma:<em>\u00a0&#8220;Patrick Stewart te emocionar\u00e1&#8230; Promete ser un viaje satisfactorio&#8221;<\/em>:<\/p>\n<p style=\"text-align: justify;\">Alan Sepinwall de la revista Rolling Stone a\u00f1ade:\u00a0<em>&#8220;El regreso de Stewart al personaje ser\u00eda raz\u00f3n suficiente para verla, pero \u00e9sta es una serie de verdad, m\u00e1s que una colecci\u00f3n de grandes \u00e9xitos&#8221;<\/em><\/p>\n<p style=\"text-align: justify;\">Danette Chavez en AV Club nos aliente afirmando que: <em>&#8220;Es dif\u00edcil escoger a un favorito entre los nuevos personajes&#8230; Pero est\u00e1n preparados para trazar un nuevo camino en el universo Star Trek&#8221;.\u00a0<\/em><\/p>\n<p style=\"text-align: justify;\">Y Mike Hale en The New York Times sentencia con: <em>&#8220;Una experiencia televisiva top. Sientes, de inmediato &#8211; al menos, en la superficie &#8211; que podr\u00eda ser la mejor oferta televisiva de la franquicia&#8221; .<\/em><\/p>\n<p style=\"text-align: justify;\"><a href=\"https:\/\/www.vsacomunicacion.com\/wp-content\/uploads\/2020\/02\/lona-publicitaria-barcelona-balmes-64-amazon-febreo-dia-vsa-comunicacion.jpg\" rel=\"attachment wp-att-5324\"><img decoding=\"async\" class=\"aligncenter size-full wp-image-5324\" src=\"https:\/\/www.vsacomunicacion.com\/wp-content\/uploads\/2020\/02\/lona-publicitaria-barcelona-balmes-64-amazon-febreo-dia-vsa-comunicacion.jpg\" alt=\"lona-publicitaria-barcelona-balmes-64-amazon-febreo-dia-vsa-comunicacion\" width=\"884\" height=\"626\" srcset=\"https:\/\/www.vsacomunicacion.com\/wp-content\/uploads\/2020\/02\/lona-publicitaria-barcelona-balmes-64-amazon-febreo-dia-vsa-comunicacion.jpg 884w, https:\/\/www.vsacomunicacion.com\/wp-content\/uploads\/2020\/02\/lona-publicitaria-barcelona-balmes-64-amazon-febreo-dia-vsa-comunicacion-300x212.jpg 300w, https:\/\/www.vsacomunicacion.com\/wp-content\/uploads\/2020\/02\/lona-publicitaria-barcelona-balmes-64-amazon-febreo-dia-vsa-comunicacion-768x544.jpg 768w\" sizes=\"(max-width: 884px) 100vw, 884px\" \/><\/a><\/p>\n<p style=\"text-align: justify;\"><strong>AMAZON PRIME<\/strong> te ofrece m\u00faltiples ventajas como ver en exclusiva pel\u00edculas y series AMAZON ORIGINALS, disfrutrar del env\u00edo en un d\u00eda gratis e ilimitado en dos millones de productos,\u00a0env\u00edo en 2 \u00f33 d\u00edas en millones de productos m\u00e1s, almacenamiento ilimitado gratis de tus fotos en AMAZON DRIVE, reproducci\u00f3n en streaming sin anuncios en Twitch y acceso prioritario a Ofertas Flash 30 minutos antes de que comiencen.<\/p>\n","protected":false},"excerpt":{"rendered":"<p>\u00bfTe gusta STAR TRECK? \u00bfY a\u00fan no tienes AMAZON PRIME VIDEO? No lo pienses m\u00e1s y suscr\u00edbete a AMAZON PRIME y podr\u00e1s ver series AMAZON ORIGINALS como la que os presentamos a trav\u00e9s de esta incre\u00edble lona publicitaria de VSA [&hellip;]<\/p>\n","protected":false},"author":3,"featured_media":7931,"comment_status":"open","ping_status":"open","sticky":false,"template":"","format":"standard","meta":{"inline_featured_image":false,"footnotes":""},"categories":[1506,1488],"tags":[1739,1704,1725,1667,1668,1516,1664,1705,1706,1701,1708,1693,1694,1740,1609,1581,1741,1742,1743,1671],"class_list":["post-11679","post","type-post","status-publish","format-standard","has-post-thumbnail","hentry","category-barcelona-en","category-lonas-publicitarias-en","tag-startrekpicard-en","tag-alto-prestigio-publicitario-en","tag-amazon-en","tag-amazon-prime-en","tag-amazon-prime-video-en","tag-barcelona-en","tag-campana-publicitaria-en","tag-centro-ciudad-en","tag-emplazamiento-premium-en","tag-espectacular-en","tag-formato-espectacular-en","tag-gran-formato-en","tag-gran-notoriedad-en","tag-jean-luc-picard-en","tag-lonas-publicitarias-2-en","tag-lonas-publicitarias-barcelona-en","tag-patrick-stewart-en","tag-star-trek-en","tag-star-trek-picard-en","tag-trafico-rodado-en"],"_links":{"self":[{"href":"https:\/\/www.vsacomunicacion.com\/en\/wp-json\/wp\/v2\/posts\/11679"}],"collection":[{"href":"https:\/\/www.vsacomunicacion.com\/en\/wp-json\/wp\/v2\/posts"}],"about":[{"href":"https:\/\/www.vsacomunicacion.com\/en\/wp-json\/wp\/v2\/types\/post"}],"author":[{"embeddable":true,"href":"https:\/\/www.vsacomunicacion.com\/en\/wp-json\/wp\/v2\/users\/3"}],"replies":[{"embeddable":true,"href":"https:\/\/www.vsacomunicacion.com\/en\/wp-json\/wp\/v2\/comments?post=11679"}],"version-history":[{"count":0,"href":"https:\/\/www.vsacomunicacion.com\/en\/wp-json\/wp\/v2\/posts\/11679\/revisions"}],"wp:featuredmedia":[{"embeddable":true,"href":"https:\/\/www.vsacomunicacion.com\/en\/wp-json\/wp\/v2\/media\/7931"}],"wp:attachment":[{"href":"https:\/\/www.vsacomunicacion.com\/en\/wp-json\/wp\/v2\/media?parent=11679"}],"wp:term":[{"taxonomy":"category","embeddable":true,"href":"https:\/\/www.vsacomunicacion.com\/en\/wp-json\/wp\/v2\/categories?post=11679"},{"taxonomy":"post_tag","embeddable":true,"href":"https:\/\/www.vsacomunicacion.com\/en\/wp-json\/wp\/v2\/tags?post=11679"}],"curies":[{"name":"wp","href":"https:\/\/api.w.org\/{rel}","templated":true}]}}