{"id":11681,"date":"2020-02-01T01:18:00","date_gmt":"2020-02-01T01:18:00","guid":{"rendered":"https:\/\/www.vsacomunicacion.com\/lona-publicitaria-de-star-trek-picard-en-madrid\/"},"modified":"2020-02-01T01:18:00","modified_gmt":"2020-02-01T01:18:00","slug":"lona-publicitaria-de-star-trek-picard-en-madrid","status":"publish","type":"post","link":"https:\/\/www.vsacomunicacion.com\/en\/lona-publicitaria-de-star-trek-picard-en-madrid\/","title":{"rendered":"Lona Publicitaria de STAR TREK PICARD en Madrid"},"content":{"rendered":"<p style=\"text-align: justify;\"><em>Trekkis<\/em>, hay\u00a0buenas noticias para vosotros!!\u00a0<strong>STAR TREK: PICARD<\/strong>\u00a0ya ha llegado a<strong>\u00a0AMAZON PRIME VIDEO<\/strong>. Desde el pasado 23 de enero podemos ver\u00a0de nuevo\u00a0a Patrick Stewart interpretando su estelar papel como\u00a0Jean-Luc Picard, el que fue capit\u00e1n de la nave de &#8220;Star Trek: la Nueva Generaci\u00f3n&#8221; durante siete temporadas.<\/p>\n<p style=\"text-align: justify;\">AMAZON para su campa\u00f1a de publicidad exterior ha optado por\u00a0la incre\u00edble <strong>lona publicitaria<\/strong> de <strong>VSA COMUNICACION<\/strong> en la Gran V\u00eda de <strong>Madrid<\/strong>, de\u00a0excepcionales dimensiones y visibilidad.<\/p>\n<p style=\"text-align: justify;\"><a href=\"https:\/\/www.vsacomunicacion.com\/wp-content\/uploads\/2020\/02\/lona-publicitaria-madrid-gran-via-46-enero-amazon-noche-vsa-comunicacion.jpg\" rel=\"attachment wp-att-5303\"><img fetchpriority=\"high\" decoding=\"async\" class=\"aligncenter size-full wp-image-5303\" src=\"https:\/\/www.vsacomunicacion.com\/wp-content\/uploads\/2020\/02\/lona-publicitaria-madrid-gran-via-46-enero-amazon-noche-vsa-comunicacion.jpg\" alt=\"lona-publicitaria-madrid-gran-via-46-enero-amazon-noche-vsa-comunicacion\" width=\"884\" height=\"626\" srcset=\"https:\/\/www.vsacomunicacion.com\/wp-content\/uploads\/2020\/02\/lona-publicitaria-madrid-gran-via-46-enero-amazon-noche-vsa-comunicacion.jpg 884w, https:\/\/www.vsacomunicacion.com\/wp-content\/uploads\/2020\/02\/lona-publicitaria-madrid-gran-via-46-enero-amazon-noche-vsa-comunicacion-300x212.jpg 300w, https:\/\/www.vsacomunicacion.com\/wp-content\/uploads\/2020\/02\/lona-publicitaria-madrid-gran-via-46-enero-amazon-noche-vsa-comunicacion-768x544.jpg 768w\" sizes=\"(max-width: 884px) 100vw, 884px\" \/><\/a><\/p>\n<p style=\"text-align: justify;\">&#8220;Vine aqu\u00ed a buscar seguridad, pero nadie est\u00e1 a salvo de su pasado&#8221;. Con estas palabras, Jean-Luc Picard nos introduce en una historia que le obligar\u00e1 a\u00a0volver de su retiro para volver a ser el personaje heroico que todos conocemos.<\/p>\n<p style=\"text-align: justify;\"><a href=\"https:\/\/www.vsacomunicacion.com\/wp-content\/uploads\/2020\/02\/lona-publicitaria-madrid-gran-via-46-enero-amazon-dia-vsa-comunicacion.jpg\" rel=\"attachment wp-att-5304\"><img decoding=\"async\" class=\"aligncenter size-full wp-image-5304\" src=\"https:\/\/www.vsacomunicacion.com\/wp-content\/uploads\/2020\/02\/lona-publicitaria-madrid-gran-via-46-enero-amazon-dia-vsa-comunicacion.jpg\" alt=\"lona-publicitaria-madrid-gran-via-46-enero-amazon-dia-vsa-comunicacion\" width=\"884\" height=\"626\" srcset=\"https:\/\/www.vsacomunicacion.com\/wp-content\/uploads\/2020\/02\/lona-publicitaria-madrid-gran-via-46-enero-amazon-dia-vsa-comunicacion.jpg 884w, https:\/\/www.vsacomunicacion.com\/wp-content\/uploads\/2020\/02\/lona-publicitaria-madrid-gran-via-46-enero-amazon-dia-vsa-comunicacion-300x212.jpg 300w, https:\/\/www.vsacomunicacion.com\/wp-content\/uploads\/2020\/02\/lona-publicitaria-madrid-gran-via-46-enero-amazon-dia-vsa-comunicacion-768x544.jpg 768w\" sizes=\"(max-width: 884px) 100vw, 884px\" \/><\/a><\/p>\n<p style=\"text-align: justify;\">La primera temporada de la serie est\u00e1 formada por diez cap\u00edtulos semanales que podremos ver del 23 de enero al 26 de marzo en los que, de momento, s\u00f3lo sabemos que el capit\u00e1n Picard retomar\u00e1 su trabajo para una \u00faltima misi\u00f3n despu\u00e9s de que una joven solicite su ayuda.<\/p>\n<p style=\"text-align: justify;\">Si queremos saber m\u00e1s&#8230;. S\u00f3lo debemos conectarnos a la plataforma y disfrutar de <strong>STAR TREK: PICARD<\/strong><\/p>\n","protected":false},"excerpt":{"rendered":"<p>Trekkis, hay\u00a0buenas noticias para vosotros!!\u00a0STAR TREK: PICARD\u00a0ya ha llegado a\u00a0AMAZON PRIME VIDEO. Desde el pasado 23 de enero podemos ver\u00a0de nuevo\u00a0a Patrick Stewart interpretando su estelar papel como\u00a0Jean-Luc Picard, el que fue capit\u00e1n de la nave de &#8220;Star Trek: la [&hellip;]<\/p>\n","protected":false},"author":3,"featured_media":7928,"comment_status":"open","ping_status":"open","sticky":false,"template":"","format":"standard","meta":{"inline_featured_image":false,"footnotes":""},"categories":[1488,1489],"tags":[1704,1725,1667,1668,1664,1705,1706,1701,1708,1693,1694,1740,1680,1609,1611,1499,1741,1565,1585,1599,1586,1742,1671],"class_list":["post-11681","post","type-post","status-publish","format-standard","has-post-thumbnail","hentry","category-lonas-publicitarias-en","category-madrid-en","tag-alto-prestigio-publicitario-en","tag-amazon-en","tag-amazon-prime-en","tag-amazon-prime-video-en","tag-campana-publicitaria-en","tag-centro-ciudad-en","tag-emplazamiento-premium-en","tag-espectacular-en","tag-formato-espectacular-en","tag-gran-formato-en","tag-gran-notoriedad-en","tag-jean-luc-picard-en","tag-lona-espectacular-en","tag-lonas-publicitarias-2-en","tag-lonas-publicitarias-madrid-en","tag-madrid-en","tag-patrick-stewart-en","tag-publicidad-ciudades-en","tag-publicidad-exterior-en","tag-publicidad-gran-formato-en","tag-publicidad-urbana-en","tag-star-trek-en","tag-trafico-rodado-en"],"_links":{"self":[{"href":"https:\/\/www.vsacomunicacion.com\/en\/wp-json\/wp\/v2\/posts\/11681"}],"collection":[{"href":"https:\/\/www.vsacomunicacion.com\/en\/wp-json\/wp\/v2\/posts"}],"about":[{"href":"https:\/\/www.vsacomunicacion.com\/en\/wp-json\/wp\/v2\/types\/post"}],"author":[{"embeddable":true,"href":"https:\/\/www.vsacomunicacion.com\/en\/wp-json\/wp\/v2\/users\/3"}],"replies":[{"embeddable":true,"href":"https:\/\/www.vsacomunicacion.com\/en\/wp-json\/wp\/v2\/comments?post=11681"}],"version-history":[{"count":0,"href":"https:\/\/www.vsacomunicacion.com\/en\/wp-json\/wp\/v2\/posts\/11681\/revisions"}],"wp:featuredmedia":[{"embeddable":true,"href":"https:\/\/www.vsacomunicacion.com\/en\/wp-json\/wp\/v2\/media\/7928"}],"wp:attachment":[{"href":"https:\/\/www.vsacomunicacion.com\/en\/wp-json\/wp\/v2\/media?parent=11681"}],"wp:term":[{"taxonomy":"category","embeddable":true,"href":"https:\/\/www.vsacomunicacion.com\/en\/wp-json\/wp\/v2\/categories?post=11681"},{"taxonomy":"post_tag","embeddable":true,"href":"https:\/\/www.vsacomunicacion.com\/en\/wp-json\/wp\/v2\/tags?post=11681"}],"curies":[{"name":"wp","href":"https:\/\/api.w.org\/{rel}","templated":true}]}}