{"id":11682,"date":"2020-01-14T17:09:19","date_gmt":"2020-01-14T17:09:19","guid":{"rendered":"https:\/\/www.vsacomunicacion.com\/lona-publicitaria-del-nuevo-renault-captur-en-paseo-de-la-castellana\/"},"modified":"2020-01-14T17:09:19","modified_gmt":"2020-01-14T17:09:19","slug":"lona-publicitaria-del-nuevo-renault-captur-en-paseo-de-la-castellana","status":"publish","type":"post","link":"https:\/\/www.vsacomunicacion.com\/en\/lona-publicitaria-del-nuevo-renault-captur-en-paseo-de-la-castellana\/","title":{"rendered":"Lona Publicitaria del nuevo RENAULT CAPTUR en Paseo de la Castellana"},"content":{"rendered":"<p style=\"text-align: justify;\">Estamos encantados con el nuevo emplazamiento de <strong>VSA COMUNICACION<\/strong> en <strong>Madrid<\/strong>, situado en el c\u00e9ntrico y famoso Paseo de la Castellana, extremadamente\u00a0visible en ambas direcciones y con una cara frontal al tr\u00e1fico en direcci\u00f3n a la Plaza Col\u00f3n, zona con gran afluencia de tr\u00e1fico y sem\u00e1foros.<\/p>\n<p style=\"text-align: justify;\"><img fetchpriority=\"high\" decoding=\"async\" class=\"aligncenter size-full wp-image-5276\" src=\"https:\/\/www.vsacomunicacion.com\/wp-content\/uploads\/2020\/02\/lona-publicitaria-madrid-paseo-castellana-enero-renault-dia-vsa-comunicacion.jpg\" alt=\"lona-publicitaria-madrid-paseo-castellana-enero-renault-dia-vsa-comunicacion\" width=\"884\" height=\"626\" srcset=\"https:\/\/www.vsacomunicacion.com\/wp-content\/uploads\/2020\/02\/lona-publicitaria-madrid-paseo-castellana-enero-renault-dia-vsa-comunicacion.jpg 884w, https:\/\/www.vsacomunicacion.com\/wp-content\/uploads\/2020\/02\/lona-publicitaria-madrid-paseo-castellana-enero-renault-dia-vsa-comunicacion-300x212.jpg 300w, https:\/\/www.vsacomunicacion.com\/wp-content\/uploads\/2020\/02\/lona-publicitaria-madrid-paseo-castellana-enero-renault-dia-vsa-comunicacion-768x544.jpg 768w\" sizes=\"(max-width: 884px) 100vw, 884px\" \/><\/p>\n<p style=\"text-align: justify;\">Os presentamos el nuevo <strong>RENAULT CAPTUR<\/strong> con una\u00a0incre\u00edble<strong> lona publicitaria\u00a0<\/strong>del nuevo SUV en la ciudad de Madrid, incluida en la campa\u00f1a de Publicidad Exterior iniciada por la marca francesa en las principales ciudades de nuestro pa\u00eds.<\/p>\n<p style=\"text-align: justify;\"><img decoding=\"async\" class=\"aligncenter size-full wp-image-5275\" src=\"https:\/\/www.vsacomunicacion.com\/wp-content\/uploads\/2020\/02\/lona-publicitaria-madrid-paseo-castellana-enero-renault-noche-vsa-comunicacion.jpg\" alt=\"lona-publicitaria-madrid-paseo-castellana-enero-renault-noche-vsa-comunicacion\" width=\"884\" height=\"626\" srcset=\"https:\/\/www.vsacomunicacion.com\/wp-content\/uploads\/2020\/02\/lona-publicitaria-madrid-paseo-castellana-enero-renault-noche-vsa-comunicacion.jpg 884w, https:\/\/www.vsacomunicacion.com\/wp-content\/uploads\/2020\/02\/lona-publicitaria-madrid-paseo-castellana-enero-renault-noche-vsa-comunicacion-300x212.jpg 300w, https:\/\/www.vsacomunicacion.com\/wp-content\/uploads\/2020\/02\/lona-publicitaria-madrid-paseo-castellana-enero-renault-noche-vsa-comunicacion-768x544.jpg 768w\" sizes=\"(max-width: 884px) 100vw, 884px\" \/><\/p>\n<p style=\"text-align: justify;\">Elige la versi\u00f3n del nuevo\u00a0<strong>RENAULT CAPTUR<\/strong> que m\u00e1s va contigo: Live, Intens o Zen.\u00a0Crea la versi\u00f3n que m\u00e1s se adapte a ti y redefiniendo\u00a0la personalizaci\u00f3n.<\/p>\n<p style=\"text-align: justify;\">Seas como seas, disfruta a tu modo. <em>Nuevo RENAULT CAPTUR, para todas tus vidas!!<\/em><\/p>\n","protected":false},"excerpt":{"rendered":"<p>Estamos encantados con el nuevo emplazamiento de VSA COMUNICACION en Madrid, situado en el c\u00e9ntrico y famoso Paseo de la Castellana, extremadamente\u00a0visible en ambas direcciones y con una cara frontal al tr\u00e1fico en direcci\u00f3n a la Plaza Col\u00f3n, zona con [&hellip;]<\/p>\n","protected":false},"author":3,"featured_media":7922,"comment_status":"open","ping_status":"open","sticky":false,"template":"","format":"standard","meta":{"inline_featured_image":false,"footnotes":""},"categories":[1488,1489],"tags":[1704,1664,1705,1706,1701,1708,1693,1694,1609,1611,1499,1733,1565,1585,1599,1586,1737,1738,1745,1671],"class_list":["post-11682","post","type-post","status-publish","format-standard","has-post-thumbnail","hentry","category-lonas-publicitarias-en","category-madrid-en","tag-alto-prestigio-publicitario-en","tag-campana-publicitaria-en","tag-centro-ciudad-en","tag-emplazamiento-premium-en","tag-espectacular-en","tag-formato-espectacular-en","tag-gran-formato-en","tag-gran-notoriedad-en","tag-lonas-publicitarias-2-en","tag-lonas-publicitarias-madrid-en","tag-madrid-en","tag-paseo-de-la-castellana-en","tag-publicidad-ciudades-en","tag-publicidad-exterior-en","tag-publicidad-gran-formato-en","tag-publicidad-urbana-en","tag-renault-en","tag-renault-captur-en","tag-suv-en","tag-trafico-rodado-en"],"_links":{"self":[{"href":"https:\/\/www.vsacomunicacion.com\/en\/wp-json\/wp\/v2\/posts\/11682"}],"collection":[{"href":"https:\/\/www.vsacomunicacion.com\/en\/wp-json\/wp\/v2\/posts"}],"about":[{"href":"https:\/\/www.vsacomunicacion.com\/en\/wp-json\/wp\/v2\/types\/post"}],"author":[{"embeddable":true,"href":"https:\/\/www.vsacomunicacion.com\/en\/wp-json\/wp\/v2\/users\/3"}],"replies":[{"embeddable":true,"href":"https:\/\/www.vsacomunicacion.com\/en\/wp-json\/wp\/v2\/comments?post=11682"}],"version-history":[{"count":0,"href":"https:\/\/www.vsacomunicacion.com\/en\/wp-json\/wp\/v2\/posts\/11682\/revisions"}],"wp:featuredmedia":[{"embeddable":true,"href":"https:\/\/www.vsacomunicacion.com\/en\/wp-json\/wp\/v2\/media\/7922"}],"wp:attachment":[{"href":"https:\/\/www.vsacomunicacion.com\/en\/wp-json\/wp\/v2\/media?parent=11682"}],"wp:term":[{"taxonomy":"category","embeddable":true,"href":"https:\/\/www.vsacomunicacion.com\/en\/wp-json\/wp\/v2\/categories?post=11682"},{"taxonomy":"post_tag","embeddable":true,"href":"https:\/\/www.vsacomunicacion.com\/en\/wp-json\/wp\/v2\/tags?post=11682"}],"curies":[{"name":"wp","href":"https:\/\/api.w.org\/{rel}","templated":true}]}}