{"id":11684,"date":"2019-12-25T10:31:00","date_gmt":"2019-12-25T10:31:00","guid":{"rendered":"https:\/\/www.vsacomunicacion.com\/lona-publicitaria-de-opel-corsa-en-la-diagonal-de-barcelona\/"},"modified":"2019-12-25T10:31:00","modified_gmt":"2019-12-25T10:31:00","slug":"lona-publicitaria-de-opel-corsa-en-la-diagonal-de-barcelona","status":"publish","type":"post","link":"https:\/\/www.vsacomunicacion.com\/en\/lona-publicitaria-de-opel-corsa-en-la-diagonal-de-barcelona\/","title":{"rendered":"Lona Publicitaria de OPEL CORSA en la Diagonal de Barcelona"},"content":{"rendered":"<p style=\"text-align: justify;\">Ya est\u00e1 aqu\u00ed el nuevo <strong>OPEL CORSA<\/strong>!!\u00a0D\u00e9jate llevar por la ingenier\u00eda alemana, su sofisticado dise\u00f1o y su interior con tecnolog\u00eda premium.<\/p>\n<p style=\"text-align: justify;\">El nuevo OPEL CORSA est\u00e1 disponible en gasolina, di\u00e9sel y 100% el\u00e9ctrico. Un nuevo modelo l\u00edder en innovaci\u00f3n que te ofrece una conducci\u00f3n m\u00e1s segura y divertida.<\/p>\n<p style=\"text-align: justify;\">\u00a1\u00a1 Siente la diversi\u00f3n como nunca antes lo has hecho!! <em>#SienteLaDiversi\u00f3n<\/em><\/p>\n<p style=\"text-align: justify;\"><a href=\"https:\/\/www.vsacomunicacion.com\/wp-content\/uploads\/2020\/02\/lona-publicitaria-barcelona-avenida-diagonal-490-opel-dia-vsa-comunicacion.jpg\" rel=\"attachment wp-att-5252\"><img fetchpriority=\"high\" decoding=\"async\" class=\"aligncenter size-full wp-image-5252\" src=\"https:\/\/www.vsacomunicacion.com\/wp-content\/uploads\/2020\/02\/lona-publicitaria-barcelona-avenida-diagonal-490-opel-dia-vsa-comunicacion.jpg\" alt=\"lona-publicitaria-barcelona-avenida-diagonal-490-opel-dia-vsa-comunicacion\" width=\"884\" height=\"626\" srcset=\"https:\/\/www.vsacomunicacion.com\/wp-content\/uploads\/2020\/02\/lona-publicitaria-barcelona-avenida-diagonal-490-opel-dia-vsa-comunicacion.jpg 884w, https:\/\/www.vsacomunicacion.com\/wp-content\/uploads\/2020\/02\/lona-publicitaria-barcelona-avenida-diagonal-490-opel-dia-vsa-comunicacion-300x212.jpg 300w, https:\/\/www.vsacomunicacion.com\/wp-content\/uploads\/2020\/02\/lona-publicitaria-barcelona-avenida-diagonal-490-opel-dia-vsa-comunicacion-768x544.jpg 768w\" sizes=\"(max-width: 884px) 100vw, 884px\" \/><\/a><\/p>\n<p style=\"text-align: justify;\">Desde<strong>\u00a0VSA COMUNICACION<\/strong> os presentamos esta\u00a0incre\u00edble y visible <strong>lona publicitaria<\/strong> en la Avenida Diagonal de <strong>Barcelona<\/strong>. Una acertad\u00edsima\u00a0opci\u00f3n para presentar el nuevo <strong>OPEL CORSA<\/strong> a trav\u00e9s de su campa\u00f1a en el medio exterior, consiguiendo una gran notoriedad, impacto y transmitiendo un mensaje directo a la poblaci\u00f3n.<\/p>\n<p><a href=\"https:\/\/www.vsacomunicacion.com\/wp-content\/uploads\/2020\/02\/lona-publicitaria-barcelona-avenida-diagonal-490-opel-noche-vsa-comunicacion.jpg\" rel=\"attachment wp-att-5251\"><img decoding=\"async\" class=\"aligncenter size-full wp-image-5251\" src=\"https:\/\/www.vsacomunicacion.com\/wp-content\/uploads\/2020\/02\/lona-publicitaria-barcelona-avenida-diagonal-490-opel-noche-vsa-comunicacion.jpg\" alt=\"lona-publicitaria-barcelona-avenida-diagonal-490-opel-noche-vsa-comunicacion\" width=\"884\" height=\"626\" srcset=\"https:\/\/www.vsacomunicacion.com\/wp-content\/uploads\/2020\/02\/lona-publicitaria-barcelona-avenida-diagonal-490-opel-noche-vsa-comunicacion.jpg 884w, https:\/\/www.vsacomunicacion.com\/wp-content\/uploads\/2020\/02\/lona-publicitaria-barcelona-avenida-diagonal-490-opel-noche-vsa-comunicacion-300x212.jpg 300w, https:\/\/www.vsacomunicacion.com\/wp-content\/uploads\/2020\/02\/lona-publicitaria-barcelona-avenida-diagonal-490-opel-noche-vsa-comunicacion-768x544.jpg 768w\" sizes=\"(max-width: 884px) 100vw, 884px\" \/><\/a><\/p>\n<p>Desde OPEL te ofrecen tambi\u00e9n la posibilidad, que cada d\u00eda est\u00e1 m\u00e1s en auge, de adquirir el Nuevo OPEL CORSA-e, con un autonom\u00eda de hasta 337 km. Perfecto para el uso diario y tambi\u00e9n para viajar.<\/p>\n<p class=\"q-content\" style=\"text-align: justify;\">El nuevo <strong>OPEL CORSA-e<\/strong> es simplemente el\u00e9ctrico, simplemente asombroso. #<em>SimplementeEl\u00e9ctrico<\/em><\/p>\n<p class=\"q-content\" style=\"text-align: justify;\">Disfruta\u00a0del nuevo OPEL CORSA,\u00a0el coche alem\u00e1n preparado para la ciudad del futuro, su\u00a0tecnolog\u00eda y toda la diversi\u00f3n de conducir!!<\/p>\n","protected":false},"excerpt":{"rendered":"<p>Ya est\u00e1 aqu\u00ed el nuevo OPEL CORSA!!\u00a0D\u00e9jate llevar por la ingenier\u00eda alemana, su sofisticado dise\u00f1o y su interior con tecnolog\u00eda premium. El nuevo OPEL CORSA est\u00e1 disponible en gasolina, di\u00e9sel y 100% el\u00e9ctrico. Un nuevo modelo l\u00edder en innovaci\u00f3n que [&hellip;]<\/p>\n","protected":false},"author":3,"featured_media":7914,"comment_status":"open","ping_status":"open","sticky":false,"template":"","format":"standard","meta":{"inline_featured_image":false,"footnotes":""},"categories":[1506,1488],"tags":[1747,1748,1749,1750,1704,1678,1516,1664,1705,1706,1701,1708,1693,1694,1609,1581,1751,1752,1753,1565,1585,1599,1586,1671],"class_list":["post-11684","post","type-post","status-publish","format-standard","has-post-thumbnail","hentry","category-barcelona-en","category-lonas-publicitarias-en","tag-sentladiversio-en","tag-sienteladiversion-en","tag-simplementeelectrico-en","tag-simplementelectric-en","tag-alto-prestigio-publicitario-en","tag-avenida-diagonal-en","tag-barcelona-en","tag-campana-publicitaria-en","tag-centro-ciudad-en","tag-emplazamiento-premium-en","tag-espectacular-en","tag-formato-espectacular-en","tag-gran-formato-en","tag-gran-notoriedad-en","tag-lonas-publicitarias-2-en","tag-lonas-publicitarias-barcelona-en","tag-opel-en","tag-opel-corsa-en","tag-opel-corsa-e-en","tag-publicidad-ciudades-en","tag-publicidad-exterior-en","tag-publicidad-gran-formato-en","tag-publicidad-urbana-en","tag-trafico-rodado-en"],"_links":{"self":[{"href":"https:\/\/www.vsacomunicacion.com\/en\/wp-json\/wp\/v2\/posts\/11684"}],"collection":[{"href":"https:\/\/www.vsacomunicacion.com\/en\/wp-json\/wp\/v2\/posts"}],"about":[{"href":"https:\/\/www.vsacomunicacion.com\/en\/wp-json\/wp\/v2\/types\/post"}],"author":[{"embeddable":true,"href":"https:\/\/www.vsacomunicacion.com\/en\/wp-json\/wp\/v2\/users\/3"}],"replies":[{"embeddable":true,"href":"https:\/\/www.vsacomunicacion.com\/en\/wp-json\/wp\/v2\/comments?post=11684"}],"version-history":[{"count":0,"href":"https:\/\/www.vsacomunicacion.com\/en\/wp-json\/wp\/v2\/posts\/11684\/revisions"}],"wp:featuredmedia":[{"embeddable":true,"href":"https:\/\/www.vsacomunicacion.com\/en\/wp-json\/wp\/v2\/media\/7914"}],"wp:attachment":[{"href":"https:\/\/www.vsacomunicacion.com\/en\/wp-json\/wp\/v2\/media?parent=11684"}],"wp:term":[{"taxonomy":"category","embeddable":true,"href":"https:\/\/www.vsacomunicacion.com\/en\/wp-json\/wp\/v2\/categories?post=11684"},{"taxonomy":"post_tag","embeddable":true,"href":"https:\/\/www.vsacomunicacion.com\/en\/wp-json\/wp\/v2\/tags?post=11684"}],"curies":[{"name":"wp","href":"https:\/\/api.w.org\/{rel}","templated":true}]}}