{"id":11686,"date":"2019-12-15T15:23:32","date_gmt":"2019-12-15T15:23:32","guid":{"rendered":"https:\/\/www.vsacomunicacion.com\/lona-publicitaria-de-adidas-en-el-paseo-de-gracia\/"},"modified":"2019-12-15T15:23:32","modified_gmt":"2019-12-15T15:23:32","slug":"lona-publicitaria-de-adidas-en-el-paseo-de-gracia","status":"publish","type":"post","link":"https:\/\/www.vsacomunicacion.com\/en\/lona-publicitaria-de-adidas-en-el-paseo-de-gracia\/","title":{"rendered":"Lona Publicitaria de ADIDAS en el Paseo de Gracia"},"content":{"rendered":"<p style=\"text-align: justify;\">Es bien sabido por todos el eterno debate que llevamos arrastrando sobre cu\u00e1l es el mejor jugador de f\u00fatbol del mundo. Unos que si Cristiano Ronaldo, otros que si Leo Messi, pues ambos hab\u00edan conseguido 5 balones de oro.<\/p>\n<p style=\"text-align: justify;\">Pero la firma alemana lo tiene claro:\u00a0&#8220;Fin de la discusi\u00f3n&#8221; (<em>Fi de la Discussi\u00f3<\/em>).\u00a0As\u00ed ha sido el corto pero contundente mensaje que <strong>ADIDAS<\/strong> ha querido dar con la <strong>lona publicitaria<\/strong> de <strong>VSA COMUNICACION<\/strong> en el centro de Barcelona, en concreto en el n\u00famero 3 del Paseo de Gracia donde tienen su tienda oficial, despu\u00e9s de que\u00a0<strong>Leo Messi\u00a0<\/strong>ganara su sexto bal\u00f3n de oro.<\/p>\n<p style=\"text-align: justify;\"><a href=\"https:\/\/www.vsacomunicacion.com\/wp-content\/uploads\/2020\/02\/lona-publicitaria-barcelona-paseo-de-gracia-3-adidas-noche-vsa-comunicacion.jpg\" rel=\"attachment wp-att-5269\"><img fetchpriority=\"high\" decoding=\"async\" class=\"aligncenter size-full wp-image-5269\" src=\"https:\/\/www.vsacomunicacion.com\/wp-content\/uploads\/2020\/02\/lona-publicitaria-barcelona-paseo-de-gracia-3-adidas-noche-vsa-comunicacion.jpg\" alt=\"lona-publicitaria-barcelona-paseo-de-gracia-3-adidas-noche-vsa-comunicacion\" width=\"884\" height=\"626\" srcset=\"https:\/\/www.vsacomunicacion.com\/wp-content\/uploads\/2020\/02\/lona-publicitaria-barcelona-paseo-de-gracia-3-adidas-noche-vsa-comunicacion.jpg 884w, https:\/\/www.vsacomunicacion.com\/wp-content\/uploads\/2020\/02\/lona-publicitaria-barcelona-paseo-de-gracia-3-adidas-noche-vsa-comunicacion-300x212.jpg 300w, https:\/\/www.vsacomunicacion.com\/wp-content\/uploads\/2020\/02\/lona-publicitaria-barcelona-paseo-de-gracia-3-adidas-noche-vsa-comunicacion-768x544.jpg 768w\" sizes=\"(max-width: 884px) 100vw, 884px\" \/><\/a><\/p>\n<p style=\"text-align: justify;\">\u00c9sta ha sido la manera elegida por <strong>ADIDAS<\/strong> para dar la enhorabuena al\u00a0capit\u00e1n\u00a0del <strong>FC Barcelona <\/strong>y de la selecci\u00f3n argentina, su patrocinador oficial, tras conseguir el desempate con su sexto bal\u00f3n de oro y considerarlo como el mejor futbolista del mundo.<\/p>\n<p style=\"text-align: justify;\">La creatividad, la contundencia del mensaje, su sencillez, su perspicacia, hacen que esta lona publicitaria sea un aut\u00e9ntico bombazo publicitario.<\/p>\n<p style=\"text-align: justify;\">A buen entendedor, pocas palabras bastan&#8230;<\/p>\n<p style=\"text-align: justify;\"><a href=\"https:\/\/www.vsacomunicacion.com\/wp-content\/uploads\/2020\/02\/lona-publicitaria-barcelona-paseo-de-gracia-3-adidas-dia-vsa-comunicacion.jpg\" rel=\"attachment wp-att-5270\"><img decoding=\"async\" class=\"aligncenter size-full wp-image-5270\" src=\"https:\/\/www.vsacomunicacion.com\/wp-content\/uploads\/2020\/02\/lona-publicitaria-barcelona-paseo-de-gracia-3-adidas-dia-vsa-comunicacion.jpg\" alt=\"lona-publicitaria-barcelona-paseo-de-gracia-3-adidas-dia-vsa-comunicacion\" width=\"884\" height=\"626\" srcset=\"https:\/\/www.vsacomunicacion.com\/wp-content\/uploads\/2020\/02\/lona-publicitaria-barcelona-paseo-de-gracia-3-adidas-dia-vsa-comunicacion.jpg 884w, https:\/\/www.vsacomunicacion.com\/wp-content\/uploads\/2020\/02\/lona-publicitaria-barcelona-paseo-de-gracia-3-adidas-dia-vsa-comunicacion-300x212.jpg 300w, https:\/\/www.vsacomunicacion.com\/wp-content\/uploads\/2020\/02\/lona-publicitaria-barcelona-paseo-de-gracia-3-adidas-dia-vsa-comunicacion-768x544.jpg 768w\" sizes=\"(max-width: 884px) 100vw, 884px\" \/><\/a><\/p>\n<p style=\"text-align: justify;\">Leo Messi acumula seis Balones de Oro, un &#8220;The Best&#8221; y seis Botas de Oro.\u00a0Y su patrocinador oficial<strong> ADIDAS<\/strong> est\u00e1 convencido est\u00e1 convencido que &#8220;\u00c9sto a\u00fan no ha acabado&#8221; y que podr\u00e1n celebrar juntos muchos m\u00e1s \u00e9xitos del astro argentino.<\/p>\n","protected":false},"excerpt":{"rendered":"<p>Es bien sabido por todos el eterno debate que llevamos arrastrando sobre cu\u00e1l es el mejor jugador de f\u00fatbol del mundo. Unos que si Cristiano Ronaldo, otros que si Leo Messi, pues ambos hab\u00edan conseguido 5 balones de oro. Pero [&hellip;]<\/p>\n","protected":false},"author":3,"featured_media":7919,"comment_status":"open","ping_status":"open","sticky":false,"template":"","format":"standard","meta":{"inline_featured_image":false,"footnotes":""},"categories":[1506,1488],"tags":[1689,1704,1516,1692,1664,1705,1756,1706,1701,1757,1758,1708,1693,1694,1665,1609,1581,1666,1565,1585,1599,1586,1671],"class_list":["post-11686","post","type-post","status-publish","format-standard","has-post-thumbnail","hentry","category-barcelona-en","category-lonas-publicitarias-en","tag-adidas-en","tag-alto-prestigio-publicitario-en","tag-barcelona-en","tag-campana-adidas-en","tag-campana-publicitaria-en","tag-centro-ciudad-en","tag-cristiano-ronaldo-en","tag-emplazamiento-premium-en","tag-espectacular-en","tag-fc-barcelona-en","tag-fcb-en","tag-formato-espectacular-en","tag-gran-formato-en","tag-gran-notoriedad-en","tag-leo-messi-en","tag-lonas-publicitarias-2-en","tag-lonas-publicitarias-barcelona-en","tag-paseo-de-gracia-en","tag-publicidad-ciudades-en","tag-publicidad-exterior-en","tag-publicidad-gran-formato-en","tag-publicidad-urbana-en","tag-trafico-rodado-en"],"_links":{"self":[{"href":"https:\/\/www.vsacomunicacion.com\/en\/wp-json\/wp\/v2\/posts\/11686"}],"collection":[{"href":"https:\/\/www.vsacomunicacion.com\/en\/wp-json\/wp\/v2\/posts"}],"about":[{"href":"https:\/\/www.vsacomunicacion.com\/en\/wp-json\/wp\/v2\/types\/post"}],"author":[{"embeddable":true,"href":"https:\/\/www.vsacomunicacion.com\/en\/wp-json\/wp\/v2\/users\/3"}],"replies":[{"embeddable":true,"href":"https:\/\/www.vsacomunicacion.com\/en\/wp-json\/wp\/v2\/comments?post=11686"}],"version-history":[{"count":0,"href":"https:\/\/www.vsacomunicacion.com\/en\/wp-json\/wp\/v2\/posts\/11686\/revisions"}],"wp:featuredmedia":[{"embeddable":true,"href":"https:\/\/www.vsacomunicacion.com\/en\/wp-json\/wp\/v2\/media\/7919"}],"wp:attachment":[{"href":"https:\/\/www.vsacomunicacion.com\/en\/wp-json\/wp\/v2\/media?parent=11686"}],"wp:term":[{"taxonomy":"category","embeddable":true,"href":"https:\/\/www.vsacomunicacion.com\/en\/wp-json\/wp\/v2\/categories?post=11686"},{"taxonomy":"post_tag","embeddable":true,"href":"https:\/\/www.vsacomunicacion.com\/en\/wp-json\/wp\/v2\/tags?post=11686"}],"curies":[{"name":"wp","href":"https:\/\/api.w.org\/{rel}","templated":true}]}}