{"id":11687,"date":"2019-12-03T17:20:19","date_gmt":"2019-12-03T17:20:19","guid":{"rendered":"https:\/\/www.vsacomunicacion.com\/5233lona-publicitaria-del-documental-chiara-ferragni-unposted-en-barcelona\/"},"modified":"2019-12-03T17:20:19","modified_gmt":"2019-12-03T17:20:19","slug":"5233lona-publicitaria-del-documental-chiara-ferragni-unposted-en-barcelona","status":"publish","type":"post","link":"https:\/\/www.vsacomunicacion.com\/en\/5233lona-publicitaria-del-documental-chiara-ferragni-unposted-en-barcelona\/","title":{"rendered":"Lona Publicitaria del documental &#8220;CHIARA FERRAGNI UNPOSTED&#8221; en Barcelona"},"content":{"rendered":"<p style=\"text-align: justify;\"><strong>Chiara Ferragni<\/strong>, una de las mayores <em>influencers<\/em>\u00a0del mundo de la moda, con millones de seguidores en las redes sociales,\u00a0especialmente en instagram, ha estrenado en <strong>AMAZON PRIME VIDEO<\/strong>\u00a0el documental sobre su vida <strong>&#8220;CHIARA FERRAGNI UNPOSTED&#8221;<\/strong>.<\/p>\n<p style=\"text-align: justify;\"><strong>VSA COMUNICACION<\/strong> ha sido testigo de ello con esta espectacular<strong> lona publicitaria<\/strong> en la c\u00e9ntrica calle Balmes de <strong>Barcelona<\/strong>, incluida en la campa\u00f1a de publicidad exterior iniciada por\u00a0la bella influencer\u00a0y la plataforma digital.<\/p>\n<p style=\"text-align: justify;\"><a href=\"https:\/\/www.vsacomunicacion.com\/wp-content\/uploads\/2019\/12\/lona-publicitaria-barcelona-balmes-64-chiaraferragni-noche-vsa-comunicacion.jpg\" rel=\"attachment wp-att-5234\"><img fetchpriority=\"high\" decoding=\"async\" class=\"aligncenter size-full wp-image-5234\" src=\"https:\/\/www.vsacomunicacion.com\/wp-content\/uploads\/2019\/12\/lona-publicitaria-barcelona-balmes-64-chiaraferragni-noche-vsa-comunicacion.jpg\" alt=\"lona-publicitaria-barcelona-balmes-64-chiaraferragni-noche-vsa-comunicacion\" width=\"884\" height=\"626\" srcset=\"https:\/\/www.vsacomunicacion.com\/wp-content\/uploads\/2019\/12\/lona-publicitaria-barcelona-balmes-64-chiaraferragni-noche-vsa-comunicacion.jpg 884w, https:\/\/www.vsacomunicacion.com\/wp-content\/uploads\/2019\/12\/lona-publicitaria-barcelona-balmes-64-chiaraferragni-noche-vsa-comunicacion-300x212.jpg 300w, https:\/\/www.vsacomunicacion.com\/wp-content\/uploads\/2019\/12\/lona-publicitaria-barcelona-balmes-64-chiaraferragni-noche-vsa-comunicacion-768x544.jpg 768w\" sizes=\"(max-width: 884px) 100vw, 884px\" \/><\/a><\/p>\n<p style=\"text-align: justify;\">En este documental sobre su vida, <strong>&#8220;Chiara Ferragni Unposted&#8221;<\/strong>, la italiana revela c\u00f3mo la revoluci\u00f3n digital ha cambiado el \u00e1mbito de los negocios, la comunicaci\u00f3n, la moda, la cultura, en su papel de\u00a0protagonista, como mujer y como empresaria digital.<\/p>\n<p style=\"text-align: justify;\">Un aut\u00e9ntico regalo para los fans de la <em>influencer<\/em>, que disfrutar\u00e1n con decenas de detalles hasta\u00a0el momento desconocidos por todos.<\/p>\n<p><a href=\"https:\/\/www.vsacomunicacion.com\/wp-content\/uploads\/2019\/12\/lona-publicitaria-barcelona-balmes-64-chiaraferragni-dia-vsa-comunicacion.jpg\" rel=\"attachment wp-att-5235\"><img decoding=\"async\" class=\"aligncenter size-full wp-image-5235\" src=\"https:\/\/www.vsacomunicacion.com\/wp-content\/uploads\/2019\/12\/lona-publicitaria-barcelona-balmes-64-chiaraferragni-dia-vsa-comunicacion.jpg\" alt=\"lona-publicitaria-barcelona-balmes-64-chiaraferragni-dia-vsa-comunicacion\" width=\"884\" height=\"626\" srcset=\"https:\/\/www.vsacomunicacion.com\/wp-content\/uploads\/2019\/12\/lona-publicitaria-barcelona-balmes-64-chiaraferragni-dia-vsa-comunicacion.jpg 884w, https:\/\/www.vsacomunicacion.com\/wp-content\/uploads\/2019\/12\/lona-publicitaria-barcelona-balmes-64-chiaraferragni-dia-vsa-comunicacion-300x212.jpg 300w, https:\/\/www.vsacomunicacion.com\/wp-content\/uploads\/2019\/12\/lona-publicitaria-barcelona-balmes-64-chiaraferragni-dia-vsa-comunicacion-768x544.jpg 768w\" sizes=\"(max-width: 884px) 100vw, 884px\" \/><\/a><\/p>\n<p style=\"text-align: justify;\">Ella misma comparti\u00f3 su\u00a0tr\u00e1iler en Instagram.<\/p>\n<p style=\"text-align: justify;\">En el texto de su post Chiara Ferragni expresaba la enorme emoci\u00f3n que le produce el estreno del documental:<strong>\u00a0<\/strong><\/p>\n<p style=\"text-align: justify;\"><em>&#8220;Aqu\u00ed est\u00e1: tengo l\u00e1grimas de felicidad en mis ojos al mostraros por primera vez el tr\u00e1iler de la docu-pel\u00edcula sobre mi vida<\/em>\u00a0<a class=\"body-link\" href=\"https:\/\/www.instagram.com\/chiaraferragniunposted\/\" data-vars-ga-outbound-link=\"https:\/\/www.instagram.com\/chiaraferragniunposted\/\" target=\"_blank\" rel=\"noopener\">@chiaraferragniunposted<\/a>\u00a0&#x1f498;\u00a0<em>Espero que os guste mucho &#x1f62d;\u00a0<a class=\"body-link\" href=\"https:\/\/www.instagram.com\/explore\/tags\/chiaraferragniunposted\/\" data-vars-ga-outbound-link=\"https:\/\/www.instagram.com\/explore\/tags\/chiaraferragniunposted\/\" target=\"_blank\" rel=\"noopener\">#ChiaraFerragniUnposted<\/a><a class=\"body-link\" href=\"https:\/\/www.instagram.com\/rai_cinema\/\" data-vars-ga-outbound-link=\"https:\/\/www.instagram.com\/rai_cinema\/\" target=\"_blank\" rel=\"noopener\">@rai_cinema<\/a>\u00a0<a class=\"body-link\" href=\"https:\/\/www.instagram.com\/01distribution\/\" data-vars-ga-outbound-link=\"https:\/\/www.instagram.com\/01distribution\/\" target=\"_blank\" rel=\"noopener\">@01distribution<\/a>&#8220;.<\/em><\/p>\n","protected":false},"excerpt":{"rendered":"<p>Chiara Ferragni, una de las mayores influencers\u00a0del mundo de la moda, con millones de seguidores en las redes sociales,\u00a0especialmente en instagram, ha estrenado en AMAZON PRIME VIDEO\u00a0el documental sobre su vida &#8220;CHIARA FERRAGNI UNPOSTED&#8221;. VSA COMUNICACION ha sido testigo de [&hellip;]<\/p>\n","protected":false},"author":3,"featured_media":7910,"comment_status":"open","ping_status":"open","sticky":false,"template":"","format":"standard","meta":{"inline_featured_image":false,"footnotes":""},"categories":[1506,1488],"tags":[1759,1704,1725,1667,1668,1736,1516,1664,1705,1760,1761,1706,1701,1708,1693,1694,1762,1609,1581,1565,1585,1599,1586,1671],"class_list":["post-11687","post","type-post","status-publish","format-standard","has-post-thumbnail","hentry","category-barcelona-en","category-lonas-publicitarias-en","tag-chiaraferragni-en","tag-alto-prestigio-publicitario-en","tag-amazon-en","tag-amazon-prime-en","tag-amazon-prime-video-en","tag-balmes-en","tag-barcelona-en","tag-campana-publicitaria-en","tag-centro-ciudad-en","tag-chiara-ferragni-en","tag-chiara-ferragni-unposted-en","tag-emplazamiento-premium-en","tag-espectacular-en","tag-formato-espectacular-en","tag-gran-formato-en","tag-gran-notoriedad-en","tag-influencer-en","tag-lonas-publicitarias-2-en","tag-lonas-publicitarias-barcelona-en","tag-publicidad-ciudades-en","tag-publicidad-exterior-en","tag-publicidad-gran-formato-en","tag-publicidad-urbana-en","tag-trafico-rodado-en"],"_links":{"self":[{"href":"https:\/\/www.vsacomunicacion.com\/en\/wp-json\/wp\/v2\/posts\/11687"}],"collection":[{"href":"https:\/\/www.vsacomunicacion.com\/en\/wp-json\/wp\/v2\/posts"}],"about":[{"href":"https:\/\/www.vsacomunicacion.com\/en\/wp-json\/wp\/v2\/types\/post"}],"author":[{"embeddable":true,"href":"https:\/\/www.vsacomunicacion.com\/en\/wp-json\/wp\/v2\/users\/3"}],"replies":[{"embeddable":true,"href":"https:\/\/www.vsacomunicacion.com\/en\/wp-json\/wp\/v2\/comments?post=11687"}],"version-history":[{"count":0,"href":"https:\/\/www.vsacomunicacion.com\/en\/wp-json\/wp\/v2\/posts\/11687\/revisions"}],"wp:featuredmedia":[{"embeddable":true,"href":"https:\/\/www.vsacomunicacion.com\/en\/wp-json\/wp\/v2\/media\/7910"}],"wp:attachment":[{"href":"https:\/\/www.vsacomunicacion.com\/en\/wp-json\/wp\/v2\/media?parent=11687"}],"wp:term":[{"taxonomy":"category","embeddable":true,"href":"https:\/\/www.vsacomunicacion.com\/en\/wp-json\/wp\/v2\/categories?post=11687"},{"taxonomy":"post_tag","embeddable":true,"href":"https:\/\/www.vsacomunicacion.com\/en\/wp-json\/wp\/v2\/tags?post=11687"}],"curies":[{"name":"wp","href":"https:\/\/api.w.org\/{rel}","templated":true}]}}