{"id":11688,"date":"2019-11-29T17:17:12","date_gmt":"2019-11-29T17:17:12","guid":{"rendered":"https:\/\/www.vsacomunicacion.com\/lona-publicitaria-de-andorra-la-vella-en-barcelona\/"},"modified":"2019-11-29T17:17:12","modified_gmt":"2019-11-29T17:17:12","slug":"lona-publicitaria-de-andorra-la-vella-en-barcelona","status":"publish","type":"post","link":"https:\/\/www.vsacomunicacion.com\/en\/lona-publicitaria-de-andorra-la-vella-en-barcelona\/","title":{"rendered":"Lona Publicitaria de ANDORRA LA VELLA en Barcelona"},"content":{"rendered":"<p style=\"text-align: justify;\">Un a\u00f1o m\u00e1s &#8220;el Poblet de Nadal&#8221;<em> (la Aldea de Navidad)\u00a0<\/em>llena<strong> Andorra la Vella<\/strong> de animaciones y espect\u00e1culos llenos de magia y color para vivir intensamente estos d\u00edas tan especiales.<\/p>\n<p style=\"text-align: justify;\">En el emplazamiento de <strong>VSA COMUNICACION<\/strong> en la Ronda Universidad de <strong>Barcelona<\/strong> podremos ver\u00a0esta espectacular<strong> lona publicitaria<\/strong>, incluida en su campa\u00f1a de publicidad exterior, en la que nos invitan a visitarlos y a\u00a0disfrutar d\u00eda a d\u00eda de la programaci\u00f3n repleta de actividades que nos tienen preparadas del 29 de noviembre al 29 de diciembre.<\/p>\n<p style=\"text-align: justify;\"><a href=\"https:\/\/www.vsacomunicacion.com\/wp-content\/uploads\/2020\/02\/lona-publicitaria-barcelona-ronda-universidad-andorra-dia-vsa-comunicacion.jpg\" rel=\"attachment wp-att-5245\"><img fetchpriority=\"high\" decoding=\"async\" class=\"aligncenter size-full wp-image-5245\" src=\"https:\/\/www.vsacomunicacion.com\/wp-content\/uploads\/2020\/02\/lona-publicitaria-barcelona-ronda-universidad-andorra-dia-vsa-comunicacion.jpg\" alt=\"lona-publicitaria-barcelona-ronda-universidad-andorra-dia-vsa-comunicacion\" width=\"884\" height=\"626\" srcset=\"https:\/\/www.vsacomunicacion.com\/wp-content\/uploads\/2020\/02\/lona-publicitaria-barcelona-ronda-universidad-andorra-dia-vsa-comunicacion.jpg 884w, https:\/\/www.vsacomunicacion.com\/wp-content\/uploads\/2020\/02\/lona-publicitaria-barcelona-ronda-universidad-andorra-dia-vsa-comunicacion-300x212.jpg 300w, https:\/\/www.vsacomunicacion.com\/wp-content\/uploads\/2020\/02\/lona-publicitaria-barcelona-ronda-universidad-andorra-dia-vsa-comunicacion-768x544.jpg 768w\" sizes=\"(max-width: 884px) 100vw, 884px\" \/><\/a><\/p>\n<p style=\"text-align: justify;\">La Aldea de Navidad despliega un a\u00f1o m\u00e1s un amplio programa\u00a0repleto de espect\u00e1culos callejeros, juegos para los ni\u00f1os, espacios creativos y de ocio para grandes y peque\u00f1os y muchas cosas m\u00e1s.<\/p>\n<p style=\"text-align: justify;\">A partir del 29 de noviembre, la Aldea de Navidad abrir\u00e1 sus puertas para ofrecerte una experiencia navide\u00f1a excepcional con la que podr\u00e1s hacer realidad tus sue\u00f1os. Este\u00a0mes de diciembre te har\u00e1\u00a0so\u00f1ar de una punta a otra de Andorra la Vella.<\/p>\n<p style=\"text-align: justify;\"><a href=\"https:\/\/www.vsacomunicacion.com\/wp-content\/uploads\/2020\/02\/lona-publicitaria-barcelona-ronda-universidad-andorra-noche-vsa-comunicacion.jpg\" rel=\"attachment wp-att-5247\"><img decoding=\"async\" class=\"aligncenter size-full wp-image-5247\" src=\"https:\/\/www.vsacomunicacion.com\/wp-content\/uploads\/2020\/02\/lona-publicitaria-barcelona-ronda-universidad-andorra-noche-vsa-comunicacion.jpg\" alt=\"lona-publicitaria-barcelona-ronda-universidad-andorra-noche-vsa-comunicacion\" width=\"884\" height=\"626\" srcset=\"https:\/\/www.vsacomunicacion.com\/wp-content\/uploads\/2020\/02\/lona-publicitaria-barcelona-ronda-universidad-andorra-noche-vsa-comunicacion.jpg 884w, https:\/\/www.vsacomunicacion.com\/wp-content\/uploads\/2020\/02\/lona-publicitaria-barcelona-ronda-universidad-andorra-noche-vsa-comunicacion-300x212.jpg 300w, https:\/\/www.vsacomunicacion.com\/wp-content\/uploads\/2020\/02\/lona-publicitaria-barcelona-ronda-universidad-andorra-noche-vsa-comunicacion-768x544.jpg 768w\" sizes=\"(max-width: 884px) 100vw, 884px\" \/><\/a><\/p>\n<p style=\"text-align: justify;\">Durante todo el mes de diciembre, actividades y animaciones para todos los p\u00fablicos llenar\u00e1n de luz y color las calles de la capital del Principado de Andorra, para que vivas en un ambiente entra\u00f1able estas fechas tan se\u00f1aladas.<\/p>\n<p style=\"text-align: justify;\">El\u00a0espect\u00e1culo itinerante de la compa\u00f1\u00eda Remue Menage, un castillo de fuegos artificiales, el alumbrado del Mercado de Navidad y un concierto del coro nacional Petits Cantors del Principat d&#8217;Andorra, el espectacular t\u00fanel de luz y sonido en la plaza de la Rotonda,\u00a0el espacio gastron\u00f3mico\u00a0&#8220;Cata en el Mercado&#8221;\u00a0los s\u00e1bados y domingos&#8230; \u00c9stas son algunas de las grandes ilusiones que te esperan en Andorra la Vella.<\/p>\n<p style=\"text-align: justify;\"><em>Ven a Andorra la Vella por Navidad y haz realidad tus mejores deseos!!<\/em><\/p>\n","protected":false},"excerpt":{"rendered":"<p>Un a\u00f1o m\u00e1s &#8220;el Poblet de Nadal&#8221; (la Aldea de Navidad)\u00a0llena Andorra la Vella de animaciones y espect\u00e1culos llenos de magia y color para vivir intensamente estos d\u00edas tan especiales. En el emplazamiento de VSA COMUNICACION en la Ronda Universidad [&hellip;]<\/p>\n","protected":false},"author":3,"featured_media":7911,"comment_status":"open","ping_status":"open","sticky":false,"template":"","format":"standard","meta":{"inline_featured_image":false,"footnotes":""},"categories":[1506,1488],"tags":[1704,1763,1764,1516,1705,1765,1706,1701,1708,1693,1694,1766,1609,1581,1565,1585,1599,1586,1671],"class_list":["post-11688","post","type-post","status-publish","format-standard","has-post-thumbnail","hentry","category-barcelona-en","category-lonas-publicitarias-en","tag-alto-prestigio-publicitario-en","tag-andorra-en","tag-andorra-la-vella-en","tag-barcelona-en","tag-centro-ciudad-en","tag-el-poblet-de-nadal-en","tag-emplazamiento-premium-en","tag-espectacular-en","tag-formato-espectacular-en","tag-gran-formato-en","tag-gran-notoriedad-en","tag-la-aldea-de-navidad-en","tag-lonas-publicitarias-2-en","tag-lonas-publicitarias-barcelona-en","tag-publicidad-ciudades-en","tag-publicidad-exterior-en","tag-publicidad-gran-formato-en","tag-publicidad-urbana-en","tag-trafico-rodado-en"],"_links":{"self":[{"href":"https:\/\/www.vsacomunicacion.com\/en\/wp-json\/wp\/v2\/posts\/11688"}],"collection":[{"href":"https:\/\/www.vsacomunicacion.com\/en\/wp-json\/wp\/v2\/posts"}],"about":[{"href":"https:\/\/www.vsacomunicacion.com\/en\/wp-json\/wp\/v2\/types\/post"}],"author":[{"embeddable":true,"href":"https:\/\/www.vsacomunicacion.com\/en\/wp-json\/wp\/v2\/users\/3"}],"replies":[{"embeddable":true,"href":"https:\/\/www.vsacomunicacion.com\/en\/wp-json\/wp\/v2\/comments?post=11688"}],"version-history":[{"count":0,"href":"https:\/\/www.vsacomunicacion.com\/en\/wp-json\/wp\/v2\/posts\/11688\/revisions"}],"wp:featuredmedia":[{"embeddable":true,"href":"https:\/\/www.vsacomunicacion.com\/en\/wp-json\/wp\/v2\/media\/7911"}],"wp:attachment":[{"href":"https:\/\/www.vsacomunicacion.com\/en\/wp-json\/wp\/v2\/media?parent=11688"}],"wp:term":[{"taxonomy":"category","embeddable":true,"href":"https:\/\/www.vsacomunicacion.com\/en\/wp-json\/wp\/v2\/categories?post=11688"},{"taxonomy":"post_tag","embeddable":true,"href":"https:\/\/www.vsacomunicacion.com\/en\/wp-json\/wp\/v2\/tags?post=11688"}],"curies":[{"name":"wp","href":"https:\/\/api.w.org\/{rel}","templated":true}]}}