{"id":11689,"date":"2019-11-28T00:41:41","date_gmt":"2019-11-28T00:41:41","guid":{"rendered":"https:\/\/www.vsacomunicacion.com\/lona-publicitaria-para-jack-ryan-de-amazon-prime-video-en-madrid\/"},"modified":"2019-11-28T00:41:41","modified_gmt":"2019-11-28T00:41:41","slug":"lona-publicitaria-para-jack-ryan-de-amazon-prime-video-en-madrid","status":"publish","type":"post","link":"https:\/\/www.vsacomunicacion.com\/en\/lona-publicitaria-para-jack-ryan-de-amazon-prime-video-en-madrid\/","title":{"rendered":"Lona Publicitaria para JACK RYAN de AMAZON PRIME VIDEO en Madrid"},"content":{"rendered":"<p style=\"text-align: justify;\">Con la suscripci\u00f3n a Amazon Prime disfrutar\u00e1s no s\u00f3lo del env\u00edo en un d\u00eda gratis e ilimitado en tus compras en la plataforma de AMAZON sino que, adem\u00e1s, podr\u00e1s ver todas las pel\u00edculas y series de <strong>AMAZON PRIME VIDEO<\/strong>, como la\u00a0serie\u00a0JACK RYAN, que\u00a0acaba de iniciar\u00a0su segunda temporada.<\/p>\n<p style=\"text-align: justify;\">Desde <strong>VSA COMUNICACION<\/strong> agradecemos la confianza depositada por AMAZON en nuestros soportes de publicidad exterior con espectaculares<strong> lonas publicitarias<\/strong> en <a href=\"https:\/\/www.vsacomunicacion.com\/lona-publicitaria-de-amazon-prime-video-en-la-calle-balmes\/\">Barcelona<\/a> y <strong>Madrid<\/strong>.<\/p>\n<p style=\"text-align: justify;\"><a href=\"https:\/\/www.vsacomunicacion.com\/wp-content\/uploads\/2019\/11\/lona-publicitaria-madrid-plaza-isabel-18-amazon-noche-vsa-comunicacion.jpg\" rel=\"attachment wp-att-5229\"><img fetchpriority=\"high\" decoding=\"async\" class=\"aligncenter size-full wp-image-5229\" src=\"https:\/\/www.vsacomunicacion.com\/wp-content\/uploads\/2019\/11\/lona-publicitaria-madrid-plaza-isabel-18-amazon-noche-vsa-comunicacion.jpg\" alt=\"lona-publicitaria-madrid-plaza-isabel-18-amazon-noche-vsa-comunicacion\" width=\"884\" height=\"626\" srcset=\"https:\/\/www.vsacomunicacion.com\/wp-content\/uploads\/2019\/11\/lona-publicitaria-madrid-plaza-isabel-18-amazon-noche-vsa-comunicacion.jpg 884w, https:\/\/www.vsacomunicacion.com\/wp-content\/uploads\/2019\/11\/lona-publicitaria-madrid-plaza-isabel-18-amazon-noche-vsa-comunicacion-300x212.jpg 300w, https:\/\/www.vsacomunicacion.com\/wp-content\/uploads\/2019\/11\/lona-publicitaria-madrid-plaza-isabel-18-amazon-noche-vsa-comunicacion-768x544.jpg 768w\" sizes=\"(max-width: 884px) 100vw, 884px\" \/><\/a><\/p>\n<p style=\"text-align: justify;\">El nuevo emplazamiento de VSA COMUNICACION est\u00e1 ubicado en un espacio emblem\u00e1tico, la\u00a0plaza de Isabel II (Plaza de \u00d3pera), en pleno centro de Madrid, en una zona muy concurrida y comercial, junto al Teatro de la \u00d3pera,\u00a0el Palacio Real y la Plaza de Oriente, entre los barrios de Sol y Palacio.<\/p>\n<p style=\"text-align: justify;\"><a href=\"https:\/\/www.vsacomunicacion.com\/wp-content\/uploads\/2019\/11\/lona-publicitaria-madrid-plaza-isabel-8-amazon-dia-vsa-comunicacion.jpg\" rel=\"attachment wp-att-5230\"><img decoding=\"async\" class=\"aligncenter size-full wp-image-5230\" src=\"https:\/\/www.vsacomunicacion.com\/wp-content\/uploads\/2019\/11\/lona-publicitaria-madrid-plaza-isabel-8-amazon-dia-vsa-comunicacion.jpg\" alt=\"lona-publicitaria-madrid-plaza-isabel-8-amazon-dia-vsa-comunicacion\" width=\"884\" height=\"626\" srcset=\"https:\/\/www.vsacomunicacion.com\/wp-content\/uploads\/2019\/11\/lona-publicitaria-madrid-plaza-isabel-8-amazon-dia-vsa-comunicacion.jpg 884w, https:\/\/www.vsacomunicacion.com\/wp-content\/uploads\/2019\/11\/lona-publicitaria-madrid-plaza-isabel-8-amazon-dia-vsa-comunicacion-300x212.jpg 300w, https:\/\/www.vsacomunicacion.com\/wp-content\/uploads\/2019\/11\/lona-publicitaria-madrid-plaza-isabel-8-amazon-dia-vsa-comunicacion-768x544.jpg 768w\" sizes=\"(max-width: 884px) 100vw, 884px\" \/><\/a><\/p>\n<p style=\"text-align: justify;\">En esta\u00a0nueva temporada Jack Ryan y su compa\u00f1ero James Greer viajar\u00e1n a\u00a0Sudam\u00e9rica para impedir una venta ilegal de armas, pero\u00a0se ver\u00e1n envueltos en una gran conspiraci\u00f3n y su misi\u00f3n ser\u00e1 acabar con el perverso plan del presidente de Venezuela y\u00a0proporcionar calma\u00a0y estabilidad\u00a0de nuevo a este pa\u00eds.<\/p>\n<p style=\"text-align: justify;\"><em>Ocho nuevos cap\u00edtulos de nuestro agente de la CIA favorito, JACK RYAN!!<\/em><\/p>\n","protected":false},"excerpt":{"rendered":"<p>Con la suscripci\u00f3n a Amazon Prime disfrutar\u00e1s no s\u00f3lo del env\u00edo en un d\u00eda gratis e ilimitado en tus compras en la plataforma de AMAZON sino que, adem\u00e1s, podr\u00e1s ver todas las pel\u00edculas y series de AMAZON PRIME VIDEO, como [&hellip;]<\/p>\n","protected":false},"author":3,"featured_media":7908,"comment_status":"open","ping_status":"open","sticky":false,"template":"","format":"standard","meta":{"inline_featured_image":false,"footnotes":""},"categories":[1488,1489],"tags":[1704,1725,1667,1668,1664,1705,1706,1701,1708,1693,1694,1767,1680,1579,1656,1609,1611,1499,1565,1585,1599,1586,1671],"class_list":["post-11689","post","type-post","status-publish","format-standard","has-post-thumbnail","hentry","category-lonas-publicitarias-en","category-madrid-en","tag-alto-prestigio-publicitario-en","tag-amazon-en","tag-amazon-prime-en","tag-amazon-prime-video-en","tag-campana-publicitaria-en","tag-centro-ciudad-en","tag-emplazamiento-premium-en","tag-espectacular-en","tag-formato-espectacular-en","tag-gran-formato-en","tag-gran-notoriedad-en","tag-jack-ryan-en","tag-lona-espectacular-en","tag-lona-gran-formato-en","tag-lonas-gran-formato-en","tag-lonas-publicitarias-2-en","tag-lonas-publicitarias-madrid-en","tag-madrid-en","tag-publicidad-ciudades-en","tag-publicidad-exterior-en","tag-publicidad-gran-formato-en","tag-publicidad-urbana-en","tag-trafico-rodado-en"],"_links":{"self":[{"href":"https:\/\/www.vsacomunicacion.com\/en\/wp-json\/wp\/v2\/posts\/11689"}],"collection":[{"href":"https:\/\/www.vsacomunicacion.com\/en\/wp-json\/wp\/v2\/posts"}],"about":[{"href":"https:\/\/www.vsacomunicacion.com\/en\/wp-json\/wp\/v2\/types\/post"}],"author":[{"embeddable":true,"href":"https:\/\/www.vsacomunicacion.com\/en\/wp-json\/wp\/v2\/users\/3"}],"replies":[{"embeddable":true,"href":"https:\/\/www.vsacomunicacion.com\/en\/wp-json\/wp\/v2\/comments?post=11689"}],"version-history":[{"count":0,"href":"https:\/\/www.vsacomunicacion.com\/en\/wp-json\/wp\/v2\/posts\/11689\/revisions"}],"wp:featuredmedia":[{"embeddable":true,"href":"https:\/\/www.vsacomunicacion.com\/en\/wp-json\/wp\/v2\/media\/7908"}],"wp:attachment":[{"href":"https:\/\/www.vsacomunicacion.com\/en\/wp-json\/wp\/v2\/media?parent=11689"}],"wp:term":[{"taxonomy":"category","embeddable":true,"href":"https:\/\/www.vsacomunicacion.com\/en\/wp-json\/wp\/v2\/categories?post=11689"},{"taxonomy":"post_tag","embeddable":true,"href":"https:\/\/www.vsacomunicacion.com\/en\/wp-json\/wp\/v2\/tags?post=11689"}],"curies":[{"name":"wp","href":"https:\/\/api.w.org\/{rel}","templated":true}]}}