{"id":11691,"date":"2019-11-22T09:41:10","date_gmt":"2019-11-22T09:41:10","guid":{"rendered":"https:\/\/www.vsacomunicacion.com\/lona-publicitaria-de-oppo-en-la-calle-preciados-de-madrid\/"},"modified":"2019-11-22T09:41:10","modified_gmt":"2019-11-22T09:41:10","slug":"lona-publicitaria-de-oppo-en-la-calle-preciados-de-madrid","status":"publish","type":"post","link":"https:\/\/www.vsacomunicacion.com\/en\/lona-publicitaria-de-oppo-en-la-calle-preciados-de-madrid\/","title":{"rendered":"Lona Publicitaria de OPPO en la calle Preciados de Madrid"},"content":{"rendered":"<p style=\"text-align: justify;\"><strong>OPPO<\/strong> ha impulsado la tendencia\u00a0de los selfies en la industria e innovado con el objetivo de obtener im\u00e1genes m\u00e1s bellas.\u00a0Prueba de ello es el nuevo <strong>OPPO RENO2<\/strong>, para el que han iniciado una espectacular campa\u00f1a de publicidad\u00a0para presentarnos\u00a0los avances tecnol\u00f3gicos de su nuevo modelo de smartphone.<\/p>\n<p style=\"text-align: justify;\">Para el medio exterior ha elegido los emplazamientos de<strong> VSA COMUNICACION<\/strong> en <a href=\"https:\/\/www.vsacomunicacion.com\/lona-publicitaria-de-oppo-en-barcelona\/\">Barcelona<\/a>, como ya os presentamos hace unos d\u00edas, y\u00a0otra incre\u00edble <strong>lona publicitaria<\/strong> en\u00a0la c\u00e9ntrica y concurrida calle Preciados de <strong>Madrid<\/strong>.<\/p>\n<p style=\"text-align: justify;\"><em>OPPO RENO2, zoom para tu imaginaci\u00f3n!!<\/em><\/p>\n<p><a href=\"https:\/\/www.vsacomunicacion.com\/wp-content\/uploads\/2019\/11\/lona-publicitaria-madrid-preciados-13-oppo-noche-vsa-comunicacion.jpg\" rel=\"attachment wp-att-5210\"><img fetchpriority=\"high\" decoding=\"async\" class=\"aligncenter size-full wp-image-5210\" src=\"https:\/\/www.vsacomunicacion.com\/wp-content\/uploads\/2019\/11\/lona-publicitaria-madrid-preciados-13-oppo-noche-vsa-comunicacion.jpg\" alt=\"lona-publicitaria-madrid-preciados-13-oppo-noche-vsa-comunicacion\" width=\"884\" height=\"626\" srcset=\"https:\/\/www.vsacomunicacion.com\/wp-content\/uploads\/2019\/11\/lona-publicitaria-madrid-preciados-13-oppo-noche-vsa-comunicacion.jpg 884w, https:\/\/www.vsacomunicacion.com\/wp-content\/uploads\/2019\/11\/lona-publicitaria-madrid-preciados-13-oppo-noche-vsa-comunicacion-300x212.jpg 300w, https:\/\/www.vsacomunicacion.com\/wp-content\/uploads\/2019\/11\/lona-publicitaria-madrid-preciados-13-oppo-noche-vsa-comunicacion-768x544.jpg 768w\" sizes=\"(max-width: 884px) 100vw, 884px\" \/><\/a><\/p>\n<p style=\"text-align: justify;\">En <strong>OPPO<\/strong> tienen una misi\u00f3n muy clara:\u00a0Buscan que las mentes extraordinarias disfruten de la belleza de la\u00a0tecnolog\u00eda. Ya en\u00a02017 introdujo\u00a0la Inteligencia Artificial en la c\u00e1mara frontal y desde entonces lidera la nueva era de los selfies.<\/p>\n<p style=\"text-align: justify;\">OPPO quiere ser una empresa sana y longeva,\u00a0y convertirse\u00a0en una compa\u00f1\u00eda sostenible y respetuosa con el medio.<\/p>\n<p><a href=\"https:\/\/www.vsacomunicacion.com\/wp-content\/uploads\/2019\/11\/lona-publicitaria-madrid-preciados-13-oppo-dia-vsa-comunicacion.jpg\" rel=\"attachment wp-att-5211\"><img decoding=\"async\" class=\"aligncenter size-full wp-image-5211\" src=\"https:\/\/www.vsacomunicacion.com\/wp-content\/uploads\/2019\/11\/lona-publicitaria-madrid-preciados-13-oppo-dia-vsa-comunicacion.jpg\" alt=\"lona-publicitaria-madrid-preciados-13-oppo-dia-vsa-comunicacion\" width=\"884\" height=\"626\" srcset=\"https:\/\/www.vsacomunicacion.com\/wp-content\/uploads\/2019\/11\/lona-publicitaria-madrid-preciados-13-oppo-dia-vsa-comunicacion.jpg 884w, https:\/\/www.vsacomunicacion.com\/wp-content\/uploads\/2019\/11\/lona-publicitaria-madrid-preciados-13-oppo-dia-vsa-comunicacion-300x212.jpg 300w, https:\/\/www.vsacomunicacion.com\/wp-content\/uploads\/2019\/11\/lona-publicitaria-madrid-preciados-13-oppo-dia-vsa-comunicacion-768x544.jpg 768w\" sizes=\"(max-width: 884px) 100vw, 884px\" \/><\/a><\/p>\n<p style=\"text-align: justify;\">Gracias a su nuevo modo fotograf\u00eda ultra nocturna, se abrir\u00e1n tus ojos a los secretos de la noche, podr\u00e1s ver en la oscuridad y capturar la magia de la noche con\u00a0una impresionante nitidez.<\/p>\n<p style=\"text-align: justify;\">Con OPPO el cielo es el l\u00edmite!! Con la c\u00e1mara cu\u00e1druple de 48MP del RENO2, equipado con la tecnolog\u00eda fotogr\u00e1fica m\u00e1s avanzada, est\u00e1 preparado para cualquier situaci\u00f3n: de cerca o de lejos, en movimiento o quieto, de d\u00eda o de noche. El \u00fanico l\u00edmite es tu imaginaci\u00f3n.<\/p>\n<p style=\"text-align: justify;\"><em>OPPO RENO2, zoom para tu imaginaci\u00f3n!!<\/em><\/p>\n","protected":false},"excerpt":{"rendered":"<p>OPPO ha impulsado la tendencia\u00a0de los selfies en la industria e innovado con el objetivo de obtener im\u00e1genes m\u00e1s bellas.\u00a0Prueba de ello es el nuevo OPPO RENO2, para el que han iniciado una espectacular campa\u00f1a de publicidad\u00a0para presentarnos\u00a0los avances tecnol\u00f3gicos [&hellip;]<\/p>\n","protected":false},"author":3,"featured_media":7903,"comment_status":"open","ping_status":"open","sticky":false,"template":"","format":"standard","meta":{"inline_featured_image":false,"footnotes":""},"categories":[1488,1489],"tags":[1704,1664,1705,1706,1701,1708,1693,1694,1680,1656,1609,1611,1499,1729,1768,1769,1565,1585,1599,1586,1770,1671],"class_list":["post-11691","post","type-post","status-publish","format-standard","has-post-thumbnail","hentry","category-lonas-publicitarias-en","category-madrid-en","tag-alto-prestigio-publicitario-en","tag-campana-publicitaria-en","tag-centro-ciudad-en","tag-emplazamiento-premium-en","tag-espectacular-en","tag-formato-espectacular-en","tag-gran-formato-en","tag-gran-notoriedad-en","tag-lona-espectacular-en","tag-lonas-gran-formato-en","tag-lonas-publicitarias-2-en","tag-lonas-publicitarias-madrid-en","tag-madrid-en","tag-oppo-en","tag-oppo-reno2-en","tag-preciados-en","tag-publicidad-ciudades-en","tag-publicidad-exterior-en","tag-publicidad-gran-formato-en","tag-publicidad-urbana-en","tag-reno2-en","tag-trafico-rodado-en"],"_links":{"self":[{"href":"https:\/\/www.vsacomunicacion.com\/en\/wp-json\/wp\/v2\/posts\/11691"}],"collection":[{"href":"https:\/\/www.vsacomunicacion.com\/en\/wp-json\/wp\/v2\/posts"}],"about":[{"href":"https:\/\/www.vsacomunicacion.com\/en\/wp-json\/wp\/v2\/types\/post"}],"author":[{"embeddable":true,"href":"https:\/\/www.vsacomunicacion.com\/en\/wp-json\/wp\/v2\/users\/3"}],"replies":[{"embeddable":true,"href":"https:\/\/www.vsacomunicacion.com\/en\/wp-json\/wp\/v2\/comments?post=11691"}],"version-history":[{"count":0,"href":"https:\/\/www.vsacomunicacion.com\/en\/wp-json\/wp\/v2\/posts\/11691\/revisions"}],"wp:featuredmedia":[{"embeddable":true,"href":"https:\/\/www.vsacomunicacion.com\/en\/wp-json\/wp\/v2\/media\/7903"}],"wp:attachment":[{"href":"https:\/\/www.vsacomunicacion.com\/en\/wp-json\/wp\/v2\/media?parent=11691"}],"wp:term":[{"taxonomy":"category","embeddable":true,"href":"https:\/\/www.vsacomunicacion.com\/en\/wp-json\/wp\/v2\/categories?post=11691"},{"taxonomy":"post_tag","embeddable":true,"href":"https:\/\/www.vsacomunicacion.com\/en\/wp-json\/wp\/v2\/tags?post=11691"}],"curies":[{"name":"wp","href":"https:\/\/api.w.org\/{rel}","templated":true}]}}