{"id":11696,"date":"2019-11-06T12:41:53","date_gmt":"2019-11-06T12:41:53","guid":{"rendered":"https:\/\/www.vsacomunicacion.com\/lona-publicitaria-de-amazon-prime-video-en-la-calle-balmes\/"},"modified":"2019-11-06T12:41:53","modified_gmt":"2019-11-06T12:41:53","slug":"lona-publicitaria-de-amazon-prime-video-en-la-calle-balmes","status":"publish","type":"post","link":"https:\/\/www.vsacomunicacion.com\/en\/lona-publicitaria-de-amazon-prime-video-en-la-calle-balmes\/","title":{"rendered":"Lona Publicitaria para JACK RYAN de AMAZON PRIME VIDEO en la calle Balmes"},"content":{"rendered":"<p style=\"text-align: justify;\">Ya ha llegado a <strong>AMAZON PRIME VIDEO<\/strong>\u00a0la tan esperada segunda temporada de la serie de acci\u00f3n americana<strong> JACK RYAN<\/strong>, el agente m\u00e1s anal\u00edtico de la CIA basado en el personaje de la obra\u00a0creada por Tom Clancy&#8217;s.<\/p>\n<p style=\"text-align: justify;\">AMAZON PRIME VIDEO ha iniciado una\u00a0gran\u00a0e impactante campa\u00f1a de publicidad exterior por el todo el territorio nacional anunciando\u00a0el estreno de la nueva temporada. Os presentamos la incre\u00edble<strong> lona publicitaria<\/strong> en el emplazamiento de<strong> VSA COMUNICACION<\/strong> en la c\u00e9ntrica calle Balmes de <strong>Barcelona<\/strong>.<\/p>\n<p><a href=\"https:\/\/www.vsacomunicacion.com\/wp-content\/uploads\/2019\/11\/lona-publicitaria-barcelona-balmes-64-amazon-noche-vsa-comunicacion.jpg\" rel=\"attachment wp-att-5189\"><img fetchpriority=\"high\" decoding=\"async\" class=\"aligncenter size-full wp-image-5189\" src=\"https:\/\/www.vsacomunicacion.com\/wp-content\/uploads\/2019\/11\/lona-publicitaria-barcelona-balmes-64-amazon-noche-vsa-comunicacion.jpg\" alt=\"lona-publicitaria-barcelona-balmes-64-amazon-noche-vsa-comunicacion\" width=\"884\" height=\"626\" srcset=\"https:\/\/www.vsacomunicacion.com\/wp-content\/uploads\/2019\/11\/lona-publicitaria-barcelona-balmes-64-amazon-noche-vsa-comunicacion.jpg 884w, https:\/\/www.vsacomunicacion.com\/wp-content\/uploads\/2019\/11\/lona-publicitaria-barcelona-balmes-64-amazon-noche-vsa-comunicacion-300x212.jpg 300w, https:\/\/www.vsacomunicacion.com\/wp-content\/uploads\/2019\/11\/lona-publicitaria-barcelona-balmes-64-amazon-noche-vsa-comunicacion-768x544.jpg 768w\" sizes=\"(max-width: 884px) 100vw, 884px\" \/><\/a><\/p>\n<p style=\"text-align: justify;\">En 2018 la plataforma <strong>AMAZON PRIME VIDEO<\/strong> present\u00f3 la primera temporada de JACK RYAN, protagonizada por John Krasinski, en que combati\u00f3 el terrorismo yihadista.<\/p>\n<p style=\"text-align: justify;\">En esta ocasi\u00f3n Jack Ryan y su compa\u00f1ero James Greer viajar\u00e1n a\u00a0Sudam\u00e9rica para impedir una venta ilegal de armas, pero\u00a0se ver\u00e1n envueltos en una gran conspiraci\u00f3n y su misi\u00f3n ser\u00e1 acabar con el perverso plan del presidente de Venezuela y\u00a0proporcionar calma\u00a0y estabilidad\u00a0de nuevo a este pa\u00eds.<\/p>\n<p><a href=\"https:\/\/www.vsacomunicacion.com\/wp-content\/uploads\/2019\/11\/lona-publicitaria-barcelona-balmes-64-amazon-dia-vsa-comunicacion.jpg\" rel=\"attachment wp-att-5190\"><img decoding=\"async\" class=\"aligncenter size-full wp-image-5190\" src=\"https:\/\/www.vsacomunicacion.com\/wp-content\/uploads\/2019\/11\/lona-publicitaria-barcelona-balmes-64-amazon-dia-vsa-comunicacion.jpg\" alt=\"lona-publicitaria-barcelona-balmes-64-amazon-dia-vsa-comunicacion\" width=\"884\" height=\"626\" srcset=\"https:\/\/www.vsacomunicacion.com\/wp-content\/uploads\/2019\/11\/lona-publicitaria-barcelona-balmes-64-amazon-dia-vsa-comunicacion.jpg 884w, https:\/\/www.vsacomunicacion.com\/wp-content\/uploads\/2019\/11\/lona-publicitaria-barcelona-balmes-64-amazon-dia-vsa-comunicacion-300x212.jpg 300w, https:\/\/www.vsacomunicacion.com\/wp-content\/uploads\/2019\/11\/lona-publicitaria-barcelona-balmes-64-amazon-dia-vsa-comunicacion-768x544.jpg 768w\" sizes=\"(max-width: 884px) 100vw, 884px\" \/><\/a><\/p>\n<p id=\"42b5\" class=\"if ig ed at ih b ii ij ik il im in io ip iq ir is\" style=\"text-align: justify;\" data-selectable-paragraph=\"\">Espa\u00f1a estar\u00e1 presente en la segunda temporada de JACK RYAN,\u00a0no por su trama, sino porque tendremos representaci\u00f3n espa\u00f1ola entre sus actores, Jordi Moll\u00e1 interpreta el dirigente venezolano y, junto a \u00e9l, se han sumado nombres como los de Noomi Rapace y Michael Kelly entre su reparto.<\/p>\n<p class=\"if ig ed at ih b ii ij ik il im in io ip iq ir is\" style=\"text-align: justify;\" data-selectable-paragraph=\"\"><em>Ocho nuevos cap\u00edtulos de nuestro agente de la CIA favorito, JACK RYAN!!<\/em><\/p>\n","protected":false},"excerpt":{"rendered":"<p>Ya ha llegado a AMAZON PRIME VIDEO\u00a0la tan esperada segunda temporada de la serie de acci\u00f3n americana JACK RYAN, el agente m\u00e1s anal\u00edtico de la CIA basado en el personaje de la obra\u00a0creada por Tom Clancy&#8217;s. AMAZON PRIME VIDEO ha [&hellip;]<\/p>\n","protected":false},"author":3,"featured_media":7899,"comment_status":"open","ping_status":"open","sticky":false,"template":"","format":"standard","meta":{"inline_featured_image":false,"footnotes":""},"categories":[1506,1488],"tags":[1704,1667,1668,1516,1664,1705,1706,1701,1708,1693,1694,1767,1782,1680,1656,1609,1581,1565,1585,1599,1586,1783,1671],"class_list":["post-11696","post","type-post","status-publish","format-standard","has-post-thumbnail","hentry","category-barcelona-en","category-lonas-publicitarias-en","tag-alto-prestigio-publicitario-en","tag-amazon-prime-en","tag-amazon-prime-video-en","tag-barcelona-en","tag-campana-publicitaria-en","tag-centro-ciudad-en","tag-emplazamiento-premium-en","tag-espectacular-en","tag-formato-espectacular-en","tag-gran-formato-en","tag-gran-notoriedad-en","tag-jack-ryan-en","tag-john-krasinski-en","tag-lona-espectacular-en","tag-lonas-gran-formato-en","tag-lonas-publicitarias-2-en","tag-lonas-publicitarias-barcelona-en","tag-publicidad-ciudades-en","tag-publicidad-exterior-en","tag-publicidad-gran-formato-en","tag-publicidad-urbana-en","tag-tom-clancys-en","tag-trafico-rodado-en"],"_links":{"self":[{"href":"https:\/\/www.vsacomunicacion.com\/en\/wp-json\/wp\/v2\/posts\/11696"}],"collection":[{"href":"https:\/\/www.vsacomunicacion.com\/en\/wp-json\/wp\/v2\/posts"}],"about":[{"href":"https:\/\/www.vsacomunicacion.com\/en\/wp-json\/wp\/v2\/types\/post"}],"author":[{"embeddable":true,"href":"https:\/\/www.vsacomunicacion.com\/en\/wp-json\/wp\/v2\/users\/3"}],"replies":[{"embeddable":true,"href":"https:\/\/www.vsacomunicacion.com\/en\/wp-json\/wp\/v2\/comments?post=11696"}],"version-history":[{"count":0,"href":"https:\/\/www.vsacomunicacion.com\/en\/wp-json\/wp\/v2\/posts\/11696\/revisions"}],"wp:featuredmedia":[{"embeddable":true,"href":"https:\/\/www.vsacomunicacion.com\/en\/wp-json\/wp\/v2\/media\/7899"}],"wp:attachment":[{"href":"https:\/\/www.vsacomunicacion.com\/en\/wp-json\/wp\/v2\/media?parent=11696"}],"wp:term":[{"taxonomy":"category","embeddable":true,"href":"https:\/\/www.vsacomunicacion.com\/en\/wp-json\/wp\/v2\/categories?post=11696"},{"taxonomy":"post_tag","embeddable":true,"href":"https:\/\/www.vsacomunicacion.com\/en\/wp-json\/wp\/v2\/tags?post=11696"}],"curies":[{"name":"wp","href":"https:\/\/api.w.org\/{rel}","templated":true}]}}