{"id":11697,"date":"2019-11-04T02:55:13","date_gmt":"2019-11-04T02:55:13","guid":{"rendered":"https:\/\/www.vsacomunicacion.com\/lona-publicitaria-del-nuevo-renault-clio-en-madrid\/"},"modified":"2019-11-04T02:55:13","modified_gmt":"2019-11-04T02:55:13","slug":"lona-publicitaria-del-nuevo-renault-clio-en-madrid","status":"publish","type":"post","link":"https:\/\/www.vsacomunicacion.com\/en\/lona-publicitaria-del-nuevo-renault-clio-en-madrid\/","title":{"rendered":"Lona Publicitaria del nuevo RENAULT CLIO en Madrid"},"content":{"rendered":"<p style=\"text-align: justify;\">D\u00e9jate seducir por el nuevo RENAULT CLIO, con un estilo m\u00e1s urbano y seductor&#8230; Dise\u00f1ado para vivir!!<\/p>\n<p style=\"text-align: justify;\">Damos el pistoletazo de salida al nuevo y excepcional emplazamiento Premium de <strong>VSA COMUNICACION<\/strong> con la\u00a0espectacular<strong> lona publicitaria<\/strong> de RENAULT CLIO en el emblem\u00e1tico Edificio del Palacio de la Prensa en la c\u00e9ntrica Gran V\u00eda con Plaza Callao de <strong>Madrid<\/strong>.<\/p>\n<p style=\"text-align: justify;\">Una ubicaci\u00f3n inmejorable para presentar la quinta generaci\u00f3n de <strong>RENAULT CLIO<\/strong>.<\/p>\n<p><a href=\"https:\/\/www.vsacomunicacion.com\/wp-content\/uploads\/2019\/10\/lona-publicitaria-madrid-gran-via-46-renault-noche-vsa-comunicacion.jpg\" rel=\"attachment wp-att-5151\"><img fetchpriority=\"high\" decoding=\"async\" class=\"aligncenter size-full wp-image-5151\" src=\"https:\/\/www.vsacomunicacion.com\/wp-content\/uploads\/2019\/10\/lona-publicitaria-madrid-gran-via-46-renault-noche-vsa-comunicacion.jpg\" alt=\"lona-publicitaria-madrid-gran-via-46-renault-noche-vsa-comunicacion\" width=\"884\" height=\"626\" srcset=\"https:\/\/www.vsacomunicacion.com\/wp-content\/uploads\/2019\/10\/lona-publicitaria-madrid-gran-via-46-renault-noche-vsa-comunicacion.jpg 884w, https:\/\/www.vsacomunicacion.com\/wp-content\/uploads\/2019\/10\/lona-publicitaria-madrid-gran-via-46-renault-noche-vsa-comunicacion-300x212.jpg 300w, https:\/\/www.vsacomunicacion.com\/wp-content\/uploads\/2019\/10\/lona-publicitaria-madrid-gran-via-46-renault-noche-vsa-comunicacion-768x544.jpg 768w\" sizes=\"(max-width: 884px) 100vw, 884px\" \/><\/a><\/p>\n<p style=\"text-align: justify;\">El nuevo emplazamiento de <strong>VSA COMUNICACI\u00d3N<\/strong> se encuentra en una de las v\u00edas m\u00e1s concurridas de la ciudad.\u00a0Rodeado\u00a0de cines y teatros\u00a0en los que se representan continuamente obras, musicales y pel\u00edculas de estreno.<\/p>\n<p style=\"text-align: justify;\">La Gran V\u00eda de Madrid une la calle Alcal\u00e1\u00a0y la Plaza Espa\u00f1a, siendo un s\u00edmbolo de la ciudad y punto de encuentro para residentes\u00a0y turistas en busca de\u00a0tiendas de moda, Centros Comerciales, restaurantes, terrazas o lugares de copas.<\/p>\n<p style=\"text-align: justify;\"><a href=\"https:\/\/www.vsacomunicacion.com\/wp-content\/uploads\/2019\/10\/lona-publicitaria-madrid-gran-via-46-renault-dia-vsa-comunicacion.jpg\" rel=\"attachment wp-att-5152\"><img decoding=\"async\" class=\"aligncenter size-full wp-image-5152\" src=\"https:\/\/www.vsacomunicacion.com\/wp-content\/uploads\/2019\/10\/lona-publicitaria-madrid-gran-via-46-renault-dia-vsa-comunicacion.jpg\" alt=\"lona-publicitaria-madrid-gran-via-46-re\" width=\"884\" height=\"626\" srcset=\"https:\/\/www.vsacomunicacion.com\/wp-content\/uploads\/2019\/10\/lona-publicitaria-madrid-gran-via-46-renault-dia-vsa-comunicacion.jpg 884w, https:\/\/www.vsacomunicacion.com\/wp-content\/uploads\/2019\/10\/lona-publicitaria-madrid-gran-via-46-renault-dia-vsa-comunicacion-300x212.jpg 300w, https:\/\/www.vsacomunicacion.com\/wp-content\/uploads\/2019\/10\/lona-publicitaria-madrid-gran-via-46-renault-dia-vsa-comunicacion-768x544.jpg 768w\" sizes=\"(max-width: 884px) 100vw, 884px\" \/><\/a><\/p>\n<p style=\"text-align: justify;\">Una seguridad reforzada y las ayudas a la conducci\u00f3n que vienen de serie\u00a0desde el nivel m\u00e1s bajo de equipamientos,\u00a0hacen que el nuevo <strong>RENAULT CLIO<\/strong> sea el coche m\u00e1s seguro en las pruebas Euro NCAP de 2019, siendo el coche mejor catalogado en su categor\u00eda, el segmento B.<\/p>\n<div class=\"Slice Slice_horizontal\">\n<div class=\"Component4v0 Slice__element\">\n<p class=\"Component4v0__subtitle\" style=\"text-align: justify;\">En nuestro anterior <a href=\"https:\/\/www.vsacomunicacion.com\/lona-publicitaria-del-nuevo-renault-clio-en-barcelona\/\">post <\/a>os contamos algunas caracter\u00edsticas del nuevo modelo de RENAULT, con la lona publicitaria de Barcelona incluida en la campa\u00f1a de publicidad exterior de nivel nacional.<\/p>\n<p class=\"Component4v0__subtitle\" style=\"text-align: justify;\"><em>D\u00e9jate seducir por la quinta general del RENAULT CLIO!!<\/em><\/p>\n<\/div>\n<\/div>\n<div class=\"Slice Slice_horizontal Slice_childrenMarginsDefault Slice_childrenMobileRevertedOrder\"><\/div>\n","protected":false},"excerpt":{"rendered":"<p>D\u00e9jate seducir por el nuevo RENAULT CLIO, con un estilo m\u00e1s urbano y seductor&#8230; Dise\u00f1ado para vivir!! Damos el pistoletazo de salida al nuevo y excepcional emplazamiento Premium de VSA COMUNICACION con la\u00a0espectacular lona publicitaria de RENAULT CLIO en el [&hellip;]<\/p>\n","protected":false},"author":3,"featured_media":7891,"comment_status":"open","ping_status":"open","sticky":false,"template":"","format":"standard","meta":{"inline_featured_image":false,"footnotes":""},"categories":[1488,1489],"tags":[1552,1704,1664,1705,1706,1701,1708,1693,1694,1619,1609,1611,1499,1674,1565,1585,1599,1586,1737,1784,1671],"class_list":["post-11697","post","type-post","status-publish","format-standard","has-post-thumbnail","hentry","category-lonas-publicitarias-en","category-madrid-en","tag-alcala-en","tag-alto-prestigio-publicitario-en","tag-campana-publicitaria-en","tag-centro-ciudad-en","tag-emplazamiento-premium-en","tag-espectacular-en","tag-formato-espectacular-en","tag-gran-formato-en","tag-gran-notoriedad-en","tag-gran-via-en","tag-lonas-publicitarias-2-en","tag-lonas-publicitarias-madrid-en","tag-madrid-en","tag-palacio-de-la-prensa-en","tag-publicidad-ciudades-en","tag-publicidad-exterior-en","tag-publicidad-gran-formato-en","tag-publicidad-urbana-en","tag-renault-en","tag-renault-clio-en","tag-trafico-rodado-en"],"_links":{"self":[{"href":"https:\/\/www.vsacomunicacion.com\/en\/wp-json\/wp\/v2\/posts\/11697"}],"collection":[{"href":"https:\/\/www.vsacomunicacion.com\/en\/wp-json\/wp\/v2\/posts"}],"about":[{"href":"https:\/\/www.vsacomunicacion.com\/en\/wp-json\/wp\/v2\/types\/post"}],"author":[{"embeddable":true,"href":"https:\/\/www.vsacomunicacion.com\/en\/wp-json\/wp\/v2\/users\/3"}],"replies":[{"embeddable":true,"href":"https:\/\/www.vsacomunicacion.com\/en\/wp-json\/wp\/v2\/comments?post=11697"}],"version-history":[{"count":0,"href":"https:\/\/www.vsacomunicacion.com\/en\/wp-json\/wp\/v2\/posts\/11697\/revisions"}],"wp:featuredmedia":[{"embeddable":true,"href":"https:\/\/www.vsacomunicacion.com\/en\/wp-json\/wp\/v2\/media\/7891"}],"wp:attachment":[{"href":"https:\/\/www.vsacomunicacion.com\/en\/wp-json\/wp\/v2\/media?parent=11697"}],"wp:term":[{"taxonomy":"category","embeddable":true,"href":"https:\/\/www.vsacomunicacion.com\/en\/wp-json\/wp\/v2\/categories?post=11697"},{"taxonomy":"post_tag","embeddable":true,"href":"https:\/\/www.vsacomunicacion.com\/en\/wp-json\/wp\/v2\/tags?post=11697"}],"curies":[{"name":"wp","href":"https:\/\/api.w.org\/{rel}","templated":true}]}}