{"id":11698,"date":"2019-10-30T12:01:03","date_gmt":"2019-10-30T12:01:03","guid":{"rendered":"https:\/\/www.vsacomunicacion.com\/lona-publicitaria-de-turismo-de-viena-en-barcelona\/"},"modified":"2019-10-30T12:01:03","modified_gmt":"2019-10-30T12:01:03","slug":"lona-publicitaria-de-turismo-de-viena-en-barcelona","status":"publish","type":"post","link":"https:\/\/www.vsacomunicacion.com\/en\/lona-publicitaria-de-turismo-de-viena-en-barcelona\/","title":{"rendered":"Lona Publicitaria de TURISMO DE VIENA en Barcelona"},"content":{"rendered":"<p style=\"text-align: justify;\">Hoy en d\u00eda estamos todos expuestos a la opini\u00f3n de los dem\u00e1s, unas veces\u00a0puedes recibir cr\u00edticas\u00a0en positivo, otras en negativo. Lo mismo ocurre con productos que consumimos, lugares que viajamos, experiencias que vivimos&#8230;<\/p>\n<p style=\"text-align: justify;\">Y la ciudad de <strong>VIENA<\/strong>, lejos de tomarse mal las malas cr\u00edticas, ha decidido lanzar una campa\u00f1a de publicidad exterior en la que nos muestra\u00a0cr\u00edticas negativas que han recibido, invit\u00e1ndote\u00a0a que seas t\u00fa mismo\u00a0el que\u00a0juzgue si estas opiniones son acertadas o no.<\/p>\n<p style=\"text-align: justify;\">Espectacular y visible<strong> lona publicitaria<\/strong> en el emplazamiento de <strong>VSA COMUNICACION<\/strong> en la Avenida Diagonal de <strong>Barcelona<\/strong>.<\/p>\n<p style=\"text-align: justify;\"><img fetchpriority=\"high\" decoding=\"async\" class=\"aligncenter size-full wp-image-5127\" src=\"https:\/\/www.vsacomunicacion.com\/wp-content\/uploads\/2019\/10\/lona-publicitaria-barcelona-avenida-diagonal-482-turismo-de-viena-noche-vsa-comunicacion.jpg\" alt=\"lona-publicitaria-barcelona-avenida-diagonal-482-turismo-de-viena-noche-vsa-comunicacion\" width=\"884\" height=\"626\" srcset=\"https:\/\/www.vsacomunicacion.com\/wp-content\/uploads\/2019\/10\/lona-publicitaria-barcelona-avenida-diagonal-482-turismo-de-viena-noche-vsa-comunicacion.jpg 884w, https:\/\/www.vsacomunicacion.com\/wp-content\/uploads\/2019\/10\/lona-publicitaria-barcelona-avenida-diagonal-482-turismo-de-viena-noche-vsa-comunicacion-300x212.jpg 300w, https:\/\/www.vsacomunicacion.com\/wp-content\/uploads\/2019\/10\/lona-publicitaria-barcelona-avenida-diagonal-482-turismo-de-viena-noche-vsa-comunicacion-768x544.jpg 768w\" sizes=\"(max-width: 884px) 100vw, 884px\" \/><\/p>\n<p style=\"text-align: justify;\">Viena es una ciudad que invita a descubrir\u00a0sus barrios de la ciudad, pasear por uno de sus numerosos mercados, unirte a una de sus exquisitas rutas gastron\u00f3micas.<\/p>\n<p style=\"text-align: justify;\">La m\u00fasica de<strong> VIENA<\/strong>,\u00a0sus teatros y las continuas exposiciones de\u00a0la ciudad gozan de fama mundial.\u00a0Y es que Viena destaca, como ninguna otra ciudad, por elevar la vida al escenario.<\/p>\n<p><a href=\"https:\/\/www.vsacomunicacion.com\/wp-content\/uploads\/2019\/10\/lona-publicitaria-barcelona-avenida-diagonal-482-turismo-de-viena-dia-vsa-comunicacion.jpg\" rel=\"attachment wp-att-5126\"><img decoding=\"async\" class=\"aligncenter size-full wp-image-5126\" src=\"https:\/\/www.vsacomunicacion.com\/wp-content\/uploads\/2019\/10\/lona-publicitaria-barcelona-avenida-diagonal-482-turismo-de-viena-dia-vsa-comunicacion.jpg\" alt=\"lona-publicitaria-barcelona-avenida-diagonal-482-turismo-de-viena-dia-vsa-comunicacion\" width=\"884\" height=\"626\" srcset=\"https:\/\/www.vsacomunicacion.com\/wp-content\/uploads\/2019\/10\/lona-publicitaria-barcelona-avenida-diagonal-482-turismo-de-viena-dia-vsa-comunicacion.jpg 884w, https:\/\/www.vsacomunicacion.com\/wp-content\/uploads\/2019\/10\/lona-publicitaria-barcelona-avenida-diagonal-482-turismo-de-viena-dia-vsa-comunicacion-300x212.jpg 300w, https:\/\/www.vsacomunicacion.com\/wp-content\/uploads\/2019\/10\/lona-publicitaria-barcelona-avenida-diagonal-482-turismo-de-viena-dia-vsa-comunicacion-768x544.jpg 768w\" sizes=\"(max-width: 884px) 100vw, 884px\" \/><\/a><\/p>\n<p style=\"text-align: justify;\">\u00bfQuieres\u00a0formar parte\u00a0de los que miran la gente disfrutar de la vida o de los que la viven? \u00bfQuieres ser de los que\u00a0les vale con lo que les dicen los dem\u00e1s o de los que se forjan su propia opini\u00f3n?<\/p>\n<p style=\"text-align: justify;\">\u00bfQui\u00e9n decide lo que te gusta? Descubre tu propia <strong>VIENA<\/strong>!!<\/p>\n","protected":false},"excerpt":{"rendered":"<p>Hoy en d\u00eda estamos todos expuestos a la opini\u00f3n de los dem\u00e1s, unas veces\u00a0puedes recibir cr\u00edticas\u00a0en positivo, otras en negativo. Lo mismo ocurre con productos que consumimos, lugares que viajamos, experiencias que vivimos&#8230; Y la ciudad de VIENA, lejos de [&hellip;]<\/p>\n","protected":false},"author":3,"featured_media":7884,"comment_status":"open","ping_status":"open","sticky":false,"template":"","format":"standard","meta":{"inline_featured_image":false,"footnotes":""},"categories":[1506,1488],"tags":[1704,1785,1678,1516,1664,1786,1705,1706,1701,1708,1693,1694,1656,1609,1581,1565,1585,1599,1586,1671,1787],"class_list":["post-11698","post","type-post","status-publish","format-standard","has-post-thumbnail","hentry","category-barcelona-en","category-lonas-publicitarias-en","tag-alto-prestigio-publicitario-en","tag-austria-en","tag-avenida-diagonal-en","tag-barcelona-en","tag-campana-publicitaria-en","tag-campana-turismo-de-viena-en","tag-centro-ciudad-en","tag-emplazamiento-premium-en","tag-espectacular-en","tag-formato-espectacular-en","tag-gran-formato-en","tag-gran-notoriedad-en","tag-lonas-gran-formato-en","tag-lonas-publicitarias-2-en","tag-lonas-publicitarias-barcelona-en","tag-publicidad-ciudades-en","tag-publicidad-exterior-en","tag-publicidad-gran-formato-en","tag-publicidad-urbana-en","tag-trafico-rodado-en","tag-viena-en"],"_links":{"self":[{"href":"https:\/\/www.vsacomunicacion.com\/en\/wp-json\/wp\/v2\/posts\/11698"}],"collection":[{"href":"https:\/\/www.vsacomunicacion.com\/en\/wp-json\/wp\/v2\/posts"}],"about":[{"href":"https:\/\/www.vsacomunicacion.com\/en\/wp-json\/wp\/v2\/types\/post"}],"author":[{"embeddable":true,"href":"https:\/\/www.vsacomunicacion.com\/en\/wp-json\/wp\/v2\/users\/3"}],"replies":[{"embeddable":true,"href":"https:\/\/www.vsacomunicacion.com\/en\/wp-json\/wp\/v2\/comments?post=11698"}],"version-history":[{"count":0,"href":"https:\/\/www.vsacomunicacion.com\/en\/wp-json\/wp\/v2\/posts\/11698\/revisions"}],"wp:featuredmedia":[{"embeddable":true,"href":"https:\/\/www.vsacomunicacion.com\/en\/wp-json\/wp\/v2\/media\/7884"}],"wp:attachment":[{"href":"https:\/\/www.vsacomunicacion.com\/en\/wp-json\/wp\/v2\/media?parent=11698"}],"wp:term":[{"taxonomy":"category","embeddable":true,"href":"https:\/\/www.vsacomunicacion.com\/en\/wp-json\/wp\/v2\/categories?post=11698"},{"taxonomy":"post_tag","embeddable":true,"href":"https:\/\/www.vsacomunicacion.com\/en\/wp-json\/wp\/v2\/tags?post=11698"}],"curies":[{"name":"wp","href":"https:\/\/api.w.org\/{rel}","templated":true}]}}