{"id":11700,"date":"2019-10-28T13:04:25","date_gmt":"2019-10-28T13:04:25","guid":{"rendered":"https:\/\/www.vsacomunicacion.com\/circuito-de-pyms-para-la-copa-davis-en-madrid\/"},"modified":"2019-10-28T13:04:25","modified_gmt":"2019-10-28T13:04:25","slug":"circuito-de-pyms-para-la-copa-davis-en-madrid","status":"publish","type":"post","link":"https:\/\/www.vsacomunicacion.com\/en\/circuito-de-pyms-para-la-copa-davis-en-madrid\/","title":{"rendered":"Circuito de PYM&#8217;S para la COPA DAVIS en Madrid"},"content":{"rendered":"<p style=\"text-align: justify;\"><strong>Madrid<\/strong> ha sido la ciudad elegida para albergar las primeras dos ediciones de las <strong>DAVIS CUP FINALS<\/strong>.<\/p>\n<p style=\"text-align: justify;\">Del 18 al 24 de noviembre de 2019 los dieciocho mejores equipos nacionales de todo el mundo se dar\u00e1n cita en la capital espa\u00f1ola,\u00a0seleccionada como sede por el Steering Committee de la competici\u00f3n.<\/p>\n<p style=\"text-align: justify;\">Si te gusta el tenis, entra en su p\u00e1gina <a href=\"https:\/\/www.daviscupfinals.com\/es\/entradas\/\" target=\"_blank\" rel=\"noopener\">web<\/a> y compra ya tus entradas!!<\/p>\n<p style=\"text-align: justify;\">Desde <strong>VSA COMUNICACION<\/strong> queremos agradecer la confianza depositada en nuestros soportes de publicidad exterior y nuestra experiencia, primero con la <a href=\"https:\/\/www.vsacomunicacion.com\/lona-publicitaria-de-la-copa-davis-en-madrid\/\">lona publicitaria<\/a> que os presentamos hace unos d\u00edas y ahora con nuestro Circuito de<strong> PYM&#8217;s<\/strong>, para su campa\u00f1a de publicidad exterior.<\/p>\n<p><a href=\"https:\/\/www.vsacomunicacion.com\/wp-content\/uploads\/2019\/10\/pym-madrid-villaverde-10-copa-davis-noche-vsa-comunicacion.jpg\" rel=\"attachment wp-att-5136\"><img fetchpriority=\"high\" decoding=\"async\" class=\"aligncenter size-full wp-image-5136\" src=\"https:\/\/www.vsacomunicacion.com\/wp-content\/uploads\/2019\/10\/pym-madrid-villaverde-10-copa-davis-noche-vsa-comunicacion.jpg\" alt=\"pym-madrid-villaverde-10-copa-davis-noche-vsa-comunicacion\" width=\"884\" height=\"626\" srcset=\"https:\/\/www.vsacomunicacion.com\/wp-content\/uploads\/2019\/10\/pym-madrid-villaverde-10-copa-davis-noche-vsa-comunicacion.jpg 884w, https:\/\/www.vsacomunicacion.com\/wp-content\/uploads\/2019\/10\/pym-madrid-villaverde-10-copa-davis-noche-vsa-comunicacion-300x212.jpg 300w, https:\/\/www.vsacomunicacion.com\/wp-content\/uploads\/2019\/10\/pym-madrid-villaverde-10-copa-davis-noche-vsa-comunicacion-768x544.jpg 768w\" sizes=\"(max-width: 884px) 100vw, 884px\" \/><\/a><\/p>\n<p style=\"text-align: justify;\">Las <strong>DAVIS CUP MADRID FINALS<\/strong> se celebrar\u00e1n en La Caja M\u00e1gica, instalaci\u00f3n vanguardista y de referencia a nivel europeo, dise\u00f1ada por el arquitecto franc\u00e9s Dominique Perrault. Se trata de un espacio multidisciplinar que a lo largo del a\u00f1o acoge diferentes acontecimientos. El recinto disfruta de tres estadios distintos, con capacidad desde los 12.500 hasta los 2.500 espectadores y se compone adicionalmente de otras \u00e1reas polivalentes de enormes dimensiones.<\/p>\n<p><a href=\"https:\/\/www.vsacomunicacion.com\/wp-content\/uploads\/2019\/10\/pym-madrid-ciudad-de-barcelona-89-copa-davis-dia-vsa-comunicacion.jpg\" rel=\"attachment wp-att-5137\"><img decoding=\"async\" class=\"aligncenter size-full wp-image-5137\" src=\"https:\/\/www.vsacomunicacion.com\/wp-content\/uploads\/2019\/10\/pym-madrid-ciudad-de-barcelona-89-copa-davis-dia-vsa-comunicacion.jpg\" alt=\"pym-madrid-ciudad-de-barcelona-89-copa-davis-dia-vsa-comunicacion\" width=\"884\" height=\"626\" srcset=\"https:\/\/www.vsacomunicacion.com\/wp-content\/uploads\/2019\/10\/pym-madrid-ciudad-de-barcelona-89-copa-davis-dia-vsa-comunicacion.jpg 884w, https:\/\/www.vsacomunicacion.com\/wp-content\/uploads\/2019\/10\/pym-madrid-ciudad-de-barcelona-89-copa-davis-dia-vsa-comunicacion-300x212.jpg 300w, https:\/\/www.vsacomunicacion.com\/wp-content\/uploads\/2019\/10\/pym-madrid-ciudad-de-barcelona-89-copa-davis-dia-vsa-comunicacion-768x544.jpg 768w\" sizes=\"(max-width: 884px) 100vw, 884px\" \/><\/a><\/p>\n<p style=\"text-align: justify;\">Sergi Bruguera, bicampe\u00f3n de Roland Garros, medalla de plata en los Juegos Ol\u00edmpicos de Atlanta\u201996 y ex n\u00famero tres del mundo, fue nombrado capit\u00e1n del equipo espa\u00f1ol de <strong>DAVIS CUP<\/strong> en octubre de 2017, expresa su opini\u00f3n ante los cambios realizados en esta competici\u00f3n:<\/p>\n<p style=\"text-align: justify;\"><em>&#8220;Es un formato con el que vas a ver a todos los equipos del mundo, con los mejores del mundo, en una semana, todos en el mismo sitio&#8230; A nivel espectador, puedes ver unos partidos incre\u00edbles durante toda la semana y creo que lo m\u00e1s importante es que este formato hace que tengas la posibilidad de que los mejores siempre vayan. Con el otro, hab\u00eda millones de veces que, por calendario, porque est\u00e1s jugando en Miami, luego tienes que ir a competir a Australia para luego a la siguiente semana jugar en tierra\u2026 es imposible. No es que no quieras, es que no se puede. Este formato no tiene nada que ver y entonces hay muchas m\u00e1s posibilidades de que los buenos jueguen, que es lo importante para la DAVIS CUP.&#8221;<\/em><\/p>\n<p style=\"text-align: justify;\">Amantes del tenis, ya lo sab\u00e9is!!! Del 18 al 24 de noviembre, en la Caja M\u00e1gica de Madrid,\u00a0<strong>DAVIS CUP FINALS!!<\/strong><\/p>\n","protected":false},"excerpt":{"rendered":"<p>Madrid ha sido la ciudad elegida para albergar las primeras dos ediciones de las DAVIS CUP FINALS. Del 18 al 24 de noviembre de 2019 los dieciocho mejores equipos nacionales de todo el mundo se dar\u00e1n cita en la capital [&hellip;]<\/p>\n","protected":false},"author":3,"featured_media":7887,"comment_status":"open","ping_status":"open","sticky":false,"template":"","format":"standard","meta":{"inline_featured_image":false,"footnotes":""},"categories":[1489,1593],"tags":[1788,1704,1664,1705,1781,1789,1693,1694,1499,1565,1585,1586,1676,1677,1790,1671],"class_list":["post-11700","post","type-post","status-publish","format-standard","has-post-thumbnail","hentry","category-madrid-en","category-pyms-en","tag-daviscupmadridfinals-en","tag-alto-prestigio-publicitario-en","tag-campana-publicitaria-en","tag-centro-ciudad-en","tag-circuito-urbano-en","tag-copa-davis-en","tag-gran-formato-en","tag-gran-notoriedad-en","tag-madrid-en","tag-publicidad-ciudades-en","tag-publicidad-exterior-en","tag-publicidad-urbana-en","tag-pyms-2-en","tag-pyms-madrid-en","tag-rakuten-en","tag-trafico-rodado-en"],"_links":{"self":[{"href":"https:\/\/www.vsacomunicacion.com\/en\/wp-json\/wp\/v2\/posts\/11700"}],"collection":[{"href":"https:\/\/www.vsacomunicacion.com\/en\/wp-json\/wp\/v2\/posts"}],"about":[{"href":"https:\/\/www.vsacomunicacion.com\/en\/wp-json\/wp\/v2\/types\/post"}],"author":[{"embeddable":true,"href":"https:\/\/www.vsacomunicacion.com\/en\/wp-json\/wp\/v2\/users\/3"}],"replies":[{"embeddable":true,"href":"https:\/\/www.vsacomunicacion.com\/en\/wp-json\/wp\/v2\/comments?post=11700"}],"version-history":[{"count":0,"href":"https:\/\/www.vsacomunicacion.com\/en\/wp-json\/wp\/v2\/posts\/11700\/revisions"}],"wp:featuredmedia":[{"embeddable":true,"href":"https:\/\/www.vsacomunicacion.com\/en\/wp-json\/wp\/v2\/media\/7887"}],"wp:attachment":[{"href":"https:\/\/www.vsacomunicacion.com\/en\/wp-json\/wp\/v2\/media?parent=11700"}],"wp:term":[{"taxonomy":"category","embeddable":true,"href":"https:\/\/www.vsacomunicacion.com\/en\/wp-json\/wp\/v2\/categories?post=11700"},{"taxonomy":"post_tag","embeddable":true,"href":"https:\/\/www.vsacomunicacion.com\/en\/wp-json\/wp\/v2\/tags?post=11700"}],"curies":[{"name":"wp","href":"https:\/\/api.w.org\/{rel}","templated":true}]}}